{"id":1013,"date":"2020-05-31T18:33:57","date_gmt":"2020-05-31T16:33:57","guid":{"rendered":"https:\/\/udruga-106br.hr\/?p=1013"},"modified":"2025-10-17T19:31:52","modified_gmt":"2025-10-17T17:31:52","slug":"licenje-zavoda-za-rehabilitaciju-u-bizovcu","status":"publish","type":"post","link":"https:\/\/udruga-106br.hr\/index.php\/licenje-zavoda-za-rehabilitaciju-u-bizovcu\/","title":{"rendered":"LI\u010cENJE ZAVODA ZA REHABILITACIJU U BIZOVCU"},"content":{"rendered":"<p>Na zamolbu pro\u010delnice Zavoda za fizikalnu medicinu i rehabilitaciju KBC Osijek doc. dr.sci. Mire Kadoi\u0107, za izvo\u0111enjem li\u010dila\u010dkih radova u prostorima Zavoda, Udruga 106. brigade uklju\u010dila se u aktivnost li\u010denja. Ovaj puta, tim za izvo\u0111enje li\u010dila\u010dkih radova \u010dinili su veterani 1. bojne 106. brigade, to\u010dnije, satnije iz Josipovca. Radnu skupinu sastavljenu od umirovljenika Josipova\u010dke satnije predvodio je bojnik u miru Ivan Majhen. Ostali li\u010dioci bili su: Slavko i Miroslav Merka\u0161, Ivica Kova\u010d, Zlatko Kova\u010d, Stjepan Borba\u0161, te Miroslav Julari\u0107.<\/p>\n<p><img loading=\"lazy\" decoding=\"async\" class=\"aligncenter size-full wp-image-1014\" src=\"https:\/\/udruga-106br.hr\/wp-content\/uploads\/2020\/05\/IMG-4d4f139b57ff65cd2c0b85324871f277-V.jpg\" alt=\"\" width=\"1600\" height=\"1200\" srcset=\"https:\/\/udruga-106br.hr\/wp-content\/uploads\/2020\/05\/IMG-4d4f139b57ff65cd2c0b85324871f277-V.jpg 1600w, https:\/\/udruga-106br.hr\/wp-content\/uploads\/2020\/05\/IMG-4d4f139b57ff65cd2c0b85324871f277-V-300x225.jpg 300w, https:\/\/udruga-106br.hr\/wp-content\/uploads\/2020\/05\/IMG-4d4f139b57ff65cd2c0b85324871f277-V-768x576.jpg 768w, https:\/\/udruga-106br.hr\/wp-content\/uploads\/2020\/05\/IMG-4d4f139b57ff65cd2c0b85324871f277-V-1024x768.jpg 1024w\" sizes=\"auto, (max-width: 1600px) 100vw, 1600px\" \/><\/p>\n<p>Predsjednik Udruge Ivan Bekavac, koji je obi\u0161ao radili\u0161te s pro\u010delnicom dr. Kadoi\u0107, koja je izrazila zahvalnost za u\u010dinjene radove, a radi se o li\u010denju oko 1000 m\u00b2 bolesni\u010dkih soba i hodnika na drugom i tre\u0107em katu Zavoda, naglasio je kako je dru\u0161tvena odgovornost podru\u010dje djelovanja na\u0161e Udruge i koja \u0107e se uvijek uklju\u010diti u svaku takovu aktivnost. Oboje su se zahvalili na\u0161im volonterima koji su, iako naru\u0161enog zdravlja, u \u010detiri dana zavr\u0161ili posao. Nagla\u0161eno je, da je Udruga 106. brigade otvorena za sve vidove dru\u0161tveno odgovorne pomo\u0107i, gdje na\u0161e znanje, htjenje i iskustvo mogu pomo\u0107i.<\/p>\n<p><img loading=\"lazy\" decoding=\"async\" class=\"aligncenter size-full wp-image-1015\" src=\"https:\/\/udruga-106br.hr\/wp-content\/uploads\/2020\/05\/IMG-518bcd8e2394d8c64da28dec2ce749be-V.jpg\" alt=\"\" width=\"1600\" height=\"1200\" srcset=\"https:\/\/udruga-106br.hr\/wp-content\/uploads\/2020\/05\/IMG-518bcd8e2394d8c64da28dec2ce749be-V.jpg 1600w, https:\/\/udruga-106br.hr\/wp-content\/uploads\/2020\/05\/IMG-518bcd8e2394d8c64da28dec2ce749be-V-300x225.jpg 300w, https:\/\/udruga-106br.hr\/wp-content\/uploads\/2020\/05\/IMG-518bcd8e2394d8c64da28dec2ce749be-V-768x576.jpg 768w, https:\/\/udruga-106br.hr\/wp-content\/uploads\/2020\/05\/IMG-518bcd8e2394d8c64da28dec2ce749be-V-1024x768.jpg 1024w\" sizes=\"auto, (max-width: 1600px) 100vw, 1600px\" \/><\/p>\n<p>Na taj na\u010din, iskazana je zahvalnost svih pripadnika 106. brigade svim medicinskim djelatnicima KBC Osijek, za u\u010dinjeno u Domovinskom ratu i danas, u sprje\u010davanju pandemije i lije\u010denju COVID-19.<\/p>\n<p><img loading=\"lazy\" decoding=\"async\" class=\"aligncenter size-full wp-image-1016\" src=\"https:\/\/udruga-106br.hr\/wp-content\/uploads\/2020\/05\/IMG-c64f357fe8b2fb978759d7ccc006de40-V.jpg\" alt=\"\" width=\"1600\" height=\"1200\" srcset=\"https:\/\/udruga-106br.hr\/wp-content\/uploads\/2020\/05\/IMG-c64f357fe8b2fb978759d7ccc006de40-V.jpg 1600w, https:\/\/udruga-106br.hr\/wp-content\/uploads\/2020\/05\/IMG-c64f357fe8b2fb978759d7ccc006de40-V-300x225.jpg 300w, https:\/\/udruga-106br.hr\/wp-content\/uploads\/2020\/05\/IMG-c64f357fe8b2fb978759d7ccc006de40-V-768x576.jpg 768w, https:\/\/udruga-106br.hr\/wp-content\/uploads\/2020\/05\/IMG-c64f357fe8b2fb978759d7ccc006de40-V-1024x768.jpg 1024w\" sizes=\"auto, (max-width: 1600px) 100vw, 1600px\" \/><\/p>\n<!-- AddThis Advanced Settings generic via filter on the_content --><!-- AddThis Share Buttons generic via filter on the_content -->","protected":false},"excerpt":{"rendered":"<p>Na zamolbu pro\u010delnice Zavoda za fizikalnu medicinu i rehabilitaciju KBC Osijek doc. dr.sci. Mire Kadoi\u0107, za izvo\u0111enjem li\u010dila\u010dkih radova u prostorima Zavoda, Udruga 106. brigade uklju\u010dila se u aktivnost li\u010denja. Ovaj puta, tim za izvo\u0111enje li\u010dila\u010dkih radova \u010dinili su veterani 1. bojne 106. brigade, to\u010dnije, satnije iz Josipovca. Radnu skupinu sastavljenu od umirovljenika Josipova\u010dke satnije &hellip; <a href=\"https:\/\/udruga-106br.hr\/index.php\/licenje-zavoda-za-rehabilitaciju-u-bizovcu\/\" class=\"more-link\">Nastavi \u010ditati <span class=\"screen-reader-text\">LI\u010cENJE ZAVODA ZA REHABILITACIJU U BIZOVCU<\/span><\/a><!-- AddThis Advanced Settings generic via filter on get_the_excerpt --><!-- AddThis Share Buttons generic via filter on get_the_excerpt --><\/p>\n","protected":false},"author":2,"featured_media":1017,"comment_status":"open","ping_status":"open","sticky":false,"template":"","format":"standard","meta":{"footnotes":""},"categories":[32],"tags":[],"class_list":["post-1013","post","type-post","status-publish","format-standard","has-post-thumbnail","hentry","category-iz-zivota-udruge"],"_links":{"self":[{"href":"https:\/\/udruga-106br.hr\/index.php\/wp-json\/wp\/v2\/posts\/1013","targetHints":{"allow":["GET"]}}],"collection":[{"href":"https:\/\/udruga-106br.hr\/index.php\/wp-json\/wp\/v2\/posts"}],"about":[{"href":"https:\/\/udruga-106br.hr\/index.php\/wp-json\/wp\/v2\/types\/post"}],"author":[{"embeddable":true,"href":"https:\/\/udruga-106br.hr\/index.php\/wp-json\/wp\/v2\/users\/2"}],"replies":[{"embeddable":true,"href":"https:\/\/udruga-106br.hr\/index.php\/wp-json\/wp\/v2\/comments?post=1013"}],"version-history":[{"count":1,"href":"https:\/\/udruga-106br.hr\/index.php\/wp-json\/wp\/v2\/posts\/1013\/revisions"}],"predecessor-version":[{"id":1018,"href":"https:\/\/udruga-106br.hr\/index.php\/wp-json\/wp\/v2\/posts\/1013\/revisions\/1018"}],"wp:featuredmedia":[{"embeddable":true,"href":"https:\/\/udruga-106br.hr\/index.php\/wp-json\/wp\/v2\/media\/1017"}],"wp:attachment":[{"href":"https:\/\/udruga-106br.hr\/index.php\/wp-json\/wp\/v2\/media?parent=1013"}],"wp:term":[{"taxonomy":"category","embeddable":true,"href":"https:\/\/udruga-106br.hr\/index.php\/wp-json\/wp\/v2\/categories?post=1013"},{"taxonomy":"post_tag","embeddable":true,"href":"https:\/\/udruga-106br.hr\/index.php\/wp-json\/wp\/v2\/tags?post=1013"}],"curies":[{"name":"wp","href":"https:\/\/api.w.org\/{rel}","templated":true}]}}