{"id":1024,"date":"2020-06-03T20:24:30","date_gmt":"2020-06-03T18:24:30","guid":{"rendered":"https:\/\/udruga-106br.hr\/?p=1024"},"modified":"2025-10-17T19:31:52","modified_gmt":"2025-10-17T17:31:52","slug":"promicanja-pripadnika-oruzanih-snaga-republike-hrvatske","status":"publish","type":"post","link":"https:\/\/udruga-106br.hr\/index.php\/promicanja-pripadnika-oruzanih-snaga-republike-hrvatske\/","title":{"rendered":"Promicanja pripadnika Oru\u017eanih snaga Republike Hrvatske"},"content":{"rendered":"<p>Predsjednik Republike i vrhovni zapovjednik Oru\u017eanih snaga Republike Hrvatske Zoran Milanovi\u0107 sudjelovao je u programu u prigodi obilje\u017eavanja Dana Hrvatske vojske i Dana Hrvatske kopnene vojske na Hrvatskom vojnom u\u010dili\u0161tu \u201eDr. Franjo Tu\u0111man\u201c. Predsjednik je na temelju svojih ustavnih i zakonskih ovlasti, na prijedlog Ministarstva obrane, donio odluku o promicanjima i pohvalama za 136 pripadnica i pripadnika Oru\u017eanih snaga Republike Hrvatske.<\/p>\n<p>Na sve\u010danom prijamu uprili\u010den na Pantov\u010daku u povodu 29. obljetnice Oru\u017eanih snaga RH, promaknuo je djelatne generale, u \u010din general-bojnika promaknut je izme\u0111u ostalih brigadni general <strong>Denis Tretinjak<\/strong>, a u \u010din brigadnog generala promaknuti su brigadir <strong>Tomislav Gali\u0107<\/strong> i brigadir<strong> \u017deljko Ljubas<\/strong>.<\/p>\n<p>Svi promaknuti generali su Osje\u010dani na \u0161to smo posebno ponosni, dakako \u010destitamo i ostalim \u010dasnicima i do\u010dasnicima koji su promaknuti.<\/p>\n<p>Denis Tretinjak, general bojnik, \u00a0na\u010delnik je Uprave za planiranje GS OSRH (J5).<\/p>\n<p>\u017deljko Ljubas, brigadni general, zapovjednik je Zapovjedni\u0161tva za obuku i doktrinu &#8220;Fran Krsto Frankopan&#8221; HKoV u Osijeku.<\/p>\n<p>Tomislav Gali\u0107, brigadni general, bio je na\u00a0 mjestu na\u010delnika Sektora za me\u0111unarodnu sigurnost i obrambenu suradnju, a trenutno preuzima du\u017enost vojnog izaslanika Republike Hrvatske u USA u Washingtonu.<\/p>\n<p><img loading=\"lazy\" decoding=\"async\" class=\"aligncenter size-full wp-image-1025\" src=\"https:\/\/udruga-106br.hr\/wp-content\/uploads\/2020\/06\/Galic_Pancer.jpg\" alt=\"\" width=\"1387\" height=\"1040\" srcset=\"https:\/\/udruga-106br.hr\/wp-content\/uploads\/2020\/06\/Galic_Pancer.jpg 1387w, https:\/\/udruga-106br.hr\/wp-content\/uploads\/2020\/06\/Galic_Pancer-300x225.jpg 300w, https:\/\/udruga-106br.hr\/wp-content\/uploads\/2020\/06\/Galic_Pancer-768x576.jpg 768w, https:\/\/udruga-106br.hr\/wp-content\/uploads\/2020\/06\/Galic_Pancer-1024x768.jpg 1024w\" sizes=\"auto, (max-width: 1387px) 100vw, 1387px\" \/><\/p>\n<p>S posebnim ponosom isti\u010demo da je Tomislav Gali\u0107 vojnu karijeru zapo\u010deo u 106. brigadi, kao dragovoljac, pripadnik za\u0161titnog voda, student Gra\u0111evinskog fakulteta u Osijeku. Obzirom na iskazanu disciplinu, domoljublje i temeljitost u izvr\u0161avanju zada\u0107a, brzo je napredovao od referenta prometne slu\u017ebe u brigadi do na\u010delnika prometne slu\u017ebe Zbornog podru\u010dja. Ubrzo je iste poslove radio u Glavnom sto\u017eeru, odakle je upu\u0107en na \u0161kolovanje u Hamburg koje zavr\u0161ava kao \u201emaxima cum laude\u201c, najbolji student od doma\u0107ih i stranih studenata. Poslije zavr\u0161ene \u0161kole u vi\u0161e mandata bio je vojni izaslanik Republike Hrvatske u Be\u010du, Berlinu i danas Washingtonu.<\/p>\n<!-- AddThis Advanced Settings generic via filter on the_content --><!-- AddThis Share Buttons generic via filter on the_content -->","protected":false},"excerpt":{"rendered":"<p>Predsjednik Republike i vrhovni zapovjednik Oru\u017eanih snaga Republike Hrvatske Zoran Milanovi\u0107 sudjelovao je u programu u prigodi obilje\u017eavanja Dana Hrvatske vojske i Dana Hrvatske kopnene vojske na Hrvatskom vojnom u\u010dili\u0161tu \u201eDr. Franjo Tu\u0111man\u201c. Predsjednik je na temelju svojih ustavnih i zakonskih ovlasti, na prijedlog Ministarstva obrane, donio odluku o promicanjima i pohvalama za 136 pripadnica &hellip; <a href=\"https:\/\/udruga-106br.hr\/index.php\/promicanja-pripadnika-oruzanih-snaga-republike-hrvatske\/\" class=\"more-link\">Nastavi \u010ditati <span class=\"screen-reader-text\">Promicanja pripadnika Oru\u017eanih snaga Republike Hrvatske<\/span><\/a><!-- AddThis Advanced Settings generic via filter on get_the_excerpt --><!-- AddThis Share Buttons generic via filter on get_the_excerpt --><\/p>\n","protected":false},"author":2,"featured_media":1026,"comment_status":"open","ping_status":"open","sticky":false,"template":"","format":"standard","meta":{"footnotes":""},"categories":[32],"tags":[],"class_list":["post-1024","post","type-post","status-publish","format-standard","has-post-thumbnail","hentry","category-iz-zivota-udruge"],"_links":{"self":[{"href":"https:\/\/udruga-106br.hr\/index.php\/wp-json\/wp\/v2\/posts\/1024","targetHints":{"allow":["GET"]}}],"collection":[{"href":"https:\/\/udruga-106br.hr\/index.php\/wp-json\/wp\/v2\/posts"}],"about":[{"href":"https:\/\/udruga-106br.hr\/index.php\/wp-json\/wp\/v2\/types\/post"}],"author":[{"embeddable":true,"href":"https:\/\/udruga-106br.hr\/index.php\/wp-json\/wp\/v2\/users\/2"}],"replies":[{"embeddable":true,"href":"https:\/\/udruga-106br.hr\/index.php\/wp-json\/wp\/v2\/comments?post=1024"}],"version-history":[{"count":1,"href":"https:\/\/udruga-106br.hr\/index.php\/wp-json\/wp\/v2\/posts\/1024\/revisions"}],"predecessor-version":[{"id":1027,"href":"https:\/\/udruga-106br.hr\/index.php\/wp-json\/wp\/v2\/posts\/1024\/revisions\/1027"}],"wp:featuredmedia":[{"embeddable":true,"href":"https:\/\/udruga-106br.hr\/index.php\/wp-json\/wp\/v2\/media\/1026"}],"wp:attachment":[{"href":"https:\/\/udruga-106br.hr\/index.php\/wp-json\/wp\/v2\/media?parent=1024"}],"wp:term":[{"taxonomy":"category","embeddable":true,"href":"https:\/\/udruga-106br.hr\/index.php\/wp-json\/wp\/v2\/categories?post=1024"},{"taxonomy":"post_tag","embeddable":true,"href":"https:\/\/udruga-106br.hr\/index.php\/wp-json\/wp\/v2\/tags?post=1024"}],"curies":[{"name":"wp","href":"https:\/\/api.w.org\/{rel}","templated":true}]}}