{"id":1030,"date":"2020-06-23T18:56:23","date_gmt":"2020-06-23T16:56:23","guid":{"rendered":"https:\/\/udruga-106br.hr\/?p=1030"},"modified":"2025-10-17T21:54:33","modified_gmt":"2025-10-17T19:54:33","slug":"redovna-izborna-skupstina-udruge-106-brigade-zng-rh","status":"publish","type":"post","link":"https:\/\/udruga-106br.hr\/index.php\/redovna-izborna-skupstina-udruge-106-brigade-zng-rh\/","title":{"rendered":"Redovna izborna Skup\u0161tina Udruge 106. brigade ZNG RH"},"content":{"rendered":"<p>U sjedi\u0161tu Udruge, dana 19. lipnja 2020. godine, s po\u010detkom 10.00 sati odr\u017eana je Redovna izborna Skup\u0161tina Udruge s dnevnim redom:<\/p>\n<ol>\n<li><strong>Izbor radnih tijela Redovne izborne Skup\u0161tine:<\/strong><br \/>\n&#8211; radnog predsjedni\u0161tva &#8211; \u017d. Ko\u017eul, predsjednik i dva \u010dlana: F. Wertag i Z. Peri\u0107<br \/>\n&#8211; verifikacijskog povjerenstva &#8211; A. Ursa, predsjednik; Kre\u0161imir Baraba\u0161, i \u0110. Bali\u0107<br \/>\n&#8211; zapisni\u010dar &#8211; Damir Zrno<br \/>\n&#8211; dva ovjerovitelja zapisnika \/ Darko Fapali i A. Hrani\u0107\/<br \/>\n&#8211; izbornog povjerenstva \/ M. Julari\u0107, G. Zahiti i I. Tu\u0161evski)<\/li>\n<li><strong>Izvje\u0161\u0107e o radu Udruge od Izborne Skup\u0161tine 2016. \u2013 19. lipnja 2020. godine<\/strong><br \/>\n&#8211; Financijsko izvje\u0161\u0107e<br \/>\n&#8211; Izvje\u0161\u0107e Nadzornog odbora<br \/>\n&#8211; Izvje\u0161\u0107e Suda \u010dasti<br \/>\n&#8211; Verifikacija zapisnika s prethodne sjednice Skup\u0161tine odr\u017eane 27. 12. 2019.<\/li>\n<li><strong>Utvr\u0111ivanje broja nazo\u010dnih \u010dlanova i kvorum<\/strong><\/li>\n<li><strong>Razrje\u0161avanje mandata tijela Udruge izabranih u proteklom razdoblju<\/strong> (predsjednika, dopredsjednika, tajnika, Predsjedni\u0161tva, Suda \u010dasti i Nadzornog odbora<\/li>\n<li><strong>Prijedlozi za izbor novih tijela Udruge s mandatom od 4 godine:<\/strong><br \/>\n&#8211; predsjednika Udruge<br \/>\n&#8211; dopredsjednika Udruge<br \/>\n&#8211; Predsjedni\u0161tva Udruge<br \/>\n&#8211; Suda \u010dasti Udruge<br \/>\n&#8211; Nadzornog odbora Udrug<\/li>\n<li><strong>Prijedlog Plana rada Udruge, izabranog predsjednik<\/strong><\/li>\n<li><strong>Prijedlog rebalansa Financijskog plana za 2020. godinu i Projekcije financijskog plana do 2022. godin<\/strong><\/li>\n<li><strong>Dono\u0161enje odluke Skup\u0161tine Udruge o profesionalizaciji funkcije tajnika Udrug<\/strong><\/li>\n<li><strong>Razno<\/strong><\/li>\n<\/ol>\n<p><img loading=\"lazy\" decoding=\"async\" class=\"aligncenter size-full wp-image-1032\" src=\"https:\/\/udruga-106br.hr\/wp-content\/uploads\/2020\/06\/P1000301.jpg\" alt=\"\" width=\"4112\" height=\"3088\" srcset=\"https:\/\/udruga-106br.hr\/wp-content\/uploads\/2020\/06\/P1000301.jpg 4112w, https:\/\/udruga-106br.hr\/wp-content\/uploads\/2020\/06\/P1000301-300x225.jpg 300w, https:\/\/udruga-106br.hr\/wp-content\/uploads\/2020\/06\/P1000301-768x577.jpg 768w, https:\/\/udruga-106br.hr\/wp-content\/uploads\/2020\/06\/P1000301-1024x769.jpg 1024w\" sizes=\"auto, (max-width: 4112px) 100vw, 4112px\" \/><\/p>\n<p>Predsjednik Udruge podnio je izvje\u0161\u0107e o radu, financijsko izvje\u0161\u0107e, izvje\u0161\u0107e nadzornog odbora i suda \u010dasti za protekli \u010detverogodi\u0161nji mandat 2016.- 2020. godina.<\/p>\n<p>Skup\u0161tina je prihvatila izvje\u0161\u0107a i izabrala novo vodstvo za slijede\u0107e 4 godine. Za predsjednika je izabran Ivan Bekavac, dopredsjednika Dubravko Panci\u0107 i tajnika Damir Zrno.<\/p>\n<p>Usvojen je plan rada, financijski plan, te Strate\u0161ki plan Udruge do 2025. godine, usvojen je prijedlog za osnivanje odbora za obilje\u017eavanje 30 godina osnutka 106. brigade, koji je 28.06.2021. godine.<\/p>\n<p>Svo \u010dlanstvo pozvano je na sve\u010dano otvaranje plo\u010de kojom se Ju\u017ena obilaznica preimenuje u Obilaznicu 106. brigade, koja \u0107e se odr\u017eati u nedjelju 28. lipnja, kod spomenika Vrata slobode u Nemetinu, s po\u010detkom u 9 sati.<\/p>\n<p><img loading=\"lazy\" decoding=\"async\" class=\"aligncenter size-full wp-image-1034\" src=\"https:\/\/udruga-106br.hr\/wp-content\/uploads\/2020\/06\/P1000307.jpg\" alt=\"\" width=\"4112\" height=\"3088\" srcset=\"https:\/\/udruga-106br.hr\/wp-content\/uploads\/2020\/06\/P1000307.jpg 4112w, https:\/\/udruga-106br.hr\/wp-content\/uploads\/2020\/06\/P1000307-300x225.jpg 300w, https:\/\/udruga-106br.hr\/wp-content\/uploads\/2020\/06\/P1000307-768x577.jpg 768w, https:\/\/udruga-106br.hr\/wp-content\/uploads\/2020\/06\/P1000307-1024x769.jpg 1024w\" sizes=\"auto, (max-width: 4112px) 100vw, 4112px\" \/><\/p>\n<!-- AddThis Advanced Settings generic via filter on the_content --><!-- AddThis Share Buttons generic via filter on the_content -->","protected":false},"excerpt":{"rendered":"<p>U sjedi\u0161tu Udruge, dana 19. lipnja 2020. godine, s po\u010detkom 10.00 sati odr\u017eana je Redovna izborna Skup\u0161tina Udruge s dnevnim redom: Izbor radnih tijela Redovne izborne Skup\u0161tine: &#8211; radnog predsjedni\u0161tva &#8211; \u017d. Ko\u017eul, predsjednik i dva \u010dlana: F. Wertag i Z. Peri\u0107 &#8211; verifikacijskog povjerenstva &#8211; A. Ursa, predsjednik; Kre\u0161imir Baraba\u0161, i \u0110. Bali\u0107 &#8211; &hellip; <a href=\"https:\/\/udruga-106br.hr\/index.php\/redovna-izborna-skupstina-udruge-106-brigade-zng-rh\/\" class=\"more-link\">Nastavi \u010ditati <span class=\"screen-reader-text\">Redovna izborna Skup\u0161tina Udruge 106. brigade ZNG RH<\/span><\/a><!-- AddThis Advanced Settings generic via filter on get_the_excerpt --><!-- AddThis Share Buttons generic via filter on get_the_excerpt --><\/p>\n","protected":false},"author":2,"featured_media":1032,"comment_status":"open","ping_status":"open","sticky":false,"template":"","format":"standard","meta":{"footnotes":""},"categories":[32],"tags":[],"class_list":["post-1030","post","type-post","status-publish","format-standard","has-post-thumbnail","hentry","category-iz-zivota-udruge"],"_links":{"self":[{"href":"https:\/\/udruga-106br.hr\/index.php\/wp-json\/wp\/v2\/posts\/1030","targetHints":{"allow":["GET"]}}],"collection":[{"href":"https:\/\/udruga-106br.hr\/index.php\/wp-json\/wp\/v2\/posts"}],"about":[{"href":"https:\/\/udruga-106br.hr\/index.php\/wp-json\/wp\/v2\/types\/post"}],"author":[{"embeddable":true,"href":"https:\/\/udruga-106br.hr\/index.php\/wp-json\/wp\/v2\/users\/2"}],"replies":[{"embeddable":true,"href":"https:\/\/udruga-106br.hr\/index.php\/wp-json\/wp\/v2\/comments?post=1030"}],"version-history":[{"count":3,"href":"https:\/\/udruga-106br.hr\/index.php\/wp-json\/wp\/v2\/posts\/1030\/revisions"}],"predecessor-version":[{"id":1036,"href":"https:\/\/udruga-106br.hr\/index.php\/wp-json\/wp\/v2\/posts\/1030\/revisions\/1036"}],"wp:featuredmedia":[{"embeddable":true,"href":"https:\/\/udruga-106br.hr\/index.php\/wp-json\/wp\/v2\/media\/1032"}],"wp:attachment":[{"href":"https:\/\/udruga-106br.hr\/index.php\/wp-json\/wp\/v2\/media?parent=1030"}],"wp:term":[{"taxonomy":"category","embeddable":true,"href":"https:\/\/udruga-106br.hr\/index.php\/wp-json\/wp\/v2\/categories?post=1030"},{"taxonomy":"post_tag","embeddable":true,"href":"https:\/\/udruga-106br.hr\/index.php\/wp-json\/wp\/v2\/tags?post=1030"}],"curies":[{"name":"wp","href":"https:\/\/api.w.org\/{rel}","templated":true}]}}