{"id":1037,"date":"2020-06-29T09:05:52","date_gmt":"2020-06-29T07:05:52","guid":{"rendered":"https:\/\/udruga-106br.hr\/?p=1037"},"modified":"2025-10-17T19:31:52","modified_gmt":"2025-10-17T17:31:52","slug":"obiljezavanje-28-lipnja-dan-106-brigade-zng-rh-dan-osjeckih-branitelja-i-dan-hrvatskog-dragovoljca","status":"publish","type":"post","link":"https:\/\/udruga-106br.hr\/index.php\/obiljezavanje-28-lipnja-dan-106-brigade-zng-rh-dan-osjeckih-branitelja-i-dan-hrvatskog-dragovoljca\/","title":{"rendered":"Obilje\u017eavanje 28. lipnja &#8211; Dan 106. brigade ZNG RH, Dan osje\u010dkih branitelja i Dan hrvatskog dragovoljca"},"content":{"rendered":"<p><strong>Dan 106 .brigade ZNG RH, Dan osje\u010dkih branitelja i Dan hrvatskog dragovoljca Osje\u010dko-baranjske \u017eupanije, obilje\u017een je skromno zbog preporu\u010denih mjera Covida-19.\u00a0<\/strong><\/p>\n<p>Obilje\u017eavanje 28. lipnja zapo\u010delo je u 9 sati sve\u010danim otkrivanjem obavijesne plo\u010de o imenovanju Ju\u017ene obilaznice grada Osijeka u Obilaznicu 106. brigade ZNG RH. Sve\u010danom otkrivanju osim izaslanstava braniteljskih udruga nazo\u010dili su izaslanik Ministra hrvatskih branitelja g. Antun Bla\u017eevi\u0107, predstavnici Osje\u010dko-baranjske \u017eupanije, Grada, policije i hrvatske vojske. Plo\u010du i cijelu obilaznicu posvetio je fra Josip Vukoja iz \u017eupe Svete Obitelji Juga 2.<\/p>\n<p>https:\/\/youtu.be\/m98OCrQcWXM<\/p>\n<p>Obilaznica 106. brigade ZNG RH du\u017eine je 23 km i dio je dr\u017eavne ceste D2, koja ide od Vara\u017edina do Iloka. Velikim dijelom njene trase naro\u010dito njenim isto\u010dnim dijelom i\u0161la je prva crta obrane grada Osijeka, \u0161to je glavni razlog na\u0161e \u017eelje za njenim preimenovanjem.<\/p>\n<p>Ovim doga\u0111ajem zavr\u0161ili smo projekt koji je zapo\u010det 2016. godine, za koji smo imali potporu \u017dupana, Gradona\u010delnika, Predsjednika Gradskog vije\u0107a, no gradska administracija i pojedini pro\u010delnici nisu podr\u017eali na\u0161u inicijativu, te se stoga proces koji traje par mjeseci odu\u017eio 4 godine. \u00a0\u017dao nam je \u0161to smo odustali i \u0161to administracija nije prepoznala naziv Avenija 106. brigade i pristali na kompromis obilaznice. Naime, za pretpostaviti je da \u0107e se grad \u0161iriti prema jugu \u010dime bi na\u0161a Avenija postala prometna \u017eila kucavica grada, a funkcija \u201eobilaznice\u201c bi se zaboravila.<\/p>\n<p>Nakon ovoga predstoji nam provo\u0111enje 2. faze, a to je hortikulturalno ure\u0111enje obilaznice.<\/p>\n<p>Sve planirane sportske i ostale aktivnosti suspendirane su osim malonogometnog turnira na Filipovici i biciklisti\u010dkog maratona Virovitica-Osijek.<\/p>\n<!-- AddThis Advanced Settings generic via filter on the_content --><!-- AddThis Share Buttons generic via filter on the_content -->","protected":false},"excerpt":{"rendered":"<p>Dan 106 .brigade ZNG RH, Dan osje\u010dkih branitelja i Dan hrvatskog dragovoljca Osje\u010dko-baranjske \u017eupanije, obilje\u017een je skromno zbog preporu\u010denih mjera Covida-19.\u00a0 Obilje\u017eavanje 28. lipnja zapo\u010delo je u 9 sati sve\u010danim otkrivanjem obavijesne plo\u010de o imenovanju Ju\u017ene obilaznice grada Osijeka u Obilaznicu 106. brigade ZNG RH. Sve\u010danom otkrivanju osim izaslanstava braniteljskih udruga nazo\u010dili su izaslanik Ministra &hellip; <a href=\"https:\/\/udruga-106br.hr\/index.php\/obiljezavanje-28-lipnja-dan-106-brigade-zng-rh-dan-osjeckih-branitelja-i-dan-hrvatskog-dragovoljca\/\" class=\"more-link\">Nastavi \u010ditati <span class=\"screen-reader-text\">Obilje\u017eavanje 28. lipnja &#8211; Dan 106. brigade ZNG RH, Dan osje\u010dkih branitelja i Dan hrvatskog dragovoljca<\/span><\/a><!-- AddThis Advanced Settings generic via filter on get_the_excerpt --><!-- AddThis Share Buttons generic via filter on get_the_excerpt --><\/p>\n","protected":false},"author":2,"featured_media":1038,"comment_status":"open","ping_status":"open","sticky":false,"template":"","format":"standard","meta":{"footnotes":""},"categories":[32],"tags":[],"class_list":["post-1037","post","type-post","status-publish","format-standard","has-post-thumbnail","hentry","category-iz-zivota-udruge"],"_links":{"self":[{"href":"https:\/\/udruga-106br.hr\/index.php\/wp-json\/wp\/v2\/posts\/1037","targetHints":{"allow":["GET"]}}],"collection":[{"href":"https:\/\/udruga-106br.hr\/index.php\/wp-json\/wp\/v2\/posts"}],"about":[{"href":"https:\/\/udruga-106br.hr\/index.php\/wp-json\/wp\/v2\/types\/post"}],"author":[{"embeddable":true,"href":"https:\/\/udruga-106br.hr\/index.php\/wp-json\/wp\/v2\/users\/2"}],"replies":[{"embeddable":true,"href":"https:\/\/udruga-106br.hr\/index.php\/wp-json\/wp\/v2\/comments?post=1037"}],"version-history":[{"count":1,"href":"https:\/\/udruga-106br.hr\/index.php\/wp-json\/wp\/v2\/posts\/1037\/revisions"}],"predecessor-version":[{"id":1039,"href":"https:\/\/udruga-106br.hr\/index.php\/wp-json\/wp\/v2\/posts\/1037\/revisions\/1039"}],"wp:featuredmedia":[{"embeddable":true,"href":"https:\/\/udruga-106br.hr\/index.php\/wp-json\/wp\/v2\/media\/1038"}],"wp:attachment":[{"href":"https:\/\/udruga-106br.hr\/index.php\/wp-json\/wp\/v2\/media?parent=1037"}],"wp:term":[{"taxonomy":"category","embeddable":true,"href":"https:\/\/udruga-106br.hr\/index.php\/wp-json\/wp\/v2\/categories?post=1037"},{"taxonomy":"post_tag","embeddable":true,"href":"https:\/\/udruga-106br.hr\/index.php\/wp-json\/wp\/v2\/tags?post=1037"}],"curies":[{"name":"wp","href":"https:\/\/api.w.org\/{rel}","templated":true}]}}