{"id":1045,"date":"2020-07-08T09:36:40","date_gmt":"2020-07-08T07:36:40","guid":{"rendered":"https:\/\/udruga-106br.hr\/?p=1045"},"modified":"2025-10-17T19:31:52","modified_gmt":"2025-10-17T17:31:52","slug":"7-srpnja-obljetnica-okupacije-mjesta-celije","status":"publish","type":"post","link":"https:\/\/udruga-106br.hr\/index.php\/7-srpnja-obljetnica-okupacije-mjesta-celije\/","title":{"rendered":"7. srpnja obljetnica okupacije mjesta \u0106elije"},"content":{"rendered":"<p style=\"text-align: center;\"><strong>7. srpnja tu\u017ena obljetnica okupacije mjesta \u0106elije.<\/strong><\/p>\n<p>https:\/\/youtu.be\/g3_UGr55-5c<\/p>\n<p>Kao i svake godine izaslanstva Sabora, Vlade, ministarstva hrvatskih branitelja, Vukovarsko-srijemske \u017eupanije i grada Vinkovaca kao i niza braniteljskih udruga, polo\u017eila su vijence i zapalila svije\u0107e ispred oba spomenika.<\/p>\n<p><img loading=\"lazy\" decoding=\"async\" class=\"aligncenter size-full wp-image-1046\" src=\"https:\/\/udruga-106br.hr\/wp-content\/uploads\/2020\/07\/IMG_20200707_184659.jpg\" alt=\"\" width=\"3840\" height=\"2160\" srcset=\"https:\/\/udruga-106br.hr\/wp-content\/uploads\/2020\/07\/IMG_20200707_184659.jpg 3840w, https:\/\/udruga-106br.hr\/wp-content\/uploads\/2020\/07\/IMG_20200707_184659-300x169.jpg 300w, https:\/\/udruga-106br.hr\/wp-content\/uploads\/2020\/07\/IMG_20200707_184659-768x432.jpg 768w, https:\/\/udruga-106br.hr\/wp-content\/uploads\/2020\/07\/IMG_20200707_184659-1024x576.jpg 1024w\" sizes=\"auto, (max-width: 3840px) 100vw, 3840px\" \/><\/p>\n<p>Udrugu su predstavljali i zapalili svije\u0107e dopredsjednik Dubravko Panci\u0107,\u00a0 i tajnik Damir Zrno.<\/p>\n<p><img loading=\"lazy\" decoding=\"async\" class=\"aligncenter size-full wp-image-1049\" src=\"https:\/\/udruga-106br.hr\/wp-content\/uploads\/2020\/07\/IMG_20200707_184710.jpg\" alt=\"\" width=\"3840\" height=\"2160\" srcset=\"https:\/\/udruga-106br.hr\/wp-content\/uploads\/2020\/07\/IMG_20200707_184710.jpg 3840w, https:\/\/udruga-106br.hr\/wp-content\/uploads\/2020\/07\/IMG_20200707_184710-300x169.jpg 300w, https:\/\/udruga-106br.hr\/wp-content\/uploads\/2020\/07\/IMG_20200707_184710-768x432.jpg 768w, https:\/\/udruga-106br.hr\/wp-content\/uploads\/2020\/07\/IMG_20200707_184710-1024x576.jpg 1024w\" sizes=\"auto, (max-width: 3840px) 100vw, 3840px\" \/><\/p>\n<p><img loading=\"lazy\" decoding=\"async\" class=\"aligncenter size-full wp-image-1047\" src=\"https:\/\/udruga-106br.hr\/wp-content\/uploads\/2020\/07\/IMG_20200707_192703.jpg\" alt=\"\" width=\"3840\" height=\"2160\" srcset=\"https:\/\/udruga-106br.hr\/wp-content\/uploads\/2020\/07\/IMG_20200707_192703.jpg 3840w, https:\/\/udruga-106br.hr\/wp-content\/uploads\/2020\/07\/IMG_20200707_192703-300x169.jpg 300w, https:\/\/udruga-106br.hr\/wp-content\/uploads\/2020\/07\/IMG_20200707_192703-768x432.jpg 768w, https:\/\/udruga-106br.hr\/wp-content\/uploads\/2020\/07\/IMG_20200707_192703-1024x576.jpg 1024w\" sizes=\"auto, (max-width: 3840px) 100vw, 3840px\" \/><\/p>\n<p>&nbsp;<\/p>\n<p>&nbsp;<\/p>\n<!-- AddThis Advanced Settings generic via filter on the_content --><!-- AddThis Share Buttons generic via filter on the_content -->","protected":false},"excerpt":{"rendered":"<p>7. srpnja tu\u017ena obljetnica okupacije mjesta \u0106elije. https:\/\/youtu.be\/g3_UGr55-5c Kao i svake godine izaslanstva Sabora, Vlade, ministarstva hrvatskih branitelja, Vukovarsko-srijemske \u017eupanije i grada Vinkovaca kao i niza braniteljskih udruga, polo\u017eila su vijence i zapalila svije\u0107e ispred oba spomenika. Udrugu su predstavljali i zapalili svije\u0107e dopredsjednik Dubravko Panci\u0107,\u00a0 i tajnik Damir Zrno. &nbsp; &nbsp;<!-- AddThis Advanced Settings generic via filter on get_the_excerpt --><!-- AddThis Share Buttons generic via filter on get_the_excerpt --><\/p>\n","protected":false},"author":2,"featured_media":1048,"comment_status":"open","ping_status":"open","sticky":false,"template":"","format":"standard","meta":{"footnotes":""},"categories":[32],"tags":[],"class_list":["post-1045","post","type-post","status-publish","format-standard","has-post-thumbnail","hentry","category-iz-zivota-udruge"],"_links":{"self":[{"href":"https:\/\/udruga-106br.hr\/index.php\/wp-json\/wp\/v2\/posts\/1045","targetHints":{"allow":["GET"]}}],"collection":[{"href":"https:\/\/udruga-106br.hr\/index.php\/wp-json\/wp\/v2\/posts"}],"about":[{"href":"https:\/\/udruga-106br.hr\/index.php\/wp-json\/wp\/v2\/types\/post"}],"author":[{"embeddable":true,"href":"https:\/\/udruga-106br.hr\/index.php\/wp-json\/wp\/v2\/users\/2"}],"replies":[{"embeddable":true,"href":"https:\/\/udruga-106br.hr\/index.php\/wp-json\/wp\/v2\/comments?post=1045"}],"version-history":[{"count":2,"href":"https:\/\/udruga-106br.hr\/index.php\/wp-json\/wp\/v2\/posts\/1045\/revisions"}],"predecessor-version":[{"id":1051,"href":"https:\/\/udruga-106br.hr\/index.php\/wp-json\/wp\/v2\/posts\/1045\/revisions\/1051"}],"wp:featuredmedia":[{"embeddable":true,"href":"https:\/\/udruga-106br.hr\/index.php\/wp-json\/wp\/v2\/media\/1048"}],"wp:attachment":[{"href":"https:\/\/udruga-106br.hr\/index.php\/wp-json\/wp\/v2\/media?parent=1045"}],"wp:term":[{"taxonomy":"category","embeddable":true,"href":"https:\/\/udruga-106br.hr\/index.php\/wp-json\/wp\/v2\/categories?post=1045"},{"taxonomy":"post_tag","embeddable":true,"href":"https:\/\/udruga-106br.hr\/index.php\/wp-json\/wp\/v2\/tags?post=1045"}],"curies":[{"name":"wp","href":"https:\/\/api.w.org\/{rel}","templated":true}]}}