{"id":1053,"date":"2020-09-29T18:43:41","date_gmt":"2020-09-29T16:43:41","guid":{"rendered":"https:\/\/udruga-106br.hr\/?p=1053"},"modified":"2025-10-17T21:54:33","modified_gmt":"2025-10-17T19:54:33","slug":"komemoracija-za-husare-simbol-stoljetnog-prijateljstva-hrvatske-i-madarske","status":"publish","type":"post","link":"https:\/\/udruga-106br.hr\/index.php\/komemoracija-za-husare-simbol-stoljetnog-prijateljstva-hrvatske-i-madarske\/","title":{"rendered":"Komemoracija za husare &#8211; simbol stoljetnog prijateljstva Hrvatske i Ma\u0111arske"},"content":{"rendered":"<div style=\"width: 660px;\" class=\"wp-video\"><!--[if lt IE 9]><script>document.createElement('video');<\/script><![endif]-->\n<video class=\"wp-video-shortcode\" id=\"video-1053-1\" width=\"660\" height=\"371\" preload=\"metadata\" controls=\"controls\"><source type=\"video\/mp4\" src=\"https:\/\/udruga-106br.hr\/wp-content\/uploads\/2020\/09\/Obelisk.mp4?_=1\" \/><a href=\"https:\/\/udruga-106br.hr\/wp-content\/uploads\/2020\/09\/Obelisk.mp4\">https:\/\/udruga-106br.hr\/wp-content\/uploads\/2020\/09\/Obelisk.mp4<\/a><\/video><\/div>\n<p>Udruga 106. brigade ZNG RH, uz potporu Osje\u010dko-baranjske \u017eupanije organizirala je obilje\u017eavanje godi\u0161njice pogibije 26 husara. Na komemoraciju odazvali su se konzul Republike Ma\u0111arske u Osijeku g. <strong>G\u00e1rdos<\/strong> B\u00e9la, izaslanici OS RH i Ma\u0111arske, te predstavnici Udruga iz Domovinskog rata.<\/p>\n<p>Nakon polaganja vijenaca, izaslanstva i predstavnici Udruga posjetili su mjesto zajedni\u010dkog stradavanja Hrvata i Ma\u0111ara u Domovinskom ratu, Laslovo.<\/p>\n<p><img loading=\"lazy\" decoding=\"async\" class=\"aligncenter size-full wp-image-1055\" src=\"https:\/\/udruga-106br.hr\/wp-content\/uploads\/2020\/09\/Obelisk_000.jpg\" alt=\"\" width=\"1619\" height=\"820\" srcset=\"https:\/\/udruga-106br.hr\/wp-content\/uploads\/2020\/09\/Obelisk_000.jpg 1619w, https:\/\/udruga-106br.hr\/wp-content\/uploads\/2020\/09\/Obelisk_000-300x152.jpg 300w, https:\/\/udruga-106br.hr\/wp-content\/uploads\/2020\/09\/Obelisk_000-768x389.jpg 768w, https:\/\/udruga-106br.hr\/wp-content\/uploads\/2020\/09\/Obelisk_000-1024x519.jpg 1024w\" sizes=\"auto, (max-width: 1619px) 100vw, 1619px\" \/><\/p>\n<p><img loading=\"lazy\" decoding=\"async\" class=\"aligncenter size-full wp-image-1057\" src=\"https:\/\/udruga-106br.hr\/wp-content\/uploads\/2020\/09\/Obelisk_002.jpg\" alt=\"\" width=\"1457\" height=\"715\" srcset=\"https:\/\/udruga-106br.hr\/wp-content\/uploads\/2020\/09\/Obelisk_002.jpg 1457w, https:\/\/udruga-106br.hr\/wp-content\/uploads\/2020\/09\/Obelisk_002-300x147.jpg 300w, https:\/\/udruga-106br.hr\/wp-content\/uploads\/2020\/09\/Obelisk_002-768x377.jpg 768w, https:\/\/udruga-106br.hr\/wp-content\/uploads\/2020\/09\/Obelisk_002-1024x503.jpg 1024w\" sizes=\"auto, (max-width: 1457px) 100vw, 1457px\" \/><\/p>\n<p><img loading=\"lazy\" decoding=\"async\" class=\"aligncenter size-full wp-image-1058\" src=\"https:\/\/udruga-106br.hr\/wp-content\/uploads\/2020\/09\/Obelisk_001.jpg\" alt=\"\" width=\"1581\" height=\"715\" srcset=\"https:\/\/udruga-106br.hr\/wp-content\/uploads\/2020\/09\/Obelisk_001.jpg 1581w, https:\/\/udruga-106br.hr\/wp-content\/uploads\/2020\/09\/Obelisk_001-300x136.jpg 300w, https:\/\/udruga-106br.hr\/wp-content\/uploads\/2020\/09\/Obelisk_001-768x347.jpg 768w, https:\/\/udruga-106br.hr\/wp-content\/uploads\/2020\/09\/Obelisk_001-1024x463.jpg 1024w\" sizes=\"auto, (max-width: 1581px) 100vw, 1581px\" \/><\/p>\n<!-- AddThis Advanced Settings generic via filter on the_content --><!-- AddThis Share Buttons generic via filter on the_content -->","protected":false},"excerpt":{"rendered":"<p>Udruga 106. brigade ZNG RH, uz potporu Osje\u010dko-baranjske \u017eupanije organizirala je obilje\u017eavanje godi\u0161njice pogibije 26 husara. Na komemoraciju odazvali su se konzul Republike Ma\u0111arske u Osijeku g. G\u00e1rdos B\u00e9la, izaslanici OS RH i Ma\u0111arske, te predstavnici Udruga iz Domovinskog rata. Nakon polaganja vijenaca, izaslanstva i predstavnici Udruga posjetili su mjesto zajedni\u010dkog stradavanja Hrvata i Ma\u0111ara &hellip; <a href=\"https:\/\/udruga-106br.hr\/index.php\/komemoracija-za-husare-simbol-stoljetnog-prijateljstva-hrvatske-i-madarske\/\" class=\"more-link\">Nastavi \u010ditati <span class=\"screen-reader-text\">Komemoracija za husare &#8211; simbol stoljetnog prijateljstva Hrvatske i Ma\u0111arske<\/span><\/a><!-- AddThis Advanced Settings generic via filter on get_the_excerpt --><!-- AddThis Share Buttons generic via filter on get_the_excerpt --><\/p>\n","protected":false},"author":2,"featured_media":1056,"comment_status":"open","ping_status":"open","sticky":false,"template":"","format":"standard","meta":{"footnotes":""},"categories":[32],"tags":[],"class_list":["post-1053","post","type-post","status-publish","format-standard","has-post-thumbnail","hentry","category-iz-zivota-udruge"],"_links":{"self":[{"href":"https:\/\/udruga-106br.hr\/index.php\/wp-json\/wp\/v2\/posts\/1053","targetHints":{"allow":["GET"]}}],"collection":[{"href":"https:\/\/udruga-106br.hr\/index.php\/wp-json\/wp\/v2\/posts"}],"about":[{"href":"https:\/\/udruga-106br.hr\/index.php\/wp-json\/wp\/v2\/types\/post"}],"author":[{"embeddable":true,"href":"https:\/\/udruga-106br.hr\/index.php\/wp-json\/wp\/v2\/users\/2"}],"replies":[{"embeddable":true,"href":"https:\/\/udruga-106br.hr\/index.php\/wp-json\/wp\/v2\/comments?post=1053"}],"version-history":[{"count":2,"href":"https:\/\/udruga-106br.hr\/index.php\/wp-json\/wp\/v2\/posts\/1053\/revisions"}],"predecessor-version":[{"id":1060,"href":"https:\/\/udruga-106br.hr\/index.php\/wp-json\/wp\/v2\/posts\/1053\/revisions\/1060"}],"wp:featuredmedia":[{"embeddable":true,"href":"https:\/\/udruga-106br.hr\/index.php\/wp-json\/wp\/v2\/media\/1056"}],"wp:attachment":[{"href":"https:\/\/udruga-106br.hr\/index.php\/wp-json\/wp\/v2\/media?parent=1053"}],"wp:term":[{"taxonomy":"category","embeddable":true,"href":"https:\/\/udruga-106br.hr\/index.php\/wp-json\/wp\/v2\/categories?post=1053"},{"taxonomy":"post_tag","embeddable":true,"href":"https:\/\/udruga-106br.hr\/index.php\/wp-json\/wp\/v2\/tags?post=1053"}],"curies":[{"name":"wp","href":"https:\/\/api.w.org\/{rel}","templated":true}]}}