{"id":1062,"date":"2020-11-09T19:24:31","date_gmt":"2020-11-09T18:24:31","guid":{"rendered":"https:\/\/udruga-106br.hr\/?p=1062"},"modified":"2025-10-17T21:54:33","modified_gmt":"2025-10-17T19:54:33","slug":"obiljezavanje-dana-svih-svetih-i-dusnog-dana","status":"publish","type":"post","link":"https:\/\/udruga-106br.hr\/index.php\/obiljezavanje-dana-svih-svetih-i-dusnog-dana\/","title":{"rendered":"Obilje\u017eavanje Dana Svih svetih i Du\u0161nog dana"},"content":{"rendered":"<p>Udruga 106. brigade pridru\u017eila se sve\u010danom polaganju u spomen na sve smrtno stradale hrvatske branitelje i civilne \u017ertve Domovinskog rata <strong>kod Spomen-obilje\u017eja poginulim hrvatskim braniteljima i civilnim \u017ertvama Domovinskog rata na Trgu slobode <\/strong><\/p>\n<p><img loading=\"lazy\" decoding=\"async\" class=\"aligncenter size-full wp-image-1067\" src=\"https:\/\/udruga-106br.hr\/wp-content\/uploads\/2020\/11\/IMG-035628b46dc05f99c6debaa93eb513f5-V.jpg\" alt=\"\" width=\"1600\" height=\"900\" srcset=\"https:\/\/udruga-106br.hr\/wp-content\/uploads\/2020\/11\/IMG-035628b46dc05f99c6debaa93eb513f5-V.jpg 1600w, https:\/\/udruga-106br.hr\/wp-content\/uploads\/2020\/11\/IMG-035628b46dc05f99c6debaa93eb513f5-V-300x169.jpg 300w, https:\/\/udruga-106br.hr\/wp-content\/uploads\/2020\/11\/IMG-035628b46dc05f99c6debaa93eb513f5-V-768x432.jpg 768w, https:\/\/udruga-106br.hr\/wp-content\/uploads\/2020\/11\/IMG-035628b46dc05f99c6debaa93eb513f5-V-1024x576.jpg 1024w\" sizes=\"auto, (max-width: 1600px) 100vw, 1600px\" \/><\/p>\n<p><strong>i\u00a0<\/strong><b>zajedni\u010dke grobnice za neidentificirane\u00a0\u017ertve iz Domovinskog rata na Centralnom groblju u Osijeku<\/b>, uz postroj pripadnika sve\u010danih desetina HV i MUP-a kao i pripadnika Hrvatskih sokola Osje\u010dko-baranjske \u017eupanije uz nazo\u010dnost izaslanstava i du\u017enosnika po protokolu.<\/p>\n<p><img loading=\"lazy\" decoding=\"async\" class=\"aligncenter size-full wp-image-1066\" src=\"https:\/\/udruga-106br.hr\/wp-content\/uploads\/2020\/11\/IMG-55786eae63d5a5e5c4ae333df6ee57df-V.jpg\" alt=\"\" width=\"1600\" height=\"900\" srcset=\"https:\/\/udruga-106br.hr\/wp-content\/uploads\/2020\/11\/IMG-55786eae63d5a5e5c4ae333df6ee57df-V.jpg 1600w, https:\/\/udruga-106br.hr\/wp-content\/uploads\/2020\/11\/IMG-55786eae63d5a5e5c4ae333df6ee57df-V-300x169.jpg 300w, https:\/\/udruga-106br.hr\/wp-content\/uploads\/2020\/11\/IMG-55786eae63d5a5e5c4ae333df6ee57df-V-768x432.jpg 768w, https:\/\/udruga-106br.hr\/wp-content\/uploads\/2020\/11\/IMG-55786eae63d5a5e5c4ae333df6ee57df-V-1024x576.jpg 1024w\" sizes=\"auto, (max-width: 1600px) 100vw, 1600px\" \/><\/p>\n<p><img loading=\"lazy\" decoding=\"async\" class=\"aligncenter size-full wp-image-1065\" src=\"https:\/\/udruga-106br.hr\/wp-content\/uploads\/2020\/11\/IMG-1f8573638034c23d909e7a06acbb24d8-V.jpg\" alt=\"\" width=\"1600\" height=\"900\" srcset=\"https:\/\/udruga-106br.hr\/wp-content\/uploads\/2020\/11\/IMG-1f8573638034c23d909e7a06acbb24d8-V.jpg 1600w, https:\/\/udruga-106br.hr\/wp-content\/uploads\/2020\/11\/IMG-1f8573638034c23d909e7a06acbb24d8-V-300x169.jpg 300w, https:\/\/udruga-106br.hr\/wp-content\/uploads\/2020\/11\/IMG-1f8573638034c23d909e7a06acbb24d8-V-768x432.jpg 768w, https:\/\/udruga-106br.hr\/wp-content\/uploads\/2020\/11\/IMG-1f8573638034c23d909e7a06acbb24d8-V-1024x576.jpg 1024w\" sizes=\"auto, (max-width: 1600px) 100vw, 1600px\" \/><\/p>\n<!-- AddThis Advanced Settings generic via filter on the_content --><!-- AddThis Share Buttons generic via filter on the_content -->","protected":false},"excerpt":{"rendered":"<p>Udruga 106. brigade pridru\u017eila se sve\u010danom polaganju u spomen na sve smrtno stradale hrvatske branitelje i civilne \u017ertve Domovinskog rata kod Spomen-obilje\u017eja poginulim hrvatskim braniteljima i civilnim \u017ertvama Domovinskog rata na Trgu slobode i\u00a0zajedni\u010dke grobnice za neidentificirane\u00a0\u017ertve iz Domovinskog rata na Centralnom groblju u Osijeku, uz postroj pripadnika sve\u010danih desetina HV i MUP-a kao i &hellip; <a href=\"https:\/\/udruga-106br.hr\/index.php\/obiljezavanje-dana-svih-svetih-i-dusnog-dana\/\" class=\"more-link\">Nastavi \u010ditati <span class=\"screen-reader-text\">Obilje\u017eavanje Dana Svih svetih i Du\u0161nog dana<\/span><\/a><!-- AddThis Advanced Settings generic via filter on get_the_excerpt --><!-- AddThis Share Buttons generic via filter on get_the_excerpt --><\/p>\n","protected":false},"author":2,"featured_media":1063,"comment_status":"open","ping_status":"open","sticky":false,"template":"","format":"standard","meta":{"footnotes":""},"categories":[32],"tags":[],"class_list":["post-1062","post","type-post","status-publish","format-standard","has-post-thumbnail","hentry","category-iz-zivota-udruge"],"_links":{"self":[{"href":"https:\/\/udruga-106br.hr\/index.php\/wp-json\/wp\/v2\/posts\/1062","targetHints":{"allow":["GET"]}}],"collection":[{"href":"https:\/\/udruga-106br.hr\/index.php\/wp-json\/wp\/v2\/posts"}],"about":[{"href":"https:\/\/udruga-106br.hr\/index.php\/wp-json\/wp\/v2\/types\/post"}],"author":[{"embeddable":true,"href":"https:\/\/udruga-106br.hr\/index.php\/wp-json\/wp\/v2\/users\/2"}],"replies":[{"embeddable":true,"href":"https:\/\/udruga-106br.hr\/index.php\/wp-json\/wp\/v2\/comments?post=1062"}],"version-history":[{"count":2,"href":"https:\/\/udruga-106br.hr\/index.php\/wp-json\/wp\/v2\/posts\/1062\/revisions"}],"predecessor-version":[{"id":3451,"href":"https:\/\/udruga-106br.hr\/index.php\/wp-json\/wp\/v2\/posts\/1062\/revisions\/3451"}],"wp:featuredmedia":[{"embeddable":true,"href":"https:\/\/udruga-106br.hr\/index.php\/wp-json\/wp\/v2\/media\/1063"}],"wp:attachment":[{"href":"https:\/\/udruga-106br.hr\/index.php\/wp-json\/wp\/v2\/media?parent=1062"}],"wp:term":[{"taxonomy":"category","embeddable":true,"href":"https:\/\/udruga-106br.hr\/index.php\/wp-json\/wp\/v2\/categories?post=1062"},{"taxonomy":"post_tag","embeddable":true,"href":"https:\/\/udruga-106br.hr\/index.php\/wp-json\/wp\/v2\/tags?post=1062"}],"curies":[{"name":"wp","href":"https:\/\/api.w.org\/{rel}","templated":true}]}}