{"id":1213,"date":"2021-09-17T09:59:06","date_gmt":"2021-09-17T07:59:06","guid":{"rendered":"https:\/\/udruga-106br.hr\/?p=1213"},"modified":"2025-10-17T21:54:32","modified_gmt":"2025-10-17T19:54:32","slug":"29-hodocasce-hrvatske-vojske-policije-i-hrvatskih-branitelja-u-svetiste-majke-bozje-bistricke-u-mariji-bistrici","status":"publish","type":"post","link":"https:\/\/udruga-106br.hr\/index.php\/29-hodocasce-hrvatske-vojske-policije-i-hrvatskih-branitelja-u-svetiste-majke-bozje-bistricke-u-mariji-bistrici\/","title":{"rendered":"29. hodo\u010da\u0161\u0107e Hrvatske vojske, policije i hrvatskih branitelja u Sveti\u0161te Majke Bo\u017eje Bistri\u010dke u Mariji Bistrici"},"content":{"rendered":"<p>Po\u0161tovani \u010dlanovi Udruge,<\/p>\n<p>ovim putem Vas pozivamo na 29. hodo\u010da\u0161\u0107e Hrvatske vojske, policije i hrvatskih branitelja u Sveti\u0161te Majke Bo\u017eje Bistri\u010dke u Mariji Bistrici koje \u0107e se odr\u017eati 2. listopada (nedjelja) 2021. godine u organizaciji Ministarstva hrvatskih branitelja u suradnji s Vojnim ordinarijatom u Republici Hrvatskoj. Nositelji same organizacijskih aktivnosti su Podru\u010dni odjeli MHB-a.<\/p>\n<p>S obzirom na epidemiolo\u0161ke mjere i situaciju, kao i preporuke Sto\u017eera civilne za\u0161tite RH, program hodo\u010da\u0161\u0107a i ukupan broj sudionika su ohrani\u010deni na najvi\u0161e 20 hodo\u010dasnika iz svake \u017eupanije uklju\u010duju\u0107i i koordinatora puta.<\/p>\n<p>Ukoliko ste zainteresirani, molimo da se javite na e-mail adresu Udruge (106.br.zng@gmail.com) s potrebnim podacima (ime i prezime, datum ro\u0111enja, OIB i kontakt) do 22. listopada 2021 godine. Javiti \u0107emo Vam se s povratnim informacijama na vrijeme.<\/p>\n<!-- AddThis Advanced Settings generic via filter on the_content --><!-- AddThis Share Buttons generic via filter on the_content -->","protected":false},"excerpt":{"rendered":"<p>Po\u0161tovani \u010dlanovi Udruge, ovim putem Vas pozivamo na 29. hodo\u010da\u0161\u0107e Hrvatske vojske, policije i hrvatskih branitelja u Sveti\u0161te Majke Bo\u017eje Bistri\u010dke u Mariji Bistrici koje \u0107e se odr\u017eati 2. listopada (nedjelja) 2021. godine u organizaciji Ministarstva hrvatskih branitelja u suradnji s Vojnim ordinarijatom u Republici Hrvatskoj. Nositelji same organizacijskih aktivnosti su Podru\u010dni odjeli MHB-a. S &hellip; <a href=\"https:\/\/udruga-106br.hr\/index.php\/29-hodocasce-hrvatske-vojske-policije-i-hrvatskih-branitelja-u-svetiste-majke-bozje-bistricke-u-mariji-bistrici\/\" class=\"more-link\">Nastavi \u010ditati <span class=\"screen-reader-text\">29. hodo\u010da\u0161\u0107e Hrvatske vojske, policije i hrvatskih branitelja u Sveti\u0161te Majke Bo\u017eje Bistri\u010dke u Mariji Bistrici<\/span><\/a><!-- AddThis Advanced Settings generic via filter on get_the_excerpt --><!-- AddThis Share Buttons generic via filter on get_the_excerpt --><\/p>\n","protected":false},"author":2,"featured_media":0,"comment_status":"open","ping_status":"open","sticky":false,"template":"","format":"standard","meta":{"footnotes":""},"categories":[32],"tags":[],"class_list":["post-1213","post","type-post","status-publish","format-standard","hentry","category-iz-zivota-udruge"],"_links":{"self":[{"href":"https:\/\/udruga-106br.hr\/index.php\/wp-json\/wp\/v2\/posts\/1213","targetHints":{"allow":["GET"]}}],"collection":[{"href":"https:\/\/udruga-106br.hr\/index.php\/wp-json\/wp\/v2\/posts"}],"about":[{"href":"https:\/\/udruga-106br.hr\/index.php\/wp-json\/wp\/v2\/types\/post"}],"author":[{"embeddable":true,"href":"https:\/\/udruga-106br.hr\/index.php\/wp-json\/wp\/v2\/users\/2"}],"replies":[{"embeddable":true,"href":"https:\/\/udruga-106br.hr\/index.php\/wp-json\/wp\/v2\/comments?post=1213"}],"version-history":[{"count":4,"href":"https:\/\/udruga-106br.hr\/index.php\/wp-json\/wp\/v2\/posts\/1213\/revisions"}],"predecessor-version":[{"id":1583,"href":"https:\/\/udruga-106br.hr\/index.php\/wp-json\/wp\/v2\/posts\/1213\/revisions\/1583"}],"wp:attachment":[{"href":"https:\/\/udruga-106br.hr\/index.php\/wp-json\/wp\/v2\/media?parent=1213"}],"wp:term":[{"taxonomy":"category","embeddable":true,"href":"https:\/\/udruga-106br.hr\/index.php\/wp-json\/wp\/v2\/categories?post=1213"},{"taxonomy":"post_tag","embeddable":true,"href":"https:\/\/udruga-106br.hr\/index.php\/wp-json\/wp\/v2\/tags?post=1213"}],"curies":[{"name":"wp","href":"https:\/\/api.w.org\/{rel}","templated":true}]}}