{"id":1637,"date":"2022-11-02T17:14:46","date_gmt":"2022-11-02T16:14:46","guid":{"rendered":"https:\/\/udruga-106br.hr\/?p=1637"},"modified":"2025-10-17T21:54:12","modified_gmt":"2025-10-17T19:54:12","slug":"obiljezavanje-dana-svih-svetih-i-dusnog-dana-2","status":"publish","type":"post","link":"https:\/\/udruga-106br.hr\/index.php\/obiljezavanje-dana-svih-svetih-i-dusnog-dana-2\/","title":{"rendered":"Obilje\u017eavanje Dana Svih svetih i Du\u0161nog dana"},"content":{"rendered":"\n<p>Prekju\u010der su prema protokolu \u010dlanovi predsjedni\u0161tva i \u010dlanovi Udruge zapalili svije\u0107e i polo\u017eili vijence, a danas \u0107e se odr\u017eati i misa zadu\u0161nica za sve poginule i nestale branitelje i civilne \u017ertve Domovinskog rata.<\/p>\n\n\n\n<figure class=\"wp-block-image size-large\"><img loading=\"lazy\" decoding=\"async\" width=\"1024\" height=\"576\" src=\"https:\/\/udruga-106br.hr\/wp-content\/uploads\/2022\/11\/IMG-f580ec727c7d8838c3fb61bdc336f673-V-1024x576.jpg\" alt=\"\" class=\"wp-image-1638\" srcset=\"https:\/\/udruga-106br.hr\/wp-content\/uploads\/2022\/11\/IMG-f580ec727c7d8838c3fb61bdc336f673-V-1024x576.jpg 1024w, https:\/\/udruga-106br.hr\/wp-content\/uploads\/2022\/11\/IMG-f580ec727c7d8838c3fb61bdc336f673-V-300x169.jpg 300w, https:\/\/udruga-106br.hr\/wp-content\/uploads\/2022\/11\/IMG-f580ec727c7d8838c3fb61bdc336f673-V-768x432.jpg 768w, https:\/\/udruga-106br.hr\/wp-content\/uploads\/2022\/11\/IMG-f580ec727c7d8838c3fb61bdc336f673-V-1536x864.jpg 1536w, https:\/\/udruga-106br.hr\/wp-content\/uploads\/2022\/11\/IMG-f580ec727c7d8838c3fb61bdc336f673-V.jpg 1600w\" sizes=\"auto, (max-width: 1024px) 100vw, 1024px\" \/><\/figure>\n\n\n\n<figure class=\"wp-block-image size-large\"><img loading=\"lazy\" decoding=\"async\" width=\"1024\" height=\"576\" src=\"https:\/\/udruga-106br.hr\/wp-content\/uploads\/2022\/11\/IMG-a8a2f94b8e4bf446af060f11604bb37c-V-1024x576.jpg\" alt=\"\" class=\"wp-image-1639\" srcset=\"https:\/\/udruga-106br.hr\/wp-content\/uploads\/2022\/11\/IMG-a8a2f94b8e4bf446af060f11604bb37c-V-1024x576.jpg 1024w, https:\/\/udruga-106br.hr\/wp-content\/uploads\/2022\/11\/IMG-a8a2f94b8e4bf446af060f11604bb37c-V-300x169.jpg 300w, https:\/\/udruga-106br.hr\/wp-content\/uploads\/2022\/11\/IMG-a8a2f94b8e4bf446af060f11604bb37c-V-768x432.jpg 768w, https:\/\/udruga-106br.hr\/wp-content\/uploads\/2022\/11\/IMG-a8a2f94b8e4bf446af060f11604bb37c-V-1536x864.jpg 1536w, https:\/\/udruga-106br.hr\/wp-content\/uploads\/2022\/11\/IMG-a8a2f94b8e4bf446af060f11604bb37c-V.jpg 1600w\" sizes=\"auto, (max-width: 1024px) 100vw, 1024px\" \/><\/figure>\n<!-- AddThis Advanced Settings generic via filter on the_content --><!-- AddThis Share Buttons generic via filter on the_content -->","protected":false},"excerpt":{"rendered":"<p>Prekju\u010der su prema protokolu \u010dlanovi predsjedni\u0161tva i \u010dlanovi Udruge zapalili svije\u0107e i polo\u017eili vijence, a danas \u0107e se odr\u017eati i misa zadu\u0161nica za sve poginule i nestale branitelje i civilne \u017ertve Domovinskog rata.<!-- AddThis Advanced Settings generic via filter on get_the_excerpt --><!-- AddThis Share Buttons generic via filter on get_the_excerpt --><\/p>\n","protected":false},"author":1,"featured_media":0,"comment_status":"closed","ping_status":"closed","sticky":false,"template":"","format":"standard","meta":{"footnotes":""},"categories":[32],"tags":[],"class_list":["post-1637","post","type-post","status-publish","format-standard","hentry","category-iz-zivota-udruge"],"_links":{"self":[{"href":"https:\/\/udruga-106br.hr\/index.php\/wp-json\/wp\/v2\/posts\/1637","targetHints":{"allow":["GET"]}}],"collection":[{"href":"https:\/\/udruga-106br.hr\/index.php\/wp-json\/wp\/v2\/posts"}],"about":[{"href":"https:\/\/udruga-106br.hr\/index.php\/wp-json\/wp\/v2\/types\/post"}],"author":[{"embeddable":true,"href":"https:\/\/udruga-106br.hr\/index.php\/wp-json\/wp\/v2\/users\/1"}],"replies":[{"embeddable":true,"href":"https:\/\/udruga-106br.hr\/index.php\/wp-json\/wp\/v2\/comments?post=1637"}],"version-history":[{"count":1,"href":"https:\/\/udruga-106br.hr\/index.php\/wp-json\/wp\/v2\/posts\/1637\/revisions"}],"predecessor-version":[{"id":1640,"href":"https:\/\/udruga-106br.hr\/index.php\/wp-json\/wp\/v2\/posts\/1637\/revisions\/1640"}],"wp:attachment":[{"href":"https:\/\/udruga-106br.hr\/index.php\/wp-json\/wp\/v2\/media?parent=1637"}],"wp:term":[{"taxonomy":"category","embeddable":true,"href":"https:\/\/udruga-106br.hr\/index.php\/wp-json\/wp\/v2\/categories?post=1637"},{"taxonomy":"post_tag","embeddable":true,"href":"https:\/\/udruga-106br.hr\/index.php\/wp-json\/wp\/v2\/tags?post=1637"}],"curies":[{"name":"wp","href":"https:\/\/api.w.org\/{rel}","templated":true}]}}