{"id":1645,"date":"2022-11-14T12:11:00","date_gmt":"2022-11-14T11:11:00","guid":{"rendered":"https:\/\/udruga-106br.hr\/?p=1645"},"modified":"2025-10-17T21:54:12","modified_gmt":"2025-10-17T19:54:12","slug":"sastanak-u-dakovu-povodom-sabora-zajednice-udruga","status":"publish","type":"post","link":"https:\/\/udruga-106br.hr\/index.php\/sastanak-u-dakovu-povodom-sabora-zajednice-udruga\/","title":{"rendered":"Sastanak u \u0110akovu povodom Sabora Zajednice Udruga"},"content":{"rendered":"\n<p>Na Svetog Martina 11. 11. odr\u017ean sastanak ZUP ZNG i HV u prostoru Veterana 122. brigade \u0110akovo Slavonski ogranak. Tema je bila raspodjela paketa pomo\u0107i u hrani i higijenskim potrep\u0161tinama i predstoje\u0107i godi\u0161nji Sabor Zajednice Udruga. 106. \u0107e dobiti 15 paketa, a Sabor je dogovoren za 26. 11.<\/p>\n\n\n\n<figure class=\"wp-block-image size-large\"><img loading=\"lazy\" decoding=\"async\" width=\"1024\" height=\"506\" src=\"https:\/\/udruga-106br.hr\/wp-content\/uploads\/2022\/11\/IMG-dc824c384649b23bbfe4cdcff7c35f53-V-1024x506.jpg\" alt=\"\" class=\"wp-image-1646\" srcset=\"https:\/\/udruga-106br.hr\/wp-content\/uploads\/2022\/11\/IMG-dc824c384649b23bbfe4cdcff7c35f53-V-1024x506.jpg 1024w, https:\/\/udruga-106br.hr\/wp-content\/uploads\/2022\/11\/IMG-dc824c384649b23bbfe4cdcff7c35f53-V-300x148.jpg 300w, https:\/\/udruga-106br.hr\/wp-content\/uploads\/2022\/11\/IMG-dc824c384649b23bbfe4cdcff7c35f53-V-768x380.jpg 768w, https:\/\/udruga-106br.hr\/wp-content\/uploads\/2022\/11\/IMG-dc824c384649b23bbfe4cdcff7c35f53-V-1536x759.jpg 1536w, https:\/\/udruga-106br.hr\/wp-content\/uploads\/2022\/11\/IMG-dc824c384649b23bbfe4cdcff7c35f53-V.jpg 1600w\" sizes=\"auto, (max-width: 1024px) 100vw, 1024px\" \/><\/figure>\n<!-- AddThis Advanced Settings generic via filter on the_content --><!-- AddThis Share Buttons generic via filter on the_content -->","protected":false},"excerpt":{"rendered":"<p>Na Svetog Martina 11. 11. odr\u017ean sastanak ZUP ZNG i HV u prostoru Veterana 122. brigade \u0110akovo Slavonski ogranak. Tema je bila raspodjela paketa pomo\u0107i u hrani i higijenskim potrep\u0161tinama i predstoje\u0107i godi\u0161nji Sabor Zajednice Udruga. 106. \u0107e dobiti 15 paketa, a Sabor je dogovoren za 26. 11.<!-- AddThis Advanced Settings generic via filter on get_the_excerpt --><!-- AddThis Share Buttons generic via filter on get_the_excerpt --><\/p>\n","protected":false},"author":1,"featured_media":0,"comment_status":"closed","ping_status":"closed","sticky":false,"template":"","format":"standard","meta":{"footnotes":""},"categories":[32],"tags":[],"class_list":["post-1645","post","type-post","status-publish","format-standard","hentry","category-iz-zivota-udruge"],"_links":{"self":[{"href":"https:\/\/udruga-106br.hr\/index.php\/wp-json\/wp\/v2\/posts\/1645","targetHints":{"allow":["GET"]}}],"collection":[{"href":"https:\/\/udruga-106br.hr\/index.php\/wp-json\/wp\/v2\/posts"}],"about":[{"href":"https:\/\/udruga-106br.hr\/index.php\/wp-json\/wp\/v2\/types\/post"}],"author":[{"embeddable":true,"href":"https:\/\/udruga-106br.hr\/index.php\/wp-json\/wp\/v2\/users\/1"}],"replies":[{"embeddable":true,"href":"https:\/\/udruga-106br.hr\/index.php\/wp-json\/wp\/v2\/comments?post=1645"}],"version-history":[{"count":2,"href":"https:\/\/udruga-106br.hr\/index.php\/wp-json\/wp\/v2\/posts\/1645\/revisions"}],"predecessor-version":[{"id":1648,"href":"https:\/\/udruga-106br.hr\/index.php\/wp-json\/wp\/v2\/posts\/1645\/revisions\/1648"}],"wp:attachment":[{"href":"https:\/\/udruga-106br.hr\/index.php\/wp-json\/wp\/v2\/media?parent=1645"}],"wp:term":[{"taxonomy":"category","embeddable":true,"href":"https:\/\/udruga-106br.hr\/index.php\/wp-json\/wp\/v2\/categories?post=1645"},{"taxonomy":"post_tag","embeddable":true,"href":"https:\/\/udruga-106br.hr\/index.php\/wp-json\/wp\/v2\/tags?post=1645"}],"curies":[{"name":"wp","href":"https:\/\/api.w.org\/{rel}","templated":true}]}}