{"id":1649,"date":"2022-11-16T23:42:37","date_gmt":"2022-11-16T22:42:37","guid":{"rendered":"https:\/\/udruga-106br.hr\/?p=1649"},"modified":"2025-10-17T21:54:12","modified_gmt":"2025-10-17T19:54:12","slug":"tribina-vrijeme-heroja-kako-smo-branili-vukovar-i-hrvatsku","status":"publish","type":"post","link":"https:\/\/udruga-106br.hr\/index.php\/tribina-vrijeme-heroja-kako-smo-branili-vukovar-i-hrvatsku\/","title":{"rendered":"TRIBINA &#8221;VRIJEME HEROJA &#8211; KAKO SMO BRANILI VUKOVAR I HRVATSKU&#8221;"},"content":{"rendered":"\n<p>Ve\u010deras je odr\u017eana tribina pod nazivom &#8220;Vrijeme heroja &#8211; kako smo branili Vukovar i Hrvatsku&#8221; u prostoru HNK i organizaciji Hrvatskog dru\u0161tva logora\u0161a srpskih koncentracijskih logora. U emotivnom dvosatnom kazivanju sudjelovali su branitelji Vukovara ujedno biv\u0161i logora\u0161i iz Na\u0161ica i \u0110akova. Pokrovitelj je MHB.<\/p>\n\n\n\n<figure class=\"wp-block-image size-large\"><img loading=\"lazy\" decoding=\"async\" width=\"1024\" height=\"576\" src=\"https:\/\/udruga-106br.hr\/wp-content\/uploads\/2022\/11\/IMG-f472aa364ac4e50aabfbc628a88d8762-V-1024x576.jpg\" alt=\"\" class=\"wp-image-1650\" srcset=\"https:\/\/udruga-106br.hr\/wp-content\/uploads\/2022\/11\/IMG-f472aa364ac4e50aabfbc628a88d8762-V-1024x576.jpg 1024w, https:\/\/udruga-106br.hr\/wp-content\/uploads\/2022\/11\/IMG-f472aa364ac4e50aabfbc628a88d8762-V-300x169.jpg 300w, https:\/\/udruga-106br.hr\/wp-content\/uploads\/2022\/11\/IMG-f472aa364ac4e50aabfbc628a88d8762-V-768x432.jpg 768w, https:\/\/udruga-106br.hr\/wp-content\/uploads\/2022\/11\/IMG-f472aa364ac4e50aabfbc628a88d8762-V-1536x864.jpg 1536w, https:\/\/udruga-106br.hr\/wp-content\/uploads\/2022\/11\/IMG-f472aa364ac4e50aabfbc628a88d8762-V.jpg 1600w\" sizes=\"auto, (max-width: 1024px) 100vw, 1024px\" \/><\/figure>\n\n\n\n<figure class=\"wp-block-image size-large\"><img loading=\"lazy\" decoding=\"async\" width=\"1024\" height=\"576\" src=\"https:\/\/udruga-106br.hr\/wp-content\/uploads\/2022\/11\/IMG-51f049f624bca2c832d3a101cfdb330f-V-1024x576.jpg\" alt=\"\" class=\"wp-image-1651\" srcset=\"https:\/\/udruga-106br.hr\/wp-content\/uploads\/2022\/11\/IMG-51f049f624bca2c832d3a101cfdb330f-V-1024x576.jpg 1024w, https:\/\/udruga-106br.hr\/wp-content\/uploads\/2022\/11\/IMG-51f049f624bca2c832d3a101cfdb330f-V-300x169.jpg 300w, https:\/\/udruga-106br.hr\/wp-content\/uploads\/2022\/11\/IMG-51f049f624bca2c832d3a101cfdb330f-V-768x432.jpg 768w, https:\/\/udruga-106br.hr\/wp-content\/uploads\/2022\/11\/IMG-51f049f624bca2c832d3a101cfdb330f-V-1536x864.jpg 1536w, https:\/\/udruga-106br.hr\/wp-content\/uploads\/2022\/11\/IMG-51f049f624bca2c832d3a101cfdb330f-V.jpg 1600w\" sizes=\"auto, (max-width: 1024px) 100vw, 1024px\" \/><\/figure>\n<!-- AddThis Advanced Settings generic via filter on the_content --><!-- AddThis Share Buttons generic via filter on the_content -->","protected":false},"excerpt":{"rendered":"<p>Ve\u010deras je odr\u017eana tribina pod nazivom &#8220;Vrijeme heroja &#8211; kako smo branili Vukovar i Hrvatsku&#8221; u prostoru HNK i organizaciji Hrvatskog dru\u0161tva logora\u0161a srpskih koncentracijskih logora. U emotivnom dvosatnom kazivanju sudjelovali su branitelji Vukovara ujedno biv\u0161i logora\u0161i iz Na\u0161ica i \u0110akova. Pokrovitelj je MHB.<!-- AddThis Advanced Settings generic via filter on get_the_excerpt --><!-- AddThis Share Buttons generic via filter on get_the_excerpt --><\/p>\n","protected":false},"author":1,"featured_media":0,"comment_status":"closed","ping_status":"closed","sticky":false,"template":"","format":"standard","meta":{"footnotes":""},"categories":[32],"tags":[],"class_list":["post-1649","post","type-post","status-publish","format-standard","hentry","category-iz-zivota-udruge"],"_links":{"self":[{"href":"https:\/\/udruga-106br.hr\/index.php\/wp-json\/wp\/v2\/posts\/1649","targetHints":{"allow":["GET"]}}],"collection":[{"href":"https:\/\/udruga-106br.hr\/index.php\/wp-json\/wp\/v2\/posts"}],"about":[{"href":"https:\/\/udruga-106br.hr\/index.php\/wp-json\/wp\/v2\/types\/post"}],"author":[{"embeddable":true,"href":"https:\/\/udruga-106br.hr\/index.php\/wp-json\/wp\/v2\/users\/1"}],"replies":[{"embeddable":true,"href":"https:\/\/udruga-106br.hr\/index.php\/wp-json\/wp\/v2\/comments?post=1649"}],"version-history":[{"count":1,"href":"https:\/\/udruga-106br.hr\/index.php\/wp-json\/wp\/v2\/posts\/1649\/revisions"}],"predecessor-version":[{"id":1652,"href":"https:\/\/udruga-106br.hr\/index.php\/wp-json\/wp\/v2\/posts\/1649\/revisions\/1652"}],"wp:attachment":[{"href":"https:\/\/udruga-106br.hr\/index.php\/wp-json\/wp\/v2\/media?parent=1649"}],"wp:term":[{"taxonomy":"category","embeddable":true,"href":"https:\/\/udruga-106br.hr\/index.php\/wp-json\/wp\/v2\/categories?post=1649"},{"taxonomy":"post_tag","embeddable":true,"href":"https:\/\/udruga-106br.hr\/index.php\/wp-json\/wp\/v2\/tags?post=1649"}],"curies":[{"name":"wp","href":"https:\/\/api.w.org\/{rel}","templated":true}]}}