{"id":1723,"date":"2022-12-04T10:32:11","date_gmt":"2022-12-04T09:32:11","guid":{"rendered":"https:\/\/udruga-106br.hr\/?p=1723"},"modified":"2025-10-17T21:54:11","modified_gmt":"2025-10-17T19:54:11","slug":"paljenje-svijeca-poginulim-braniteljima-106-brigade-povodom-dane-obrane-grada-osijeka","status":"publish","type":"post","link":"https:\/\/udruga-106br.hr\/index.php\/paljenje-svijeca-poginulim-braniteljima-106-brigade-povodom-dane-obrane-grada-osijeka\/","title":{"rendered":"Paljenje svije\u0107a poginulim braniteljima 106. brigade povodom Dane obrane grada Osijeka"},"content":{"rendered":"\n<figure class=\"wp-block-image size-large is-resized\"><img loading=\"lazy\" decoding=\"async\" src=\"https:\/\/udruga-106br.hr\/wp-content\/uploads\/2022\/12\/IMG-25a2ac698224cd5b479633547c411a20-V-768x1024.jpg\" alt=\"\" class=\"wp-image-1724\" width=\"460\" height=\"613\" srcset=\"https:\/\/udruga-106br.hr\/wp-content\/uploads\/2022\/12\/IMG-25a2ac698224cd5b479633547c411a20-V-768x1024.jpg 768w, https:\/\/udruga-106br.hr\/wp-content\/uploads\/2022\/12\/IMG-25a2ac698224cd5b479633547c411a20-V-225x300.jpg 225w, https:\/\/udruga-106br.hr\/wp-content\/uploads\/2022\/12\/IMG-25a2ac698224cd5b479633547c411a20-V-1152x1536.jpg 1152w, https:\/\/udruga-106br.hr\/wp-content\/uploads\/2022\/12\/IMG-25a2ac698224cd5b479633547c411a20-V.jpg 1200w\" sizes=\"auto, (max-width: 460px) 100vw, 460px\" \/><\/figure>\n\n\n\n<p class=\"has-medium-font-size\"><\/p>\n\n\n\n<p class=\"has-medium-font-size\">Povodom <strong>Dana obrane grada<\/strong> Osijeka 5. 12. provodimo akciju paljenja svije\u0107a na svaki grob <strong>197<\/strong> poginulih pripadnika 106. brigade. <\/p>\n\n\n\n<figure class=\"wp-block-image size-large is-resized\"><img loading=\"lazy\" decoding=\"async\" src=\"https:\/\/udruga-106br.hr\/wp-content\/uploads\/2022\/12\/IMG-cb0ded5ea5abe16594df4ed56b8c293c-V-768x1024.jpg\" alt=\"\" class=\"wp-image-1725\" width=\"464\" height=\"619\" srcset=\"https:\/\/udruga-106br.hr\/wp-content\/uploads\/2022\/12\/IMG-cb0ded5ea5abe16594df4ed56b8c293c-V-768x1024.jpg 768w, https:\/\/udruga-106br.hr\/wp-content\/uploads\/2022\/12\/IMG-cb0ded5ea5abe16594df4ed56b8c293c-V-225x300.jpg 225w, https:\/\/udruga-106br.hr\/wp-content\/uploads\/2022\/12\/IMG-cb0ded5ea5abe16594df4ed56b8c293c-V-1152x1536.jpg 1152w, https:\/\/udruga-106br.hr\/wp-content\/uploads\/2022\/12\/IMG-cb0ded5ea5abe16594df4ed56b8c293c-V.jpg 1200w\" sizes=\"auto, (max-width: 464px) 100vw, 464px\" \/><\/figure>\n\n\n\n<figure class=\"wp-block-image size-large is-resized\"><img loading=\"lazy\" decoding=\"async\" src=\"https:\/\/udruga-106br.hr\/wp-content\/uploads\/2022\/12\/IMG-1816d780f8f64c85e962c79add252a79-V-edited.jpg\" alt=\"\" class=\"wp-image-1727\" width=\"463\" height=\"617\" srcset=\"https:\/\/udruga-106br.hr\/wp-content\/uploads\/2022\/12\/IMG-1816d780f8f64c85e962c79add252a79-V-edited.jpg 738w, https:\/\/udruga-106br.hr\/wp-content\/uploads\/2022\/12\/IMG-1816d780f8f64c85e962c79add252a79-V-edited-225x300.jpg 225w\" sizes=\"auto, (max-width: 463px) 100vw, 463px\" \/><\/figure>\n\n\n\n<p><\/p>\n\n\n\n<p class=\"has-medium-font-size\">Ju\u010der su polo\u017eene svije\u0107e na Novogradskom, Donjogradskom groblju, a na Aninom groblju svije\u0107e su palili de\u010dki iz <strong>UHDDR-a Sveti Rok<\/strong>. Danas je na redu Retfala\u010dko groblje.<\/p>\n\n\n\n<figure class=\"wp-block-image size-large is-resized\"><img loading=\"lazy\" decoding=\"async\" src=\"https:\/\/udruga-106br.hr\/wp-content\/uploads\/2022\/12\/IMG-58d2c8b8d9750772b18ac20fa56be943-V-768x1024.jpg\" alt=\"\" class=\"wp-image-1728\" width=\"467\" height=\"621\"\/><\/figure>\n\n\n\n<p><\/p>\n\n\n\n<figure class=\"wp-block-image size-large is-resized\"><img loading=\"lazy\" decoding=\"async\" src=\"https:\/\/udruga-106br.hr\/wp-content\/uploads\/2022\/12\/IMG-9840f8db4858dffe95187acb3eb8180a-V-768x1024.jpg\" alt=\"\" class=\"wp-image-1729\" width=\"469\" height=\"624\" srcset=\"https:\/\/udruga-106br.hr\/wp-content\/uploads\/2022\/12\/IMG-9840f8db4858dffe95187acb3eb8180a-V-768x1024.jpg 768w, https:\/\/udruga-106br.hr\/wp-content\/uploads\/2022\/12\/IMG-9840f8db4858dffe95187acb3eb8180a-V-225x300.jpg 225w, https:\/\/udruga-106br.hr\/wp-content\/uploads\/2022\/12\/IMG-9840f8db4858dffe95187acb3eb8180a-V-1152x1536.jpg 1152w, https:\/\/udruga-106br.hr\/wp-content\/uploads\/2022\/12\/IMG-9840f8db4858dffe95187acb3eb8180a-V.jpg 1200w\" sizes=\"auto, (max-width: 469px) 100vw, 469px\" \/><\/figure>\n\n\n\n<figure class=\"wp-block-image size-large is-resized\"><img loading=\"lazy\" decoding=\"async\" src=\"https:\/\/udruga-106br.hr\/wp-content\/uploads\/2022\/12\/IMG-6e2d3108a8a196bd8c97d4f01d6c42cc-V-768x1024.jpg\" alt=\"\" class=\"wp-image-1730\" width=\"468\" height=\"623\" srcset=\"https:\/\/udruga-106br.hr\/wp-content\/uploads\/2022\/12\/IMG-6e2d3108a8a196bd8c97d4f01d6c42cc-V-768x1024.jpg 768w, https:\/\/udruga-106br.hr\/wp-content\/uploads\/2022\/12\/IMG-6e2d3108a8a196bd8c97d4f01d6c42cc-V-225x300.jpg 225w, https:\/\/udruga-106br.hr\/wp-content\/uploads\/2022\/12\/IMG-6e2d3108a8a196bd8c97d4f01d6c42cc-V-1152x1536.jpg 1152w, https:\/\/udruga-106br.hr\/wp-content\/uploads\/2022\/12\/IMG-6e2d3108a8a196bd8c97d4f01d6c42cc-V.jpg 1200w\" sizes=\"auto, (max-width: 468px) 100vw, 468px\" \/><\/figure>\n<!-- AddThis Advanced Settings generic via filter on the_content --><!-- AddThis Share Buttons generic via filter on the_content -->","protected":false},"excerpt":{"rendered":"<p>Povodom Dana obrane grada Osijeka 5. 12. provodimo akciju paljenja svije\u0107a na svaki grob 197 poginulih pripadnika 106. brigade. Ju\u010der su polo\u017eene svije\u0107e na Novogradskom, Donjogradskom groblju, a na Aninom groblju svije\u0107e su palili de\u010dki iz UHDDR-a Sveti Rok. Danas je na redu Retfala\u010dko groblje.<!-- AddThis Advanced Settings generic via filter on get_the_excerpt --><!-- AddThis Share Buttons generic via filter on get_the_excerpt --><\/p>\n","protected":false},"author":1,"featured_media":0,"comment_status":"closed","ping_status":"closed","sticky":false,"template":"","format":"standard","meta":{"footnotes":""},"categories":[32],"tags":[],"class_list":["post-1723","post","type-post","status-publish","format-standard","hentry","category-iz-zivota-udruge"],"_links":{"self":[{"href":"https:\/\/udruga-106br.hr\/index.php\/wp-json\/wp\/v2\/posts\/1723","targetHints":{"allow":["GET"]}}],"collection":[{"href":"https:\/\/udruga-106br.hr\/index.php\/wp-json\/wp\/v2\/posts"}],"about":[{"href":"https:\/\/udruga-106br.hr\/index.php\/wp-json\/wp\/v2\/types\/post"}],"author":[{"embeddable":true,"href":"https:\/\/udruga-106br.hr\/index.php\/wp-json\/wp\/v2\/users\/1"}],"replies":[{"embeddable":true,"href":"https:\/\/udruga-106br.hr\/index.php\/wp-json\/wp\/v2\/comments?post=1723"}],"version-history":[{"count":1,"href":"https:\/\/udruga-106br.hr\/index.php\/wp-json\/wp\/v2\/posts\/1723\/revisions"}],"predecessor-version":[{"id":1731,"href":"https:\/\/udruga-106br.hr\/index.php\/wp-json\/wp\/v2\/posts\/1723\/revisions\/1731"}],"wp:attachment":[{"href":"https:\/\/udruga-106br.hr\/index.php\/wp-json\/wp\/v2\/media?parent=1723"}],"wp:term":[{"taxonomy":"category","embeddable":true,"href":"https:\/\/udruga-106br.hr\/index.php\/wp-json\/wp\/v2\/categories?post=1723"},{"taxonomy":"post_tag","embeddable":true,"href":"https:\/\/udruga-106br.hr\/index.php\/wp-json\/wp\/v2\/tags?post=1723"}],"curies":[{"name":"wp","href":"https:\/\/api.w.org\/{rel}","templated":true}]}}