{"id":1739,"date":"2022-12-05T10:45:53","date_gmt":"2022-12-05T09:45:53","guid":{"rendered":"https:\/\/udruga-106br.hr\/?p=1739"},"modified":"2025-10-17T21:54:11","modified_gmt":"2025-10-17T19:54:11","slug":"posjet-udruzi-povodom-dana-obrane-grada-i-dana-grada-osijeka","status":"publish","type":"post","link":"https:\/\/udruga-106br.hr\/index.php\/posjet-udruzi-povodom-dana-obrane-grada-i-dana-grada-osijeka\/","title":{"rendered":"Posjet Udruzi povodom Dana obrane grada i Dana grada Osijeka"},"content":{"rendered":"\n<p>U subotu smo u prostorima na\u0161e Udruge s ponosom ugostili velikog sporta\u0161a i direktora \u0160portskih objekata Osijek, Roberta Seligmana i predsjednika odbora za branitelje, Juricu Tolja. Do\u010dekani su od strane \u010dlanova predsjedni\u0161tva Udruge.<\/p>\n\n\n\n<figure class=\"wp-block-image size-full is-resized\"><img loading=\"lazy\" decoding=\"async\" src=\"https:\/\/udruga-106br.hr\/wp-content\/uploads\/2022\/12\/IMG-20221205-WA0002.jpg\" alt=\"\" class=\"wp-image-1740\" width=\"561\" height=\"420\" srcset=\"https:\/\/udruga-106br.hr\/wp-content\/uploads\/2022\/12\/IMG-20221205-WA0002.jpg 1024w, https:\/\/udruga-106br.hr\/wp-content\/uploads\/2022\/12\/IMG-20221205-WA0002-300x225.jpg 300w, https:\/\/udruga-106br.hr\/wp-content\/uploads\/2022\/12\/IMG-20221205-WA0002-768x576.jpg 768w\" sizes=\"auto, (max-width: 561px) 100vw, 561px\" \/><\/figure>\n\n\n\n<figure class=\"wp-block-image size-full is-resized\"><img loading=\"lazy\" decoding=\"async\" src=\"https:\/\/udruga-106br.hr\/wp-content\/uploads\/2022\/12\/IMG-20221205-WA0003.jpg\" alt=\"\" class=\"wp-image-1741\" width=\"562\" height=\"749\" srcset=\"https:\/\/udruga-106br.hr\/wp-content\/uploads\/2022\/12\/IMG-20221205-WA0003.jpg 768w, https:\/\/udruga-106br.hr\/wp-content\/uploads\/2022\/12\/IMG-20221205-WA0003-225x300.jpg 225w\" sizes=\"auto, (max-width: 562px) 100vw, 562px\" \/><\/figure>\n\n\n\n<figure class=\"wp-block-image size-full is-resized\"><img loading=\"lazy\" decoding=\"async\" src=\"https:\/\/udruga-106br.hr\/wp-content\/uploads\/2022\/12\/IMG-20221205-WA0000.jpg\" alt=\"\" class=\"wp-image-1742\" width=\"562\" height=\"421\" srcset=\"https:\/\/udruga-106br.hr\/wp-content\/uploads\/2022\/12\/IMG-20221205-WA0000.jpg 1024w, https:\/\/udruga-106br.hr\/wp-content\/uploads\/2022\/12\/IMG-20221205-WA0000-300x225.jpg 300w, https:\/\/udruga-106br.hr\/wp-content\/uploads\/2022\/12\/IMG-20221205-WA0000-768x576.jpg 768w\" sizes=\"auto, (max-width: 562px) 100vw, 562px\" \/><\/figure>\n<!-- AddThis Advanced Settings generic via filter on the_content --><!-- AddThis Share Buttons generic via filter on the_content -->","protected":false},"excerpt":{"rendered":"<p>U subotu smo u prostorima na\u0161e Udruge s ponosom ugostili velikog sporta\u0161a i direktora \u0160portskih objekata Osijek, Roberta Seligmana i predsjednika odbora za branitelje, Juricu Tolja. Do\u010dekani su od strane \u010dlanova predsjedni\u0161tva Udruge.<!-- AddThis Advanced Settings generic via filter on get_the_excerpt --><!-- AddThis Share Buttons generic via filter on get_the_excerpt --><\/p>\n","protected":false},"author":1,"featured_media":0,"comment_status":"closed","ping_status":"closed","sticky":false,"template":"","format":"standard","meta":{"footnotes":""},"categories":[32],"tags":[],"class_list":["post-1739","post","type-post","status-publish","format-standard","hentry","category-iz-zivota-udruge"],"_links":{"self":[{"href":"https:\/\/udruga-106br.hr\/index.php\/wp-json\/wp\/v2\/posts\/1739","targetHints":{"allow":["GET"]}}],"collection":[{"href":"https:\/\/udruga-106br.hr\/index.php\/wp-json\/wp\/v2\/posts"}],"about":[{"href":"https:\/\/udruga-106br.hr\/index.php\/wp-json\/wp\/v2\/types\/post"}],"author":[{"embeddable":true,"href":"https:\/\/udruga-106br.hr\/index.php\/wp-json\/wp\/v2\/users\/1"}],"replies":[{"embeddable":true,"href":"https:\/\/udruga-106br.hr\/index.php\/wp-json\/wp\/v2\/comments?post=1739"}],"version-history":[{"count":1,"href":"https:\/\/udruga-106br.hr\/index.php\/wp-json\/wp\/v2\/posts\/1739\/revisions"}],"predecessor-version":[{"id":1743,"href":"https:\/\/udruga-106br.hr\/index.php\/wp-json\/wp\/v2\/posts\/1739\/revisions\/1743"}],"wp:attachment":[{"href":"https:\/\/udruga-106br.hr\/index.php\/wp-json\/wp\/v2\/media?parent=1739"}],"wp:term":[{"taxonomy":"category","embeddable":true,"href":"https:\/\/udruga-106br.hr\/index.php\/wp-json\/wp\/v2\/categories?post=1739"},{"taxonomy":"post_tag","embeddable":true,"href":"https:\/\/udruga-106br.hr\/index.php\/wp-json\/wp\/v2\/tags?post=1739"}],"curies":[{"name":"wp","href":"https:\/\/api.w.org\/{rel}","templated":true}]}}