{"id":1744,"date":"2022-12-05T20:26:31","date_gmt":"2022-12-05T19:26:31","guid":{"rendered":"https:\/\/udruga-106br.hr\/?p=1744"},"modified":"2025-10-17T21:54:11","modified_gmt":"2025-10-17T19:54:11","slug":"obiljezavanje-dana-obrane-grada-osijeka","status":"publish","type":"post","link":"https:\/\/udruga-106br.hr\/index.php\/obiljezavanje-dana-obrane-grada-osijeka\/","title":{"rendered":"Obilje\u017eavanje Dana obrane grada Osijeka"},"content":{"rendered":"\n<p>Danas,  5. 12. na Dan obrane grada zapalili smo svije\u0107e i polo\u017eili vijence na spomen obilje\u017eja u Sv. Roku, Filipovici, Brijestu, Industrijskoj \u010detvrti, Tenji i Nemetinu.<\/p>\n\n\n\n<figure class=\"wp-block-image size-large\"><img loading=\"lazy\" decoding=\"async\" width=\"1024\" height=\"576\" src=\"https:\/\/udruga-106br.hr\/wp-content\/uploads\/2022\/12\/IMG-21d8e77766a68ae139211fee62556aa1-V-1024x576.jpg\" alt=\"\" class=\"wp-image-1745\" srcset=\"https:\/\/udruga-106br.hr\/wp-content\/uploads\/2022\/12\/IMG-21d8e77766a68ae139211fee62556aa1-V-1024x576.jpg 1024w, https:\/\/udruga-106br.hr\/wp-content\/uploads\/2022\/12\/IMG-21d8e77766a68ae139211fee62556aa1-V-300x169.jpg 300w, https:\/\/udruga-106br.hr\/wp-content\/uploads\/2022\/12\/IMG-21d8e77766a68ae139211fee62556aa1-V-768x432.jpg 768w, https:\/\/udruga-106br.hr\/wp-content\/uploads\/2022\/12\/IMG-21d8e77766a68ae139211fee62556aa1-V-1536x864.jpg 1536w, https:\/\/udruga-106br.hr\/wp-content\/uploads\/2022\/12\/IMG-21d8e77766a68ae139211fee62556aa1-V.jpg 1600w\" sizes=\"auto, (max-width: 1024px) 100vw, 1024px\" \/><\/figure>\n\n\n\n<figure class=\"wp-block-image size-large\"><img loading=\"lazy\" decoding=\"async\" width=\"1024\" height=\"576\" src=\"https:\/\/udruga-106br.hr\/wp-content\/uploads\/2022\/12\/IMG-fe189272a6e3325df1af51abdecd620d-V-1024x576.jpg\" alt=\"\" class=\"wp-image-1746\" srcset=\"https:\/\/udruga-106br.hr\/wp-content\/uploads\/2022\/12\/IMG-fe189272a6e3325df1af51abdecd620d-V-1024x576.jpg 1024w, https:\/\/udruga-106br.hr\/wp-content\/uploads\/2022\/12\/IMG-fe189272a6e3325df1af51abdecd620d-V-300x169.jpg 300w, https:\/\/udruga-106br.hr\/wp-content\/uploads\/2022\/12\/IMG-fe189272a6e3325df1af51abdecd620d-V-768x432.jpg 768w, https:\/\/udruga-106br.hr\/wp-content\/uploads\/2022\/12\/IMG-fe189272a6e3325df1af51abdecd620d-V-1536x864.jpg 1536w, https:\/\/udruga-106br.hr\/wp-content\/uploads\/2022\/12\/IMG-fe189272a6e3325df1af51abdecd620d-V.jpg 1600w\" sizes=\"auto, (max-width: 1024px) 100vw, 1024px\" \/><\/figure>\n\n\n\n<figure class=\"wp-block-image size-large\"><img loading=\"lazy\" decoding=\"async\" width=\"1024\" height=\"576\" src=\"https:\/\/udruga-106br.hr\/wp-content\/uploads\/2022\/12\/IMG-ac46041f381157afda29eb6137e936ba-V-1024x576.jpg\" alt=\"\" class=\"wp-image-1747\" srcset=\"https:\/\/udruga-106br.hr\/wp-content\/uploads\/2022\/12\/IMG-ac46041f381157afda29eb6137e936ba-V-1024x576.jpg 1024w, https:\/\/udruga-106br.hr\/wp-content\/uploads\/2022\/12\/IMG-ac46041f381157afda29eb6137e936ba-V-300x169.jpg 300w, https:\/\/udruga-106br.hr\/wp-content\/uploads\/2022\/12\/IMG-ac46041f381157afda29eb6137e936ba-V-768x432.jpg 768w, https:\/\/udruga-106br.hr\/wp-content\/uploads\/2022\/12\/IMG-ac46041f381157afda29eb6137e936ba-V-1536x864.jpg 1536w, https:\/\/udruga-106br.hr\/wp-content\/uploads\/2022\/12\/IMG-ac46041f381157afda29eb6137e936ba-V.jpg 1600w\" sizes=\"auto, (max-width: 1024px) 100vw, 1024px\" \/><\/figure>\n\n\n\n<figure class=\"wp-block-image size-large\"><img loading=\"lazy\" decoding=\"async\" width=\"1024\" height=\"576\" src=\"https:\/\/udruga-106br.hr\/wp-content\/uploads\/2022\/12\/IMG-ca266068f9f8bebd8dc76266ae042668-V-1024x576.jpg\" alt=\"\" class=\"wp-image-1748\" srcset=\"https:\/\/udruga-106br.hr\/wp-content\/uploads\/2022\/12\/IMG-ca266068f9f8bebd8dc76266ae042668-V-1024x576.jpg 1024w, https:\/\/udruga-106br.hr\/wp-content\/uploads\/2022\/12\/IMG-ca266068f9f8bebd8dc76266ae042668-V-300x169.jpg 300w, https:\/\/udruga-106br.hr\/wp-content\/uploads\/2022\/12\/IMG-ca266068f9f8bebd8dc76266ae042668-V-768x432.jpg 768w, https:\/\/udruga-106br.hr\/wp-content\/uploads\/2022\/12\/IMG-ca266068f9f8bebd8dc76266ae042668-V-1536x864.jpg 1536w, https:\/\/udruga-106br.hr\/wp-content\/uploads\/2022\/12\/IMG-ca266068f9f8bebd8dc76266ae042668-V.jpg 1600w\" sizes=\"auto, (max-width: 1024px) 100vw, 1024px\" \/><\/figure>\n\n\n\n<figure class=\"wp-block-image size-large\"><img loading=\"lazy\" decoding=\"async\" width=\"1024\" height=\"683\" src=\"https:\/\/udruga-106br.hr\/wp-content\/uploads\/2022\/12\/IMG-3d6a875722831a6a1e3676d6eeebee85-V-1024x683.jpg\" alt=\"\" class=\"wp-image-1749\" srcset=\"https:\/\/udruga-106br.hr\/wp-content\/uploads\/2022\/12\/IMG-3d6a875722831a6a1e3676d6eeebee85-V-1024x683.jpg 1024w, https:\/\/udruga-106br.hr\/wp-content\/uploads\/2022\/12\/IMG-3d6a875722831a6a1e3676d6eeebee85-V-300x200.jpg 300w, https:\/\/udruga-106br.hr\/wp-content\/uploads\/2022\/12\/IMG-3d6a875722831a6a1e3676d6eeebee85-V-768x512.jpg 768w, https:\/\/udruga-106br.hr\/wp-content\/uploads\/2022\/12\/IMG-3d6a875722831a6a1e3676d6eeebee85-V-1536x1024.jpg 1536w, https:\/\/udruga-106br.hr\/wp-content\/uploads\/2022\/12\/IMG-3d6a875722831a6a1e3676d6eeebee85-V.jpg 1600w\" sizes=\"auto, (max-width: 1024px) 100vw, 1024px\" \/><\/figure>\n\n\n\n<figure class=\"wp-block-image size-large\"><img loading=\"lazy\" decoding=\"async\" width=\"1024\" height=\"683\" src=\"https:\/\/udruga-106br.hr\/wp-content\/uploads\/2022\/12\/IMG-8811883906b76d490a13aeac479b05fc-V-1024x683.jpg\" alt=\"\" class=\"wp-image-1750\" srcset=\"https:\/\/udruga-106br.hr\/wp-content\/uploads\/2022\/12\/IMG-8811883906b76d490a13aeac479b05fc-V-1024x683.jpg 1024w, https:\/\/udruga-106br.hr\/wp-content\/uploads\/2022\/12\/IMG-8811883906b76d490a13aeac479b05fc-V-300x200.jpg 300w, https:\/\/udruga-106br.hr\/wp-content\/uploads\/2022\/12\/IMG-8811883906b76d490a13aeac479b05fc-V-768x512.jpg 768w, https:\/\/udruga-106br.hr\/wp-content\/uploads\/2022\/12\/IMG-8811883906b76d490a13aeac479b05fc-V-1536x1024.jpg 1536w, https:\/\/udruga-106br.hr\/wp-content\/uploads\/2022\/12\/IMG-8811883906b76d490a13aeac479b05fc-V.jpg 1600w\" sizes=\"auto, (max-width: 1024px) 100vw, 1024px\" \/><\/figure>\n<!-- AddThis Advanced Settings generic via filter on the_content --><!-- AddThis Share Buttons generic via filter on the_content -->","protected":false},"excerpt":{"rendered":"<p>Danas, 5. 12. na Dan obrane grada zapalili smo svije\u0107e i polo\u017eili vijence na spomen obilje\u017eja u Sv. Roku, Filipovici, Brijestu, Industrijskoj \u010detvrti, Tenji i Nemetinu.<!-- AddThis Advanced Settings generic via filter on get_the_excerpt --><!-- AddThis Share Buttons generic via filter on get_the_excerpt --><\/p>\n","protected":false},"author":1,"featured_media":0,"comment_status":"closed","ping_status":"closed","sticky":false,"template":"","format":"standard","meta":{"footnotes":""},"categories":[32],"tags":[],"class_list":["post-1744","post","type-post","status-publish","format-standard","hentry","category-iz-zivota-udruge"],"_links":{"self":[{"href":"https:\/\/udruga-106br.hr\/index.php\/wp-json\/wp\/v2\/posts\/1744","targetHints":{"allow":["GET"]}}],"collection":[{"href":"https:\/\/udruga-106br.hr\/index.php\/wp-json\/wp\/v2\/posts"}],"about":[{"href":"https:\/\/udruga-106br.hr\/index.php\/wp-json\/wp\/v2\/types\/post"}],"author":[{"embeddable":true,"href":"https:\/\/udruga-106br.hr\/index.php\/wp-json\/wp\/v2\/users\/1"}],"replies":[{"embeddable":true,"href":"https:\/\/udruga-106br.hr\/index.php\/wp-json\/wp\/v2\/comments?post=1744"}],"version-history":[{"count":1,"href":"https:\/\/udruga-106br.hr\/index.php\/wp-json\/wp\/v2\/posts\/1744\/revisions"}],"predecessor-version":[{"id":1751,"href":"https:\/\/udruga-106br.hr\/index.php\/wp-json\/wp\/v2\/posts\/1744\/revisions\/1751"}],"wp:attachment":[{"href":"https:\/\/udruga-106br.hr\/index.php\/wp-json\/wp\/v2\/media?parent=1744"}],"wp:term":[{"taxonomy":"category","embeddable":true,"href":"https:\/\/udruga-106br.hr\/index.php\/wp-json\/wp\/v2\/categories?post=1744"},{"taxonomy":"post_tag","embeddable":true,"href":"https:\/\/udruga-106br.hr\/index.php\/wp-json\/wp\/v2\/tags?post=1744"}],"curies":[{"name":"wp","href":"https:\/\/api.w.org\/{rel}","templated":true}]}}