{"id":1752,"date":"2022-12-05T20:36:32","date_gmt":"2022-12-05T19:36:32","guid":{"rendered":"https:\/\/udruga-106br.hr\/?p=1752"},"modified":"2025-10-17T21:54:11","modified_gmt":"2025-10-17T19:54:11","slug":"odrzana-izlozba-neunistivi-grad-da-se-ne-zaboravi-povodom-dana-obrane-grada","status":"publish","type":"post","link":"https:\/\/udruga-106br.hr\/index.php\/odrzana-izlozba-neunistivi-grad-da-se-ne-zaboravi-povodom-dana-obrane-grada\/","title":{"rendered":"Odr\u017eana izlo\u017eba Neuni\u0161tivi grad &#8211;  da se ne zaboravi povodom Dana obrane grada"},"content":{"rendered":"\n<figure class=\"wp-block-image size-large is-resized\"><img loading=\"lazy\" decoding=\"async\" src=\"https:\/\/udruga-106br.hr\/wp-content\/uploads\/2022\/12\/20221205_194116-1024x768.jpg\" alt=\"\" class=\"wp-image-1753\" width=\"574\" height=\"430\" srcset=\"https:\/\/udruga-106br.hr\/wp-content\/uploads\/2022\/12\/20221205_194116-1024x768.jpg 1024w, https:\/\/udruga-106br.hr\/wp-content\/uploads\/2022\/12\/20221205_194116-300x225.jpg 300w, https:\/\/udruga-106br.hr\/wp-content\/uploads\/2022\/12\/20221205_194116-768x576.jpg 768w, https:\/\/udruga-106br.hr\/wp-content\/uploads\/2022\/12\/20221205_194116-1536x1152.jpg 1536w, https:\/\/udruga-106br.hr\/wp-content\/uploads\/2022\/12\/20221205_194116-2048x1536.jpg 2048w\" sizes=\"auto, (max-width: 574px) 100vw, 574px\" \/><\/figure>\n\n\n\n<p><\/p>\n\n\n\n<p>Povodom obilje\u017eavanja Dana grada Osijeka 2. prosinca i Dana obrane grada Osijeka 5. prosinca, Udruga 106. brigade ZNH RH pod pokroviteljstvom Ministarstva hrvatskih branitelja, organizira \u010detvrtu izlo\u017ebu ratnih fotografija pod nazivom <strong>NEUNI\u0160TIVI GRAD \u2013 <em>Da se ne zaboravi<\/em>.<\/strong><\/p>\n\n\n\n<figure class=\"wp-block-image size-large is-resized\"><img loading=\"lazy\" decoding=\"async\" src=\"https:\/\/udruga-106br.hr\/wp-content\/uploads\/2022\/12\/20221205_193018-1024x768.jpg\" alt=\"\" class=\"wp-image-1754\" width=\"577\" height=\"432\" srcset=\"https:\/\/udruga-106br.hr\/wp-content\/uploads\/2022\/12\/20221205_193018-1024x768.jpg 1024w, https:\/\/udruga-106br.hr\/wp-content\/uploads\/2022\/12\/20221205_193018-300x225.jpg 300w, https:\/\/udruga-106br.hr\/wp-content\/uploads\/2022\/12\/20221205_193018-768x576.jpg 768w, https:\/\/udruga-106br.hr\/wp-content\/uploads\/2022\/12\/20221205_193018-1536x1152.jpg 1536w, https:\/\/udruga-106br.hr\/wp-content\/uploads\/2022\/12\/20221205_193018-2048x1536.jpg 2048w\" sizes=\"auto, (max-width: 577px) 100vw, 577px\" \/><\/figure>\n\n\n\n<figure class=\"wp-block-image size-large is-resized\"><img loading=\"lazy\" decoding=\"async\" src=\"https:\/\/udruga-106br.hr\/wp-content\/uploads\/2022\/12\/20221205_190705-929x1024.jpg\" alt=\"\" class=\"wp-image-1755\" width=\"581\" height=\"640\" srcset=\"https:\/\/udruga-106br.hr\/wp-content\/uploads\/2022\/12\/20221205_190705-929x1024.jpg 929w, https:\/\/udruga-106br.hr\/wp-content\/uploads\/2022\/12\/20221205_190705-272x300.jpg 272w, https:\/\/udruga-106br.hr\/wp-content\/uploads\/2022\/12\/20221205_190705-768x847.jpg 768w, https:\/\/udruga-106br.hr\/wp-content\/uploads\/2022\/12\/20221205_190705-1393x1536.jpg 1393w, https:\/\/udruga-106br.hr\/wp-content\/uploads\/2022\/12\/20221205_190705-1857x2048.jpg 1857w\" sizes=\"auto, (max-width: 581px) 100vw, 581px\" \/><\/figure>\n\n\n\n<p><\/p>\n\n\n\n<p>Ovoga puta autor svih fotografija je Predrag Ivankovi\u0107 Pjer, biv\u0161i pripadnik 106. brigade, izvidni\u010dke satnije a kasnije izvi\u0111a\u010d u topni\u0161tvu. Pjer je ro\u0111en u Osijeku 13. prosinca 1961. gdje zavr\u0161io osnovnu i srednju \u0161kolu, a potom geodetski fakultet.<\/p>\n\n\n\n<figure class=\"wp-block-image size-large is-resized\"><img loading=\"lazy\" decoding=\"async\" src=\"https:\/\/udruga-106br.hr\/wp-content\/uploads\/2022\/12\/20221205_193116-997x1024.jpg\" alt=\"\" class=\"wp-image-1756\" width=\"582\" height=\"597\" srcset=\"https:\/\/udruga-106br.hr\/wp-content\/uploads\/2022\/12\/20221205_193116-997x1024.jpg 997w, https:\/\/udruga-106br.hr\/wp-content\/uploads\/2022\/12\/20221205_193116-292x300.jpg 292w, https:\/\/udruga-106br.hr\/wp-content\/uploads\/2022\/12\/20221205_193116-768x789.jpg 768w, https:\/\/udruga-106br.hr\/wp-content\/uploads\/2022\/12\/20221205_193116-1496x1536.jpg 1496w, https:\/\/udruga-106br.hr\/wp-content\/uploads\/2022\/12\/20221205_193116-1995x2048.jpg 1995w\" sizes=\"auto, (max-width: 582px) 100vw, 582px\" \/><\/figure>\n\n\n\n<figure class=\"wp-block-image size-large is-resized\"><img loading=\"lazy\" decoding=\"async\" src=\"https:\/\/udruga-106br.hr\/wp-content\/uploads\/2022\/12\/20221205_190253-1024x1009.jpg\" alt=\"\" class=\"wp-image-1757\" width=\"585\" height=\"576\" srcset=\"https:\/\/udruga-106br.hr\/wp-content\/uploads\/2022\/12\/20221205_190253-1024x1009.jpg 1024w, https:\/\/udruga-106br.hr\/wp-content\/uploads\/2022\/12\/20221205_190253-300x296.jpg 300w, https:\/\/udruga-106br.hr\/wp-content\/uploads\/2022\/12\/20221205_190253-768x757.jpg 768w, https:\/\/udruga-106br.hr\/wp-content\/uploads\/2022\/12\/20221205_190253-1536x1513.jpg 1536w, https:\/\/udruga-106br.hr\/wp-content\/uploads\/2022\/12\/20221205_190253-2048x2018.jpg 2048w\" sizes=\"auto, (max-width: 585px) 100vw, 585px\" \/><\/figure>\n\n\n\n<p><\/p>\n\n\n\n<p>Fotografije odra\u017eavaju doga\u0111anja toga vremena. Dokumenti su agresije koju su pre\u017eivjele zgrade, avioni, tvornice, mostovi, sakralni objekti, HNK Osijek,\u2026<\/p>\n\n\n\n<p>&nbsp;Ova izlo\u017eba je prva izlo\u017eba u novoj galeriji Foto art-a, u Peja\u010devi\u0107evoj ulici u Osijeku. To nam je kao Udruzi veliko priznanje da cilj koji smo si postavili, a to je prikupljanje fotografija iz Domovinskog rata za potrebe Muzeja Slavonije i Odjela Domovinskog rata, ostvarujemo. <\/p>\n\n\n\n<figure class=\"wp-block-image size-large is-resized\"><img loading=\"lazy\" decoding=\"async\" src=\"https:\/\/udruga-106br.hr\/wp-content\/uploads\/2022\/12\/20221205_193022-1024x768.jpg\" alt=\"\" class=\"wp-image-1758\" width=\"586\" height=\"439\" srcset=\"https:\/\/udruga-106br.hr\/wp-content\/uploads\/2022\/12\/20221205_193022-1024x768.jpg 1024w, https:\/\/udruga-106br.hr\/wp-content\/uploads\/2022\/12\/20221205_193022-300x225.jpg 300w, https:\/\/udruga-106br.hr\/wp-content\/uploads\/2022\/12\/20221205_193022-768x576.jpg 768w, https:\/\/udruga-106br.hr\/wp-content\/uploads\/2022\/12\/20221205_193022-1536x1152.jpg 1536w, https:\/\/udruga-106br.hr\/wp-content\/uploads\/2022\/12\/20221205_193022-2048x1536.jpg 2048w\" sizes=\"auto, (max-width: 586px) 100vw, 586px\" \/><\/figure>\n\n\n\n<p><\/p>\n\n\n\n<p>Zahvaljujemo se MHB-u, OB\u017d-u i Gradu Osijeku te Foto Art-u, Marinu i Domagoju Topi\u0107u na izboru, izradi\u00a0 i opremanju fotografija te postavljanju izlo\u017ebe. <\/p>\n\n\n\n<p><strong>MEDIJSKI POPRATILI:<\/strong><\/p>\n\n\n\n<p>\u00a0https:\/\/radio.hrt.hr\/radio-osijek\/vijesti\/neunistivi-grad-da-se-ne-zaboravi-0-10484264<\/p>\n\n\n\n<figure class=\"wp-block-embed is-type-video is-provider-youtube wp-block-embed-youtube wp-embed-aspect-16-9 wp-has-aspect-ratio\"><div class=\"wp-block-embed__wrapper\">\n<iframe loading=\"lazy\" title=\"Izlo\u017eba fotografija &quot; Neuni\u0161tivi grad \u2013 da se nikada ne zaboravi&quot;\" width=\"660\" height=\"371\" src=\"https:\/\/www.youtube.com\/embed\/fk6sO-PHIKU?feature=oembed\" frameborder=\"0\" allow=\"accelerometer; autoplay; clipboard-write; encrypted-media; gyroscope; picture-in-picture; web-share\" referrerpolicy=\"strict-origin-when-cross-origin\" allowfullscreen><\/iframe>\n<\/div><\/figure>\n\n\n\n<p><\/p>\n<!-- AddThis Advanced Settings generic via filter on the_content --><!-- AddThis Share Buttons generic via filter on the_content -->","protected":false},"excerpt":{"rendered":"<p>Povodom obilje\u017eavanja Dana grada Osijeka 2. prosinca i Dana obrane grada Osijeka 5. prosinca, Udruga 106. brigade ZNH RH pod pokroviteljstvom Ministarstva hrvatskih branitelja, organizira \u010detvrtu izlo\u017ebu ratnih fotografija pod nazivom NEUNI\u0160TIVI GRAD \u2013 Da se ne zaboravi. Ovoga puta autor svih fotografija je Predrag Ivankovi\u0107 Pjer, biv\u0161i pripadnik 106. brigade, izvidni\u010dke satnije a kasnije &hellip; <a href=\"https:\/\/udruga-106br.hr\/index.php\/odrzana-izlozba-neunistivi-grad-da-se-ne-zaboravi-povodom-dana-obrane-grada\/\" class=\"more-link\">Nastavi \u010ditati <span class=\"screen-reader-text\">Odr\u017eana izlo\u017eba Neuni\u0161tivi grad &#8211;  da se ne zaboravi povodom Dana obrane grada<\/span><\/a><!-- AddThis Advanced Settings generic via filter on get_the_excerpt --><!-- AddThis Share Buttons generic via filter on get_the_excerpt --><\/p>\n","protected":false},"author":1,"featured_media":0,"comment_status":"closed","ping_status":"closed","sticky":false,"template":"","format":"standard","meta":{"footnotes":""},"categories":[32],"tags":[],"class_list":["post-1752","post","type-post","status-publish","format-standard","hentry","category-iz-zivota-udruge"],"_links":{"self":[{"href":"https:\/\/udruga-106br.hr\/index.php\/wp-json\/wp\/v2\/posts\/1752","targetHints":{"allow":["GET"]}}],"collection":[{"href":"https:\/\/udruga-106br.hr\/index.php\/wp-json\/wp\/v2\/posts"}],"about":[{"href":"https:\/\/udruga-106br.hr\/index.php\/wp-json\/wp\/v2\/types\/post"}],"author":[{"embeddable":true,"href":"https:\/\/udruga-106br.hr\/index.php\/wp-json\/wp\/v2\/users\/1"}],"replies":[{"embeddable":true,"href":"https:\/\/udruga-106br.hr\/index.php\/wp-json\/wp\/v2\/comments?post=1752"}],"version-history":[{"count":2,"href":"https:\/\/udruga-106br.hr\/index.php\/wp-json\/wp\/v2\/posts\/1752\/revisions"}],"predecessor-version":[{"id":1761,"href":"https:\/\/udruga-106br.hr\/index.php\/wp-json\/wp\/v2\/posts\/1752\/revisions\/1761"}],"wp:attachment":[{"href":"https:\/\/udruga-106br.hr\/index.php\/wp-json\/wp\/v2\/media?parent=1752"}],"wp:term":[{"taxonomy":"category","embeddable":true,"href":"https:\/\/udruga-106br.hr\/index.php\/wp-json\/wp\/v2\/categories?post=1752"},{"taxonomy":"post_tag","embeddable":true,"href":"https:\/\/udruga-106br.hr\/index.php\/wp-json\/wp\/v2\/tags?post=1752"}],"curies":[{"name":"wp","href":"https:\/\/api.w.org\/{rel}","templated":true}]}}