{"id":1762,"date":"2022-12-07T22:26:31","date_gmt":"2022-12-07T21:26:31","guid":{"rendered":"https:\/\/udruga-106br.hr\/?p=1762"},"modified":"2025-10-17T21:54:11","modified_gmt":"2025-10-17T19:54:11","slug":"obiljezavanje-obljetnice-smrtno-stradalih-pripadnika-68-bojne-vojne-policije","status":"publish","type":"post","link":"https:\/\/udruga-106br.hr\/index.php\/obiljezavanje-obljetnice-smrtno-stradalih-pripadnika-68-bojne-vojne-policije\/","title":{"rendered":"Obilje\u017eavanje obljetnice smrtno stradalih pripadnika 68. bojne vojne policije"},"content":{"rendered":"\n<figure class=\"wp-block-image size-full\"><img loading=\"lazy\" decoding=\"async\" width=\"960\" height=\"640\" src=\"https:\/\/udruga-106br.hr\/wp-content\/uploads\/2022\/12\/IMG-20221207-WA0002.jpg\" alt=\"\" class=\"wp-image-1764\" srcset=\"https:\/\/udruga-106br.hr\/wp-content\/uploads\/2022\/12\/IMG-20221207-WA0002.jpg 960w, https:\/\/udruga-106br.hr\/wp-content\/uploads\/2022\/12\/IMG-20221207-WA0002-300x200.jpg 300w, https:\/\/udruga-106br.hr\/wp-content\/uploads\/2022\/12\/IMG-20221207-WA0002-768x512.jpg 768w\" sizes=\"auto, (max-width: 960px) 100vw, 960px\" \/><\/figure>\n\n\n\n<p>Danas, 7. 12. polo\u017eeni su vijenci i zapaljene svije\u0107e u sje\u0107anje na smrtno stradale pripadnike 68. bojne vojne policije.<\/p>\n\n\n\n<figure class=\"wp-block-image size-full\"><img loading=\"lazy\" decoding=\"async\" width=\"960\" height=\"640\" src=\"https:\/\/udruga-106br.hr\/wp-content\/uploads\/2022\/12\/IMG-20221207-WA0003.jpg\" alt=\"\" class=\"wp-image-1763\" srcset=\"https:\/\/udruga-106br.hr\/wp-content\/uploads\/2022\/12\/IMG-20221207-WA0003.jpg 960w, https:\/\/udruga-106br.hr\/wp-content\/uploads\/2022\/12\/IMG-20221207-WA0003-300x200.jpg 300w, https:\/\/udruga-106br.hr\/wp-content\/uploads\/2022\/12\/IMG-20221207-WA0003-768x512.jpg 768w\" sizes=\"auto, (max-width: 960px) 100vw, 960px\" \/><\/figure>\n<!-- AddThis Advanced Settings generic via filter on the_content --><!-- AddThis Share Buttons generic via filter on the_content -->","protected":false},"excerpt":{"rendered":"<p>Danas, 7. 12. polo\u017eeni su vijenci i zapaljene svije\u0107e u sje\u0107anje na smrtno stradale pripadnike 68. bojne vojne policije.<!-- AddThis Advanced Settings generic via filter on get_the_excerpt --><!-- AddThis Share Buttons generic via filter on get_the_excerpt --><\/p>\n","protected":false},"author":1,"featured_media":0,"comment_status":"closed","ping_status":"closed","sticky":false,"template":"","format":"standard","meta":{"footnotes":""},"categories":[32],"tags":[],"class_list":["post-1762","post","type-post","status-publish","format-standard","hentry","category-iz-zivota-udruge"],"_links":{"self":[{"href":"https:\/\/udruga-106br.hr\/index.php\/wp-json\/wp\/v2\/posts\/1762","targetHints":{"allow":["GET"]}}],"collection":[{"href":"https:\/\/udruga-106br.hr\/index.php\/wp-json\/wp\/v2\/posts"}],"about":[{"href":"https:\/\/udruga-106br.hr\/index.php\/wp-json\/wp\/v2\/types\/post"}],"author":[{"embeddable":true,"href":"https:\/\/udruga-106br.hr\/index.php\/wp-json\/wp\/v2\/users\/1"}],"replies":[{"embeddable":true,"href":"https:\/\/udruga-106br.hr\/index.php\/wp-json\/wp\/v2\/comments?post=1762"}],"version-history":[{"count":1,"href":"https:\/\/udruga-106br.hr\/index.php\/wp-json\/wp\/v2\/posts\/1762\/revisions"}],"predecessor-version":[{"id":1765,"href":"https:\/\/udruga-106br.hr\/index.php\/wp-json\/wp\/v2\/posts\/1762\/revisions\/1765"}],"wp:attachment":[{"href":"https:\/\/udruga-106br.hr\/index.php\/wp-json\/wp\/v2\/media?parent=1762"}],"wp:term":[{"taxonomy":"category","embeddable":true,"href":"https:\/\/udruga-106br.hr\/index.php\/wp-json\/wp\/v2\/categories?post=1762"},{"taxonomy":"post_tag","embeddable":true,"href":"https:\/\/udruga-106br.hr\/index.php\/wp-json\/wp\/v2\/tags?post=1762"}],"curies":[{"name":"wp","href":"https:\/\/api.w.org\/{rel}","templated":true}]}}