{"id":1784,"date":"2022-12-14T13:23:16","date_gmt":"2022-12-14T12:23:16","guid":{"rendered":"https:\/\/udruga-106br.hr\/?p=1784"},"modified":"2025-10-17T21:54:11","modified_gmt":"2025-10-17T19:54:11","slug":"sjecanje-na-zrtvu-vocina","status":"publish","type":"post","link":"https:\/\/udruga-106br.hr\/index.php\/sjecanje-na-zrtvu-vocina\/","title":{"rendered":"Sje\u0107anje na \u017ertvu Vo\u0107ina"},"content":{"rendered":"\n<p>Kao i prija\u0161njih godina, u nedjelju 13. prosinca u Vo\u0107inu su ve\u0107 od ranih jutarnjih sati po\u010deli pristizati hodo\u010dasnici iz cijele RH. <\/p>\n\n\n\n<figure class=\"wp-block-image size-large is-resized\"><img loading=\"lazy\" decoding=\"async\" src=\"https:\/\/udruga-106br.hr\/wp-content\/uploads\/2022\/12\/IMG-394cf0dfab1021f7d4211ba2fbc73582-V-1-768x1024.jpg\" alt=\"\" class=\"wp-image-1791\" width=\"429\" height=\"572\" srcset=\"https:\/\/udruga-106br.hr\/wp-content\/uploads\/2022\/12\/IMG-394cf0dfab1021f7d4211ba2fbc73582-V-1-768x1024.jpg 768w, https:\/\/udruga-106br.hr\/wp-content\/uploads\/2022\/12\/IMG-394cf0dfab1021f7d4211ba2fbc73582-V-1-225x300.jpg 225w, https:\/\/udruga-106br.hr\/wp-content\/uploads\/2022\/12\/IMG-394cf0dfab1021f7d4211ba2fbc73582-V-1-1152x1536.jpg 1152w, https:\/\/udruga-106br.hr\/wp-content\/uploads\/2022\/12\/IMG-394cf0dfab1021f7d4211ba2fbc73582-V-1.jpg 1200w\" sizes=\"auto, (max-width: 429px) 100vw, 429px\" \/><\/figure>\n\n\n\n<figure class=\"wp-block-image size-large is-resized\"><img loading=\"lazy\" decoding=\"async\" src=\"https:\/\/udruga-106br.hr\/wp-content\/uploads\/2022\/12\/IMG-c2fe2ec3b140edb0c631669afc108ddb-V-768x1024.jpg\" alt=\"\" class=\"wp-image-1792\" width=\"429\" height=\"571\" srcset=\"https:\/\/udruga-106br.hr\/wp-content\/uploads\/2022\/12\/IMG-c2fe2ec3b140edb0c631669afc108ddb-V-768x1024.jpg 768w, https:\/\/udruga-106br.hr\/wp-content\/uploads\/2022\/12\/IMG-c2fe2ec3b140edb0c631669afc108ddb-V-225x300.jpg 225w, https:\/\/udruga-106br.hr\/wp-content\/uploads\/2022\/12\/IMG-c2fe2ec3b140edb0c631669afc108ddb-V-1152x1536.jpg 1152w, https:\/\/udruga-106br.hr\/wp-content\/uploads\/2022\/12\/IMG-c2fe2ec3b140edb0c631669afc108ddb-V.jpg 1200w\" sizes=\"auto, (max-width: 429px) 100vw, 429px\" \/><\/figure>\n\n\n\n<p>U znak sje\u0107anja na 47 nedu\u017enih vo\u0107inskih \u017ertava branitelji, vojska i policija sudjelovali su na 7. hodo\u010da\u0161\u0107u Gospi Vo\u0107inskoj. <\/p>\n\n\n\n<figure class=\"wp-block-image size-large is-resized\"><img loading=\"lazy\" decoding=\"async\" src=\"https:\/\/udruga-106br.hr\/wp-content\/uploads\/2022\/12\/IMG-10667b6431d0b41210fb6384f12e09d9-V-768x1024.jpg\" alt=\"\" class=\"wp-image-1794\" width=\"429\" height=\"572\" srcset=\"https:\/\/udruga-106br.hr\/wp-content\/uploads\/2022\/12\/IMG-10667b6431d0b41210fb6384f12e09d9-V-768x1024.jpg 768w, https:\/\/udruga-106br.hr\/wp-content\/uploads\/2022\/12\/IMG-10667b6431d0b41210fb6384f12e09d9-V-225x300.jpg 225w, https:\/\/udruga-106br.hr\/wp-content\/uploads\/2022\/12\/IMG-10667b6431d0b41210fb6384f12e09d9-V-1152x1536.jpg 1152w, https:\/\/udruga-106br.hr\/wp-content\/uploads\/2022\/12\/IMG-10667b6431d0b41210fb6384f12e09d9-V.jpg 1200w\" sizes=\"auto, (max-width: 429px) 100vw, 429px\" \/><\/figure>\n\n\n\n<p>Nakon svete mise odr\u017eana je komemoracija kod sredi\u0161njeg spomen obilje\u017eja u centru Vo\u0107ina gdje su polo\u017eeni vijenci i zapaljene svije\u0107e u spomen na \u017ertve.<\/p>\n\n\n\n<figure class=\"wp-block-image size-large is-resized\"><img loading=\"lazy\" decoding=\"async\" src=\"https:\/\/udruga-106br.hr\/wp-content\/uploads\/2022\/12\/IMG-3a5e598e632558e7af8a03331944682a-V-768x1024.jpg\" alt=\"\" class=\"wp-image-1795\" width=\"431\" height=\"575\" srcset=\"https:\/\/udruga-106br.hr\/wp-content\/uploads\/2022\/12\/IMG-3a5e598e632558e7af8a03331944682a-V-768x1024.jpg 768w, https:\/\/udruga-106br.hr\/wp-content\/uploads\/2022\/12\/IMG-3a5e598e632558e7af8a03331944682a-V-225x300.jpg 225w, https:\/\/udruga-106br.hr\/wp-content\/uploads\/2022\/12\/IMG-3a5e598e632558e7af8a03331944682a-V-1152x1536.jpg 1152w, https:\/\/udruga-106br.hr\/wp-content\/uploads\/2022\/12\/IMG-3a5e598e632558e7af8a03331944682a-V.jpg 1200w\" sizes=\"auto, (max-width: 431px) 100vw, 431px\" \/><\/figure>\n\n\n\n<figure class=\"wp-block-image size-large is-resized\"><img loading=\"lazy\" decoding=\"async\" src=\"https:\/\/udruga-106br.hr\/wp-content\/uploads\/2022\/12\/IMG-32766dfcb83c2564c46dca3f25b249ff-V-768x1024.jpg\" alt=\"\" class=\"wp-image-1796\" width=\"430\" height=\"574\" srcset=\"https:\/\/udruga-106br.hr\/wp-content\/uploads\/2022\/12\/IMG-32766dfcb83c2564c46dca3f25b249ff-V-768x1024.jpg 768w, https:\/\/udruga-106br.hr\/wp-content\/uploads\/2022\/12\/IMG-32766dfcb83c2564c46dca3f25b249ff-V-225x300.jpg 225w, https:\/\/udruga-106br.hr\/wp-content\/uploads\/2022\/12\/IMG-32766dfcb83c2564c46dca3f25b249ff-V-1152x1536.jpg 1152w, https:\/\/udruga-106br.hr\/wp-content\/uploads\/2022\/12\/IMG-32766dfcb83c2564c46dca3f25b249ff-V.jpg 1200w\" sizes=\"auto, (max-width: 430px) 100vw, 430px\" \/><\/figure>\n<!-- AddThis Advanced Settings generic via filter on the_content --><!-- AddThis Share Buttons generic via filter on the_content -->","protected":false},"excerpt":{"rendered":"<p>Kao i prija\u0161njih godina, u nedjelju 13. prosinca u Vo\u0107inu su ve\u0107 od ranih jutarnjih sati po\u010deli pristizati hodo\u010dasnici iz cijele RH. U znak sje\u0107anja na 47 nedu\u017enih vo\u0107inskih \u017ertava branitelji, vojska i policija sudjelovali su na 7. hodo\u010da\u0161\u0107u Gospi Vo\u0107inskoj. Nakon svete mise odr\u017eana je komemoracija kod sredi\u0161njeg spomen obilje\u017eja u centru Vo\u0107ina gdje &hellip; <a href=\"https:\/\/udruga-106br.hr\/index.php\/sjecanje-na-zrtvu-vocina\/\" class=\"more-link\">Nastavi \u010ditati <span class=\"screen-reader-text\">Sje\u0107anje na \u017ertvu Vo\u0107ina<\/span><\/a><!-- AddThis Advanced Settings generic via filter on get_the_excerpt --><!-- AddThis Share Buttons generic via filter on get_the_excerpt --><\/p>\n","protected":false},"author":1,"featured_media":0,"comment_status":"closed","ping_status":"closed","sticky":false,"template":"","format":"standard","meta":{"footnotes":""},"categories":[32],"tags":[],"class_list":["post-1784","post","type-post","status-publish","format-standard","hentry","category-iz-zivota-udruge"],"_links":{"self":[{"href":"https:\/\/udruga-106br.hr\/index.php\/wp-json\/wp\/v2\/posts\/1784","targetHints":{"allow":["GET"]}}],"collection":[{"href":"https:\/\/udruga-106br.hr\/index.php\/wp-json\/wp\/v2\/posts"}],"about":[{"href":"https:\/\/udruga-106br.hr\/index.php\/wp-json\/wp\/v2\/types\/post"}],"author":[{"embeddable":true,"href":"https:\/\/udruga-106br.hr\/index.php\/wp-json\/wp\/v2\/users\/1"}],"replies":[{"embeddable":true,"href":"https:\/\/udruga-106br.hr\/index.php\/wp-json\/wp\/v2\/comments?post=1784"}],"version-history":[{"count":3,"href":"https:\/\/udruga-106br.hr\/index.php\/wp-json\/wp\/v2\/posts\/1784\/revisions"}],"predecessor-version":[{"id":1797,"href":"https:\/\/udruga-106br.hr\/index.php\/wp-json\/wp\/v2\/posts\/1784\/revisions\/1797"}],"wp:attachment":[{"href":"https:\/\/udruga-106br.hr\/index.php\/wp-json\/wp\/v2\/media?parent=1784"}],"wp:term":[{"taxonomy":"category","embeddable":true,"href":"https:\/\/udruga-106br.hr\/index.php\/wp-json\/wp\/v2\/categories?post=1784"},{"taxonomy":"post_tag","embeddable":true,"href":"https:\/\/udruga-106br.hr\/index.php\/wp-json\/wp\/v2\/tags?post=1784"}],"curies":[{"name":"wp","href":"https:\/\/api.w.org\/{rel}","templated":true}]}}