{"id":1804,"date":"2022-12-16T11:02:48","date_gmt":"2022-12-16T10:02:48","guid":{"rendered":"https:\/\/udruga-106br.hr\/?p=1804"},"modified":"2025-10-17T21:54:11","modified_gmt":"2025-10-17T19:54:11","slug":"106-u-projektu-zazeli-faza-iii","status":"publish","type":"post","link":"https:\/\/udruga-106br.hr\/index.php\/106-u-projektu-zazeli-faza-iii\/","title":{"rendered":"106. u projektu Za\u017eeli faza III."},"content":{"rendered":"\n<p>Udruga 106. brigade ZNG RH iz Osijeka i partneri dobila je po projektu &#8220;Za\u017eeli i ostvari pomo\u0107&#8221; iznos od 738.440 kuna nepovratnih sredstava. Dopredsjednik Udruge Dubravko Panci\u0107 ka\u017ee da su im partneri u projektu HZZ, Podru\u010dna slu\u017eba Osijek, Centar za socijalnu skrb Osijek i Udruga veterana 122. br. HV \u0110akovo.<\/p>\n\n\n\n<p>\u2013 Projekt se financira iz Europskih strukturnih i investicijskih fondova, a odluku o dodjeli nepovratnih sredstava iz projekta &#8220;Za\u017eeli \u2013 program zapo\u0161ljavanja \u017eena \u2013 faza III&#8221; donijelo je Ministarstvo rada, mirovinskog sustava, obitelji i socijalne politike. Programom se zapo\u0161ljava 15 \u017eena iz te\u017ee zapo\u0161ljive\/ranjive skupine u lokalnoj zajednici. Zaposlene \u017eene na dan upisa u Projekt moraju biti u evidenciji nezaposlenih \u017eena u HZZ-u, a one \u0107e skrbiti o starijima i nemo\u0107nima u dobi od 65 i vi\u0161e godina. Molimo zainteresirane osobe za zapo\u0161ljavanje i iz kategorije korisnika da se jave na telefon Udruge 099 535 7001 \u2013 ka\u017ee Panci\u0107.<\/p>\n\n\n\n<p>IZVOR: GLAS SLAVONIJE, Peji\u0107, D. (https:\/\/www.glas-slavonije.hr\/510929\/3\/Novac-je-tu&#8212;nude-posao-za-15-zena)<\/p>\n<!-- AddThis Advanced Settings generic via filter on the_content --><!-- AddThis Share Buttons generic via filter on the_content -->","protected":false},"excerpt":{"rendered":"<p>Udruga 106. brigade ZNG RH iz Osijeka i partneri dobila je po projektu &#8220;Za\u017eeli i ostvari pomo\u0107&#8221; iznos od 738.440 kuna nepovratnih sredstava. Dopredsjednik Udruge Dubravko Panci\u0107 ka\u017ee da su im partneri u projektu HZZ, Podru\u010dna slu\u017eba Osijek, Centar za socijalnu skrb Osijek i Udruga veterana 122. br. HV \u0110akovo. \u2013 Projekt se financira iz &hellip; <a href=\"https:\/\/udruga-106br.hr\/index.php\/106-u-projektu-zazeli-faza-iii\/\" class=\"more-link\">Nastavi \u010ditati <span class=\"screen-reader-text\">106. u projektu Za\u017eeli faza III.<\/span><\/a><!-- AddThis Advanced Settings generic via filter on get_the_excerpt --><!-- AddThis Share Buttons generic via filter on get_the_excerpt --><\/p>\n","protected":false},"author":1,"featured_media":0,"comment_status":"closed","ping_status":"closed","sticky":false,"template":"","format":"standard","meta":{"footnotes":""},"categories":[32],"tags":[],"class_list":["post-1804","post","type-post","status-publish","format-standard","hentry","category-iz-zivota-udruge"],"_links":{"self":[{"href":"https:\/\/udruga-106br.hr\/index.php\/wp-json\/wp\/v2\/posts\/1804","targetHints":{"allow":["GET"]}}],"collection":[{"href":"https:\/\/udruga-106br.hr\/index.php\/wp-json\/wp\/v2\/posts"}],"about":[{"href":"https:\/\/udruga-106br.hr\/index.php\/wp-json\/wp\/v2\/types\/post"}],"author":[{"embeddable":true,"href":"https:\/\/udruga-106br.hr\/index.php\/wp-json\/wp\/v2\/users\/1"}],"replies":[{"embeddable":true,"href":"https:\/\/udruga-106br.hr\/index.php\/wp-json\/wp\/v2\/comments?post=1804"}],"version-history":[{"count":1,"href":"https:\/\/udruga-106br.hr\/index.php\/wp-json\/wp\/v2\/posts\/1804\/revisions"}],"predecessor-version":[{"id":1805,"href":"https:\/\/udruga-106br.hr\/index.php\/wp-json\/wp\/v2\/posts\/1804\/revisions\/1805"}],"wp:attachment":[{"href":"https:\/\/udruga-106br.hr\/index.php\/wp-json\/wp\/v2\/media?parent=1804"}],"wp:term":[{"taxonomy":"category","embeddable":true,"href":"https:\/\/udruga-106br.hr\/index.php\/wp-json\/wp\/v2\/categories?post=1804"},{"taxonomy":"post_tag","embeddable":true,"href":"https:\/\/udruga-106br.hr\/index.php\/wp-json\/wp\/v2\/tags?post=1804"}],"curies":[{"name":"wp","href":"https:\/\/api.w.org\/{rel}","templated":true}]}}