{"id":1812,"date":"2022-12-21T11:26:20","date_gmt":"2022-12-21T10:26:20","guid":{"rendered":"https:\/\/udruga-106br.hr\/?p=1812"},"modified":"2025-10-17T21:53:57","modified_gmt":"2025-10-17T19:53:57","slug":"ministar-medved-primio-predstavnike-zajednice-udruga-postrojbi-zng-a-rh-i-hv-a","status":"publish","type":"post","link":"https:\/\/udruga-106br.hr\/index.php\/ministar-medved-primio-predstavnike-zajednice-udruga-postrojbi-zng-a-rh-i-hv-a\/","title":{"rendered":"Ministar Medved primio predstavnike Zajednice udruga postrojbi ZNG-a RH i HV-a"},"content":{"rendered":"\n<figure class=\"wp-block-image size-full is-resized\"><img loading=\"lazy\" decoding=\"async\" src=\"https:\/\/udruga-106br.hr\/wp-content\/uploads\/2022\/12\/DSC_0953.jpg\" alt=\"\" class=\"wp-image-1813\" width=\"533\" height=\"355\" srcset=\"https:\/\/udruga-106br.hr\/wp-content\/uploads\/2022\/12\/DSC_0953.jpg 750w, https:\/\/udruga-106br.hr\/wp-content\/uploads\/2022\/12\/DSC_0953-300x200.jpg 300w\" sizes=\"auto, (max-width: 533px) 100vw, 533px\" \/><\/figure>\n\n\n\n<p>Potpredsjednik Vlade i ministar hrvatskih branitelja Tomo Medved sa suradnicima primio je 20. prosinca 2022. predstavnike Zajednice udruga postrojbi ZNG-a RH i HV-a, sudionike pri\u010duvnih postrojbi iz Domovinskog rata, na \u010delu s predsjednikom Zajednice Pavom Naletili\u0107em.<br>\u00a0<br>Na sastanku odr\u017eanom u Ministarstvu hrvatskih branitelja ministar Medved predstavio je postignu\u0107a Ministarstva u razdoblju njegovog mandata, od 2016. godine do danas, kao i najva\u017enije ekonomske pokazatelje i mjere Vlade te u\u010dinke istih na braniteljsko-stradalni\u010dku populaciju.<br>\u00a0<\/p>\n\n\n\n<figure class=\"wp-block-image size-full is-resized\"><img loading=\"lazy\" decoding=\"async\" src=\"https:\/\/udruga-106br.hr\/wp-content\/uploads\/2022\/12\/DSC_0949.jpg\" alt=\"\" class=\"wp-image-1814\" width=\"533\" height=\"354\" srcset=\"https:\/\/udruga-106br.hr\/wp-content\/uploads\/2022\/12\/DSC_0949.jpg 750w, https:\/\/udruga-106br.hr\/wp-content\/uploads\/2022\/12\/DSC_0949-300x200.jpg 300w\" sizes=\"auto, (max-width: 533px) 100vw, 533px\" \/><\/figure>\n\n\n\n<p><br>Pozvao je predstavnike Zajednice na suradnju s Ministarstvom i podru\u010dnim odjelima, kao i s timovima za psihosocijalnu pomo\u0107, te je ujedno izrazio zadovoljstvo suradnjom s udrugama iz Domovinskog rata, s kojima se u partnerstvu i zajedni\u0161tvu donose sve va\u017ene odluke i normativni akti koji se odnose na hrvatske branitelje i stradalnike Domovinskog rata.<br>\u00a0<br>Predstavnici Zajednice su imali priliku izlo\u017eiti svoje teme i otvorena pitanja vezana uz odre\u0111enu problematiku s kojom se susre\u0107u njihovi \u010dlanovi. Tako\u0111er, iznijeli su ideje za budu\u0107e projekte koji se odnose na psihosocijalno osna\u017eivanje hrvatskih branitelja, kao i prijedloge za mogu\u0107e lokacije budu\u0107ih veteranskih centara i ustanova za trajni smje\u0161taj hrvatskih branitelja, na \u010demu im je ministar zahvalio te ih pozvao na daljnju suradnju i promi\u0161ljanje u tom pogledu.<br>\u00a0<br>Izrazili su zadovoljstvo suradnjom s Ministarstvom hrvatskih branitelja i pohvalili rad djelatnika Ministarstva na \u010delu s ministrom Medvedom te je dogovorena daljnja suradnja kako bi i nadalje adekvatno odgovarali na potrebe braniteljsko-stradalni\u010dke populacije.<\/p>\n\n\n\n<figure class=\"wp-block-image size-full is-resized\"><img loading=\"lazy\" decoding=\"async\" src=\"https:\/\/udruga-106br.hr\/wp-content\/uploads\/2022\/12\/DSC_0937.jpg\" alt=\"\" class=\"wp-image-1816\" width=\"524\" height=\"349\" srcset=\"https:\/\/udruga-106br.hr\/wp-content\/uploads\/2022\/12\/DSC_0937.jpg 750w, https:\/\/udruga-106br.hr\/wp-content\/uploads\/2022\/12\/DSC_0937-300x200.jpg 300w\" sizes=\"auto, (max-width: 524px) 100vw, 524px\" \/><\/figure>\n\n\n\n<figure class=\"wp-block-image size-full is-resized\"><img loading=\"lazy\" decoding=\"async\" src=\"https:\/\/udruga-106br.hr\/wp-content\/uploads\/2022\/12\/DSC_0947.jpg\" alt=\"\" class=\"wp-image-1815\" width=\"523\" height=\"348\" srcset=\"https:\/\/udruga-106br.hr\/wp-content\/uploads\/2022\/12\/DSC_0947.jpg 750w, https:\/\/udruga-106br.hr\/wp-content\/uploads\/2022\/12\/DSC_0947-300x200.jpg 300w\" sizes=\"auto, (max-width: 523px) 100vw, 523px\" \/><\/figure>\n\n\n\n<p>IZVOR: https:\/\/branitelji.gov.hr\/vijesti\/ministar-medved-primio-predstavnike-zajednice-udruga-postrojbi-zng-a-rh-i-hv-a\/4248<\/p>\n<!-- AddThis Advanced Settings generic via filter on the_content --><!-- AddThis Share Buttons generic via filter on the_content -->","protected":false},"excerpt":{"rendered":"<p>Potpredsjednik Vlade i ministar hrvatskih branitelja Tomo Medved sa suradnicima primio je 20. prosinca 2022. predstavnike Zajednice udruga postrojbi ZNG-a RH i HV-a, sudionike pri\u010duvnih postrojbi iz Domovinskog rata, na \u010delu s predsjednikom Zajednice Pavom Naletili\u0107em.\u00a0Na sastanku odr\u017eanom u Ministarstvu hrvatskih branitelja ministar Medved predstavio je postignu\u0107a Ministarstva u razdoblju njegovog mandata, od 2016. godine &hellip; <a href=\"https:\/\/udruga-106br.hr\/index.php\/ministar-medved-primio-predstavnike-zajednice-udruga-postrojbi-zng-a-rh-i-hv-a\/\" class=\"more-link\">Nastavi \u010ditati <span class=\"screen-reader-text\">Ministar Medved primio predstavnike Zajednice udruga postrojbi ZNG-a RH i HV-a<\/span><\/a><!-- AddThis Advanced Settings generic via filter on get_the_excerpt --><!-- AddThis Share Buttons generic via filter on get_the_excerpt --><\/p>\n","protected":false},"author":1,"featured_media":0,"comment_status":"closed","ping_status":"closed","sticky":false,"template":"","format":"standard","meta":{"footnotes":""},"categories":[32],"tags":[],"class_list":["post-1812","post","type-post","status-publish","format-standard","hentry","category-iz-zivota-udruge"],"_links":{"self":[{"href":"https:\/\/udruga-106br.hr\/index.php\/wp-json\/wp\/v2\/posts\/1812","targetHints":{"allow":["GET"]}}],"collection":[{"href":"https:\/\/udruga-106br.hr\/index.php\/wp-json\/wp\/v2\/posts"}],"about":[{"href":"https:\/\/udruga-106br.hr\/index.php\/wp-json\/wp\/v2\/types\/post"}],"author":[{"embeddable":true,"href":"https:\/\/udruga-106br.hr\/index.php\/wp-json\/wp\/v2\/users\/1"}],"replies":[{"embeddable":true,"href":"https:\/\/udruga-106br.hr\/index.php\/wp-json\/wp\/v2\/comments?post=1812"}],"version-history":[{"count":1,"href":"https:\/\/udruga-106br.hr\/index.php\/wp-json\/wp\/v2\/posts\/1812\/revisions"}],"predecessor-version":[{"id":1817,"href":"https:\/\/udruga-106br.hr\/index.php\/wp-json\/wp\/v2\/posts\/1812\/revisions\/1817"}],"wp:attachment":[{"href":"https:\/\/udruga-106br.hr\/index.php\/wp-json\/wp\/v2\/media?parent=1812"}],"wp:term":[{"taxonomy":"category","embeddable":true,"href":"https:\/\/udruga-106br.hr\/index.php\/wp-json\/wp\/v2\/categories?post=1812"},{"taxonomy":"post_tag","embeddable":true,"href":"https:\/\/udruga-106br.hr\/index.php\/wp-json\/wp\/v2\/tags?post=1812"}],"curies":[{"name":"wp","href":"https:\/\/api.w.org\/{rel}","templated":true}]}}