{"id":1833,"date":"2022-12-29T22:39:51","date_gmt":"2022-12-29T21:39:51","guid":{"rendered":"https:\/\/udruga-106br.hr\/?p=1833"},"modified":"2025-10-17T21:53:57","modified_gmt":"2025-10-17T19:53:57","slug":"javni-poziv-za-rad-na-projektu-zazeli","status":"publish","type":"post","link":"https:\/\/udruga-106br.hr\/index.php\/javni-poziv-za-rad-na-projektu-zazeli\/","title":{"rendered":"Javni poziv za rad na projektu Za\u017eeli"},"content":{"rendered":"\n<p>Na temelju Ugovora o dodjeli bespovratnih sredstava za projekte koji se financiraju iz Europskog socijalnog fonda u financijskom razdoblju 2014. \u2013 2020., Operativnog programa U\u010dinkoviti ljudski potencijali, poziva ZA\u017dELI \u2013 PROGRAM&nbsp; ZAPO\u0160LJAVANJA \u017dENA \u2013 FAZA III, broj poziva UP.02.1.1.16 te projekta pod nazivom \u201c ZA\u017dELI I OSTVARI POMO\u0106!\u201c kodnog broja UP.02.1.1.16.0047 , \u010diji je nositelj Udruga Udruga 106. brigade ZNG RH,&nbsp; te partneri na projektu: Hrvatski zavod za zapo\u0161ljavanje \u2013 Podru\u010dna slu\u017eba Osijek, Centar za socijalnu skrb Osijek, Udruga veterana 122. br. HV \u0110akovo, nositelj projekta objavljuje:<\/p>\n\n\n\n<p>JAVNI NATJE\u010cAJ<\/p>\n\n\n\n<p>Za zasnivanje radnog odnosa na odre\u0111eno vrijeme (6 mjeseci) u sklopu poziva \u201eZA\u017dELI \u2013 Program zapo\u0161ljavanja \u017eena \u2013 Faza III\u201c u projektu \u201eZA\u017dELI I OSTVARI POMO\u0106!\u201c:<\/p>\n\n\n\n<p>RADNICA ZA POMO\u0106 I POTPORU STARIJIM OSOBAMA I\/ILI OSOBAMA U NEPOVOLJNOM POLO\u017dAJU I\/ILI OSOBAMA S INVALIDITETOM<\/p>\n\n\n\n<p>Broj tra\u017eenih radnica: 15<\/p>\n\n\n\n<p>Mjesto rada: Osijek, \u0110akovo, Vuka<\/p>\n\n\n\n<p>Vrsta zaposlenja: radni odnos na odre\u0111eno vrijeme u trajanju od 6 (\u0161est) mjeseci, novootvoreni poslovi<\/p>\n\n\n\n<p>Radno vrijeme: puno radno vrijeme<\/p>\n\n\n\n<p>Na\u010din rada: Smjena &#8211; prijepodne<\/p>\n\n\n\n<p>Smje\u0161taj: Nema smje\u0161taja<\/p>\n\n\n\n<p>Naknada za prijevoz: Bez naknade<\/p>\n\n\n\n<p>Natje\u010daj vrijedi od: 29.12.2022.<\/p>\n\n\n\n<p>Natje\u010daj vrijedi do: 05.01.2023.<\/p>\n\n\n\n<p>Uvjeti na radnom mjestu: Terenski rad<\/p>\n\n\n\n<p>Razina obrazovanja:<\/p>\n\n\n\n<ul class=\"wp-block-list\"><li>Osnovna \u0161kola<\/li><li>Ni\u017ei razredi<\/li><li>Zavr\u0161ena osnovna \u0161kola<\/li><li>Srednja \u0161kola 3 godine<\/li><li>Srednja \u0161kola 4 godine<\/li><\/ul>\n\n\n\n<p>Radno iskustvo: nije va\u017eno<\/p>\n\n\n\n<p>Opis poslova:<\/p>\n\n\n\n<ul class=\"wp-block-list\"><li>pomo\u0107 u dostavi namirnica, lijekova i drugih potrep\u0161tina korisnicima,<\/li><li>pomo\u0107 u pripremi obroka u ku\u0107anstvima korisnika,<\/li><li>pomo\u0107 u odr\u017eavanju \u010disto\u0107e stambenog prostora\/domova korisnika,<\/li><li>pomo\u0107 u pranju i gla\u010danju rublja,<\/li><li>briga o osobnoj higijeni korisnika,<\/li><li>pru\u017eanje podr\u0161ke korisnicima kroz razgovore i dru\u017eenje,<\/li><li>uklju\u010divanje korisnika u dru\u0161tvo, pratnja i pomo\u0107 u raznim dru\u0161tvenim aktivnostima.<\/li><\/ul>\n\n\n\n<p>Svaka zaposlena \u017eena pru\u017eat \u0107e usluge potpore i podr\u0161ke za najmanje \u0161est krajnjih korisnika.<\/p>\n\n\n\n<p><strong>Pripadnice ciljne skupine koje \u0107e biti zaposlene na Projektu, na dan ulaska u Projekt moraju ispunjavati sljede\u0107e uvjete za prijem u radni odnos:<\/strong><\/p>\n\n\n\n<ul class=\"wp-block-list\"><li>\u017eenski spol<\/li><li>punoljetnost<\/li><li>najvi\u0161e zavr\u0161eno srednjo\u0161kolsko obrazovanje (SSS)<\/li><li>prijava u evidenciji nezaposlenih Hrvatskog zavoda za zapo\u0161ljavanje.<\/li><\/ul>\n\n\n\n<p>Osoba mora na dan ulaska u Projekt biti upisana u evidenciju nezaposlenih osoba HZZ-a te imati odgovaraju\u0107i obrazovni status (najvi\u0161e zavr\u0161eno srednjo\u0161kolsko obrazovanje).<\/p>\n\n\n\n<p><strong>Prednost pri zapo\u0161ljavanju<\/strong> imaju pripadnice ciljne skupine koje pripadaju te\u017ee zapo\u0161ljivim\/ranjivim skupinama i to:<\/p>\n\n\n\n<ul class=\"wp-block-list\"><li>\u017dene od 50 godina i vi\u0161e (osobna iskaznica)<\/li><li>\u017dene s invaliditetom (nalaz, rje\u0161enje ili mi\u0161ljenje relevantnog tijela vje\u0161ta\u010denja o vrsti, stupnju ili postotku o\u0161te\u0107enja ili potvrde o upisu u Hrvatski registar osoba s invaliditetom)<\/li><li>\u017drtve trgovanja ljudima (uvjerenje \/ potvrda centra za socijalnu skrb iz kojega je vidljivo da je pripadnica ciljane skupine \u017ertva trgovanja ljudima)<\/li><li>\u017drtve obiteljskog nasilja (uvjerenje \/ potvrda centra za socijalnu skrb iz kojega je vidljivo da je pripadnica ciljane skupine \u017ertva obiteljskog nasilja)<\/li><li>Azilatnice (odluka o odobrenju azila koju izdaje MUP)<\/li><li>\u017dene koje su iza\u0161le iz sustava skrbi (domova za djecu), udomiteljskih obitelji, odgojnih zavoda i sl. (rje\u0161enje\/uvjerenje centra za socijalnu skrb o prekidu prava na smje\u0161taj kao oblika skrbi izvan vlastite obitelji)<\/li><li>Lije\u010dene ovisnice (potvrda institucije\/udruge\/pravne osobe da se lije\u010dila od ovisnosti o drogama<\/li><li>Povratnice s odslu\u017eenja zatvorske kazne unazad 6 mjeseci (potvrda o otpu\u0161tanju)<\/li><li>Pripadnice romske nacionalne manjine (izjava osobe o pripadnosti nacionalnoj manjini)<\/li><li>Besku\u0107nice (rje\u0161enje Centra za socijalnu skrb o smje\u0161taju u prihvatili\u0161te\/preno\u0107i\u0161te odnosno o kori\u0161tenju usluge poludnevnog boravka ili potvrda pru\u017eatelja usluge smje\u0161taja u prihvatili\u0161te\/preno\u0107i\u0161te ili pru\u017eatelja usluge poludnevnog boravka da je osoba korisnik usluge ili uvjerenje\/potvrda centra za socijalnu skrb iz kojeg je vidljivo da je pripadnica ciljane skupine besku\u0107nica).<\/li><li>Pripadnice ostalih ranjivih skupina (potvrda\/uvjerenje ili drugi jednakovrijedan dokument nadle\u017enih institucija iz kojeg je vidljivo da se radi o pripadnici ranjive skupine; napomena: izjava osobe nije prihvatljiv dokaz).<\/li><\/ul>\n\n\n\n<p>Prijavi na Javni natje\u010daj kandidatkinje su du\u017ene prilo\u017eiti:<\/p>\n\n\n\n<ul class=\"wp-block-list\"><li>zamolba za posao<\/li><li>kratak \u017eivotopis (uz obveznu naznaku kontakt broja telefona ili mobitela te adresu)<\/li><li>preslika osobne iskaznice<\/li><li>preslika dokaza o zavr\u0161enoj \u0161koli (preslika svjedod\u017ebe)<\/li><li>potvrdu izdanu od Hrvatskog zavoda za zapo\u0161ljavanje kojom osoba dokazuje da je prijavljena u evidenciju nezaposlenih osoba (datum izdavanja potvrde ne stariji od datuma objave Javnog poziva)<\/li><li>dokaz o pripadnosti ranjivoj skupini (ako je primjenjivo)<\/li><\/ul>\n\n\n\n<p>Sve informacije o natje\u010daju mogu se dobiti putem e-maila ili mobitela:<\/p>\n\n\n\n<ul class=\"wp-block-list\"><li>e-mail: <a href=\"mailto:projekti.udruge106br@gmail.com\">projekti.udruge106br@gmail.com<\/a><\/li><li>mob:&nbsp; 099 535 7001<\/li><\/ul>\n\n\n\n<p>Prijave na Javni poziv s tra\u017eenim dokazima o ispunjavanju tra\u017eenih uvjeta dostavljaju se na jedan od dva na\u010dina:<\/p>\n\n\n\n<ol class=\"wp-block-list\" type=\"1\"><li>Preporu\u010deno po\u0161tom na adresu:<\/li><\/ol>\n\n\n\n<p>Udruga 106. brigade ZNG RH,<\/p>\n\n\n\n<p>KRALJA PETRA SVA\u010cI\u0106A 36,<\/p>\n\n\n\n<p>31000 OSIJEK<\/p>\n\n\n\n<p>&#8211; u zatvorenoj omotnici, s naznakom: Za javni natje\u010daj \u2013 Projekt \u201e ZA\u017dELI I OSTVARI POMO\u0106!\u201c<\/p>\n\n\n\n<ul class=\"wp-block-list\"><li>e-mailom na: <a href=\"mailto:projekti.udruge106br@gmail.com\">projekti.udruge106br@gmail.com<\/a><\/li><\/ul>\n\n\n\n<p>Nepravovremene i nepotpune prijave ne\u0107e se razmatrati. Osoba koja nije podnijela pravodobnu i urednu prijavu ili ne ispunjava formalne uvjete iz natje\u010daja, ne smatra se kandidatom prijavljenim na natje\u010daj. Kandidati \u0107e biti obavije\u0161teni telefonskim putem o vremenu obavljanja intervjua te potvrdom dogovorenog termina putem e-mail-a.<\/p>\n\n\n\n<p>Odluka o odabiru kandidata biti \u0107e objavljena na web stranici Udruge 106. Brigade ZNG RH: <a href=\"https:\/\/udruga-106br.hr\/\">https:\/\/udruga-106br.hr\/<\/a>.<\/p>\n\n\n\n<p>Poziv \u201eZa\u017eeli \u2013 program zapo\u0161ljavanja \u017eena \u2013 faza III\u201c u skladu je s europskim i nacionalnim preporukama o unaprje\u0111enju polo\u017eaja \u017eena na tr\u017ei\u0161tu rada i za\u0161tite prava \u017eena (Unija ravnopravnosti: Strategija za rodnu ravnopravnost 2020. \u2013 2025.) te prijedlogom Odluke Vije\u0107a EU o smjernicama politike zapo\u0161ljavanja dr\u017eava \u010dlanica u kojem se naglasak stavlja na promicanje socijalne uklju\u010denosti i suzbijanje siroma\u0161tva,&nbsp; jer \u0107e kao sudionice ovih aktivnosti uklju\u010divati \u017eene koje su u najnepovoljnijem polo\u017eaju na tr\u017ei\u0161tu rada te koje \u0107e ujedno pobolj\u0161ati kvalitetu \u017eivota krajnjih korisnika. Projekt je u skladu i s Nacionalnim planom za rad, za\u0161titu na radu i zapo\u0161ljavanje za razdoblje od 2021. do 2027. godine u kojem su \u017eene prepoznate kao jedna od skupina kojima je iz razli\u010ditih razloga ili okolnosti pristup tr\u017ei\u0161tu rada ote\u017ean.<\/p>\n\n\n\n<p>Projekt je u skladu s europskim i nacionalnim preporukama o unaprje\u0111enju polo\u017eaja \u017eena na tr\u017ei\u0161tu rada i za\u0161tite prava \u017eena, kao i sa smjernicama politika zapo\u0161ljavanja dr\u017eava \u010dlanica EU s naglaskom na promicanje socijalne uklju\u010denosti i suzbijanja siroma\u0161tva, posebice radi \u010dinjenice da \u0107e se kao sudionice ovih aktivnosti uklju\u010divati \u017eene koje su u nepovoljnom polo\u017eaju na tr\u017ei\u0161tu rada, a koje \u0107e skrbiti o starijim osobama i nemo\u0107nim osobama, odnosno osobama u nepovoljnom polo\u017eaju. &nbsp;<\/p>\n\n\n\n<p><strong>Poslodavac<\/strong><\/p>\n\n\n\n<p>Poslodavac: Udruga 106. brigade ZNG RH , KRALJA PETRA SVA\u010cI\u0106A 36, 31000 OSIJEK<\/p>\n\n\n\n<p>Kontakt:<\/p>\n\n\n\n<ul class=\"wp-block-list\"><li>pisana zamolba \u2013 preporu\u010deno poslati na: Udruga 106. brigade ZNG RH, KRALJA PETRA SVA\u010cI\u0106A 36, 31000 OSIJEK &#8211; u zatvorenoj omotnici, s naznakom: Za javni natje\u010daj \u2013 Projekt \u201eZA\u017dELI I OSTVARI POMO\u0106!\u201c<\/li><li>e-mail na: <a href=\"mailto:projekti.udruge106br@gmail.com\">projekti.udruge106br@gmail.com<\/a><\/li><\/ul>\n\n\n\n<p>Javni natje\u010daj je objavljen na stranicama HZZ-a, dana 29. prosinca 2022. godine i otvoren je do 05. sije\u010dnja 2023. godine, a isti se nalazi na sljede\u0107em linku:<\/p>\n\n\n\n<figure class=\"wp-block-embed\"><div class=\"wp-block-embed__wrapper\">\nhttps:\/\/burzarada.hzz.hr\/RadnoMjesto_Ispis.aspx?WebSifra=129031642\n<\/div><\/figure>\n<!-- AddThis Advanced Settings generic via filter on the_content --><!-- AddThis Share Buttons generic via filter on the_content -->","protected":false},"excerpt":{"rendered":"<p>Na temelju Ugovora o dodjeli bespovratnih sredstava za projekte koji se financiraju iz Europskog socijalnog fonda u financijskom razdoblju 2014. \u2013 2020., Operativnog programa U\u010dinkoviti ljudski potencijali, poziva ZA\u017dELI \u2013 PROGRAM&nbsp; ZAPO\u0160LJAVANJA \u017dENA \u2013 FAZA III, broj poziva UP.02.1.1.16 te projekta pod nazivom \u201c ZA\u017dELI I OSTVARI POMO\u0106!\u201c kodnog broja UP.02.1.1.16.0047 , \u010diji je nositelj &hellip; <a href=\"https:\/\/udruga-106br.hr\/index.php\/javni-poziv-za-rad-na-projektu-zazeli\/\" class=\"more-link\">Nastavi \u010ditati <span class=\"screen-reader-text\">Javni poziv za rad na projektu Za\u017eeli<\/span><\/a><!-- AddThis Advanced Settings generic via filter on get_the_excerpt --><!-- AddThis Share Buttons generic via filter on get_the_excerpt --><\/p>\n","protected":false},"author":1,"featured_media":0,"comment_status":"closed","ping_status":"closed","sticky":false,"template":"","format":"standard","meta":{"footnotes":""},"categories":[32],"tags":[],"class_list":["post-1833","post","type-post","status-publish","format-standard","hentry","category-iz-zivota-udruge"],"_links":{"self":[{"href":"https:\/\/udruga-106br.hr\/index.php\/wp-json\/wp\/v2\/posts\/1833","targetHints":{"allow":["GET"]}}],"collection":[{"href":"https:\/\/udruga-106br.hr\/index.php\/wp-json\/wp\/v2\/posts"}],"about":[{"href":"https:\/\/udruga-106br.hr\/index.php\/wp-json\/wp\/v2\/types\/post"}],"author":[{"embeddable":true,"href":"https:\/\/udruga-106br.hr\/index.php\/wp-json\/wp\/v2\/users\/1"}],"replies":[{"embeddable":true,"href":"https:\/\/udruga-106br.hr\/index.php\/wp-json\/wp\/v2\/comments?post=1833"}],"version-history":[{"count":1,"href":"https:\/\/udruga-106br.hr\/index.php\/wp-json\/wp\/v2\/posts\/1833\/revisions"}],"predecessor-version":[{"id":1834,"href":"https:\/\/udruga-106br.hr\/index.php\/wp-json\/wp\/v2\/posts\/1833\/revisions\/1834"}],"wp:attachment":[{"href":"https:\/\/udruga-106br.hr\/index.php\/wp-json\/wp\/v2\/media?parent=1833"}],"wp:term":[{"taxonomy":"category","embeddable":true,"href":"https:\/\/udruga-106br.hr\/index.php\/wp-json\/wp\/v2\/categories?post=1833"},{"taxonomy":"post_tag","embeddable":true,"href":"https:\/\/udruga-106br.hr\/index.php\/wp-json\/wp\/v2\/tags?post=1833"}],"curies":[{"name":"wp","href":"https:\/\/api.w.org\/{rel}","templated":true}]}}