{"id":1836,"date":"2023-01-04T11:32:02","date_gmt":"2023-01-04T10:32:02","guid":{"rendered":"https:\/\/udruga-106br.hr\/?p=1836"},"modified":"2025-10-17T21:53:57","modified_gmt":"2025-10-17T19:53:57","slug":"odrzana-redovna-godisnja-skupstina","status":"publish","type":"post","link":"https:\/\/udruga-106br.hr\/index.php\/odrzana-redovna-godisnja-skupstina\/","title":{"rendered":"Odr\u017eana redovna godi\u0161nja skup\u0161tina"},"content":{"rendered":"\n<figure class=\"wp-block-image size-large\"><img loading=\"lazy\" decoding=\"async\" width=\"1024\" height=\"613\" src=\"https:\/\/udruga-106br.hr\/wp-content\/uploads\/2023\/01\/20221227_103919-min-1024x613.jpg\" alt=\"\" class=\"wp-image-1837\" srcset=\"https:\/\/udruga-106br.hr\/wp-content\/uploads\/2023\/01\/20221227_103919-min-1024x613.jpg 1024w, https:\/\/udruga-106br.hr\/wp-content\/uploads\/2023\/01\/20221227_103919-min-300x180.jpg 300w, https:\/\/udruga-106br.hr\/wp-content\/uploads\/2023\/01\/20221227_103919-min-768x460.jpg 768w, https:\/\/udruga-106br.hr\/wp-content\/uploads\/2023\/01\/20221227_103919-min-1536x919.jpg 1536w, https:\/\/udruga-106br.hr\/wp-content\/uploads\/2023\/01\/20221227_103919-min-2048x1226.jpg 2048w\" sizes=\"auto, (max-width: 1024px) 100vw, 1024px\" \/><\/figure>\n\n\n\n<p><\/p>\n\n\n\n<p>Redovna skup\u0161tina Udruge odr\u017eana je u Velikoj sali, Kralja Petra Sva\u010di\u0107a 36 u Osijeku, dana 27. prosinca s po\u010detkom u 10,30 sati.<\/p>\n\n\n\n<p>Skup\u0161tina je zapo\u010dela radom intoniranjem himne Republike Hrvatske i minutom \u0161utnje za sve poginule, umrle i nestale branitelje 106. brigade, sve branitelje koji su dali svoje \u017eivote za obranu suvereniteta RH i za preminulog predsjednika Udruge Ivana Bekavca. Dopredsjednik Udruge Dubravko Panci\u0107 pozdravio je sve nazo\u010dne a posebno prvog ratnog zapovjednika i po\u010dasnog predsjednika Udruge brigadira Eduarda Bakarca i izaslanika gradona\u010delnika Osijeka gospodina Juricu Tolja, predsjednika Odbora za branitelje Domovinskog rata i braniteljske udruge Grada<br>Osijeka, i naglasio kako \u0107e svi materijali biti prezentirani video projekcijom prema dnevnom redu.<\/p>\n\n\n\n<p>S obzirom na okolnosti, zbog smrti predsjednika Udruge, razrije\u0161en je kao predsjednika Udruge.<br>Na mjesto potpredsjednika, Dubravko Panci\u0107 dao je ostavku.<br>Na mjesto predsjednika Suda \u010dasti, Vlado Bertovi\u0107 dao je ostavku.<br><br>Na mjesto predsjednika Udruge predlo\u017een je Dubravko Panci\u0107 na prijedlog Miroslav Julari\u0107a te je tu ulogu i prihvatio.<br>Na mjesto potpredsjednika Udruge predlo\u017eeni su \u017deljko Ko\u017eul i Miroslav Julari\u0107 na prijedlog Dubravka Panci\u0107a te su tu ulogu i prihvatili.<br>Na mjestu predsjednika Suda \u010dasti predlo\u017een je Ilija Vu\u010demilovi\u0107-Agi\u0107 na prijedlog \u017deljka Ko\u017eula te je tu ulogu i prihvatio.<\/p>\n<!-- AddThis Advanced Settings generic via filter on the_content --><!-- AddThis Share Buttons generic via filter on the_content -->","protected":false},"excerpt":{"rendered":"<p>Redovna skup\u0161tina Udruge odr\u017eana je u Velikoj sali, Kralja Petra Sva\u010di\u0107a 36 u Osijeku, dana 27. prosinca s po\u010detkom u 10,30 sati. Skup\u0161tina je zapo\u010dela radom intoniranjem himne Republike Hrvatske i minutom \u0161utnje za sve poginule, umrle i nestale branitelje 106. brigade, sve branitelje koji su dali svoje \u017eivote za obranu suvereniteta RH i za &hellip; <a href=\"https:\/\/udruga-106br.hr\/index.php\/odrzana-redovna-godisnja-skupstina\/\" class=\"more-link\">Nastavi \u010ditati <span class=\"screen-reader-text\">Odr\u017eana redovna godi\u0161nja skup\u0161tina<\/span><\/a><!-- AddThis Advanced Settings generic via filter on get_the_excerpt --><!-- AddThis Share Buttons generic via filter on get_the_excerpt --><\/p>\n","protected":false},"author":1,"featured_media":0,"comment_status":"closed","ping_status":"closed","sticky":false,"template":"","format":"standard","meta":{"footnotes":""},"categories":[32],"tags":[],"class_list":["post-1836","post","type-post","status-publish","format-standard","hentry","category-iz-zivota-udruge"],"_links":{"self":[{"href":"https:\/\/udruga-106br.hr\/index.php\/wp-json\/wp\/v2\/posts\/1836","targetHints":{"allow":["GET"]}}],"collection":[{"href":"https:\/\/udruga-106br.hr\/index.php\/wp-json\/wp\/v2\/posts"}],"about":[{"href":"https:\/\/udruga-106br.hr\/index.php\/wp-json\/wp\/v2\/types\/post"}],"author":[{"embeddable":true,"href":"https:\/\/udruga-106br.hr\/index.php\/wp-json\/wp\/v2\/users\/1"}],"replies":[{"embeddable":true,"href":"https:\/\/udruga-106br.hr\/index.php\/wp-json\/wp\/v2\/comments?post=1836"}],"version-history":[{"count":1,"href":"https:\/\/udruga-106br.hr\/index.php\/wp-json\/wp\/v2\/posts\/1836\/revisions"}],"predecessor-version":[{"id":1838,"href":"https:\/\/udruga-106br.hr\/index.php\/wp-json\/wp\/v2\/posts\/1836\/revisions\/1838"}],"wp:attachment":[{"href":"https:\/\/udruga-106br.hr\/index.php\/wp-json\/wp\/v2\/media?parent=1836"}],"wp:term":[{"taxonomy":"category","embeddable":true,"href":"https:\/\/udruga-106br.hr\/index.php\/wp-json\/wp\/v2\/categories?post=1836"},{"taxonomy":"post_tag","embeddable":true,"href":"https:\/\/udruga-106br.hr\/index.php\/wp-json\/wp\/v2\/tags?post=1836"}],"curies":[{"name":"wp","href":"https:\/\/api.w.org\/{rel}","templated":true}]}}