{"id":1865,"date":"2023-02-25T17:40:41","date_gmt":"2023-02-25T16:40:41","guid":{"rendered":"https:\/\/udruga-106br.hr\/?p=1865"},"modified":"2025-10-17T21:53:56","modified_gmt":"2025-10-17T19:53:56","slug":"o-ratu-u-osijeku","status":"publish","type":"post","link":"https:\/\/udruga-106br.hr\/index.php\/o-ratu-u-osijeku\/","title":{"rendered":"O ratu u Osijeku"},"content":{"rendered":"\n<figure class=\"wp-block-image size-large\"><img loading=\"lazy\" decoding=\"async\" width=\"1024\" height=\"576\" src=\"https:\/\/udruga-106br.hr\/wp-content\/uploads\/2023\/02\/IMG-e8dc3ada1fd3b812d6443e82a1b7ba04-V-1024x576.jpg\" alt=\"\" class=\"wp-image-1866\" srcset=\"https:\/\/udruga-106br.hr\/wp-content\/uploads\/2023\/02\/IMG-e8dc3ada1fd3b812d6443e82a1b7ba04-V-1024x576.jpg 1024w, https:\/\/udruga-106br.hr\/wp-content\/uploads\/2023\/02\/IMG-e8dc3ada1fd3b812d6443e82a1b7ba04-V-300x169.jpg 300w, https:\/\/udruga-106br.hr\/wp-content\/uploads\/2023\/02\/IMG-e8dc3ada1fd3b812d6443e82a1b7ba04-V-768x432.jpg 768w, https:\/\/udruga-106br.hr\/wp-content\/uploads\/2023\/02\/IMG-e8dc3ada1fd3b812d6443e82a1b7ba04-V-1536x864.jpg 1536w, https:\/\/udruga-106br.hr\/wp-content\/uploads\/2023\/02\/IMG-e8dc3ada1fd3b812d6443e82a1b7ba04-V.jpg 1600w\" sizes=\"auto, (max-width: 1024px) 100vw, 1024px\" \/><\/figure>\n\n\n\n<p>U organizaciji Agencije za odgoj i obrazovanje odr\u017ean je u petak me\u0111u\u017eupanijski stru\u010dni skup za u\u010ditelje i nastavnike povijesti kojima su zapovjednici i sudionici Domovinskog rata govorili o tome kako su obranjeni Osijek i okolica. Hrvoje Kne\u017eevi\u0107, prof., vi\u0161i savjetnik za povijest, istaknuo je kako su time dobili dublji uvid u tada\u0161nje doga\u0111aje. Damir Buljevi\u0107 podsjetio je na po\u010detak rata na osje\u010dkom podru\u010dju, Dubravko La\u017eeta govorio je o predratnoj situaciji, Dubravko Panci\u0107 o doprinosu 106. brigade, a profesorima su iskustva prenijeli i Eduard Bakarec, I\u0161tvan Mihalik, Zlatko Boras, Petar Mlinarevi\u0107, Jelena \u010cervenjak Moni\u010dek i Dunja Irha Bari\u010devi\u0107.<\/p>\n\n\n\n<figure class=\"wp-block-image size-large\"><img loading=\"lazy\" decoding=\"async\" width=\"1024\" height=\"576\" src=\"https:\/\/udruga-106br.hr\/wp-content\/uploads\/2023\/02\/IMG-c5a655902f0a1458fc6b2dbe2741a900-V-1024x576.jpg\" alt=\"\" class=\"wp-image-1868\" srcset=\"https:\/\/udruga-106br.hr\/wp-content\/uploads\/2023\/02\/IMG-c5a655902f0a1458fc6b2dbe2741a900-V-1024x576.jpg 1024w, https:\/\/udruga-106br.hr\/wp-content\/uploads\/2023\/02\/IMG-c5a655902f0a1458fc6b2dbe2741a900-V-300x169.jpg 300w, https:\/\/udruga-106br.hr\/wp-content\/uploads\/2023\/02\/IMG-c5a655902f0a1458fc6b2dbe2741a900-V-768x432.jpg 768w, https:\/\/udruga-106br.hr\/wp-content\/uploads\/2023\/02\/IMG-c5a655902f0a1458fc6b2dbe2741a900-V-1536x864.jpg 1536w, https:\/\/udruga-106br.hr\/wp-content\/uploads\/2023\/02\/IMG-c5a655902f0a1458fc6b2dbe2741a900-V.jpg 1600w\" sizes=\"auto, (max-width: 1024px) 100vw, 1024px\" \/><\/figure>\n\n\n\n<figure class=\"wp-block-image size-large\"><img loading=\"lazy\" decoding=\"async\" width=\"1024\" height=\"576\" src=\"https:\/\/udruga-106br.hr\/wp-content\/uploads\/2023\/02\/IMG-50fe7078ef4bfe79c01bff6483931081-V-1024x576.jpg\" alt=\"\" class=\"wp-image-1867\" srcset=\"https:\/\/udruga-106br.hr\/wp-content\/uploads\/2023\/02\/IMG-50fe7078ef4bfe79c01bff6483931081-V-1024x576.jpg 1024w, https:\/\/udruga-106br.hr\/wp-content\/uploads\/2023\/02\/IMG-50fe7078ef4bfe79c01bff6483931081-V-300x169.jpg 300w, https:\/\/udruga-106br.hr\/wp-content\/uploads\/2023\/02\/IMG-50fe7078ef4bfe79c01bff6483931081-V-768x432.jpg 768w, https:\/\/udruga-106br.hr\/wp-content\/uploads\/2023\/02\/IMG-50fe7078ef4bfe79c01bff6483931081-V-1536x864.jpg 1536w, https:\/\/udruga-106br.hr\/wp-content\/uploads\/2023\/02\/IMG-50fe7078ef4bfe79c01bff6483931081-V.jpg 1600w\" sizes=\"auto, (max-width: 1024px) 100vw, 1024px\" \/><\/figure>\n\n\n\n<p>&#8211; Pribli\u017eili smo profesorima temu obrane Osijeka i \u0161ire okolice. \u010cinjenica je da je Hrvatska bila ugro\u017eena u pitanju svog opstanka, naj\u017ee\u0161\u0107e su se borbe vodile u Slavoniji, od Vukovara do Osijeka, branitelji s prve crte obrane i njihova \u017ertva pridonijeli su tome da Osijek ostane nepokoreni grad. Ovo je bila prilika da pred profesorima svjedo\u010dimo o toj temi iz prve ruke kako bi oni mogli u svojim radovima i doktoratima te pred u\u010denicima prenijeti tu istinu &#8211; pojasnio je branitelj Damir Buljevi\u0107 koji je, kako je bio i ratni zato\u010denik, sada i predsjednik podru\u017enice osje\u010dko-baranjske podru\u017enice Hrvatskog dru\u0161tva logora\u0161a srpskih koncentracijskih logora.<\/p>\n\n\n\n<figure class=\"wp-block-image size-large\"><img loading=\"lazy\" decoding=\"async\" width=\"1024\" height=\"576\" src=\"https:\/\/udruga-106br.hr\/wp-content\/uploads\/2023\/02\/IMG-baed9cbee1fcda9a54592f7e6a8707a4-V-1024x576.jpg\" alt=\"\" class=\"wp-image-1869\" srcset=\"https:\/\/udruga-106br.hr\/wp-content\/uploads\/2023\/02\/IMG-baed9cbee1fcda9a54592f7e6a8707a4-V-1024x576.jpg 1024w, https:\/\/udruga-106br.hr\/wp-content\/uploads\/2023\/02\/IMG-baed9cbee1fcda9a54592f7e6a8707a4-V-300x169.jpg 300w, https:\/\/udruga-106br.hr\/wp-content\/uploads\/2023\/02\/IMG-baed9cbee1fcda9a54592f7e6a8707a4-V-768x432.jpg 768w, https:\/\/udruga-106br.hr\/wp-content\/uploads\/2023\/02\/IMG-baed9cbee1fcda9a54592f7e6a8707a4-V-1536x864.jpg 1536w, https:\/\/udruga-106br.hr\/wp-content\/uploads\/2023\/02\/IMG-baed9cbee1fcda9a54592f7e6a8707a4-V.jpg 1600w\" sizes=\"auto, (max-width: 1024px) 100vw, 1024px\" \/><\/figure>\n\n\n\n<p><\/p>\n\n\n\n<p>Hrvoje Kne\u017eevi\u0107 zaklju\u010dio je kako se na ovakav na\u010din razvija empatija i kultura sje\u0107anja na Domovinski rat.<\/p>\n\n\n\n<p>TEKST: https:\/\/www.glas-slavonije.hr\/516588\/3\/O-ratu-u-Osijeku<\/p>\n<!-- AddThis Advanced Settings generic via filter on the_content --><!-- AddThis Share Buttons generic via filter on the_content -->","protected":false},"excerpt":{"rendered":"<p>U organizaciji Agencije za odgoj i obrazovanje odr\u017ean je u petak me\u0111u\u017eupanijski stru\u010dni skup za u\u010ditelje i nastavnike povijesti kojima su zapovjednici i sudionici Domovinskog rata govorili o tome kako su obranjeni Osijek i okolica. Hrvoje Kne\u017eevi\u0107, prof., vi\u0161i savjetnik za povijest, istaknuo je kako su time dobili dublji uvid u tada\u0161nje doga\u0111aje. Damir Buljevi\u0107 &hellip; <a href=\"https:\/\/udruga-106br.hr\/index.php\/o-ratu-u-osijeku\/\" class=\"more-link\">Nastavi \u010ditati <span class=\"screen-reader-text\">O ratu u Osijeku<\/span><\/a><!-- AddThis Advanced Settings generic via filter on get_the_excerpt --><!-- AddThis Share Buttons generic via filter on get_the_excerpt --><\/p>\n","protected":false},"author":1,"featured_media":0,"comment_status":"closed","ping_status":"closed","sticky":false,"template":"","format":"standard","meta":{"footnotes":""},"categories":[32],"tags":[],"class_list":["post-1865","post","type-post","status-publish","format-standard","hentry","category-iz-zivota-udruge"],"_links":{"self":[{"href":"https:\/\/udruga-106br.hr\/index.php\/wp-json\/wp\/v2\/posts\/1865","targetHints":{"allow":["GET"]}}],"collection":[{"href":"https:\/\/udruga-106br.hr\/index.php\/wp-json\/wp\/v2\/posts"}],"about":[{"href":"https:\/\/udruga-106br.hr\/index.php\/wp-json\/wp\/v2\/types\/post"}],"author":[{"embeddable":true,"href":"https:\/\/udruga-106br.hr\/index.php\/wp-json\/wp\/v2\/users\/1"}],"replies":[{"embeddable":true,"href":"https:\/\/udruga-106br.hr\/index.php\/wp-json\/wp\/v2\/comments?post=1865"}],"version-history":[{"count":1,"href":"https:\/\/udruga-106br.hr\/index.php\/wp-json\/wp\/v2\/posts\/1865\/revisions"}],"predecessor-version":[{"id":1870,"href":"https:\/\/udruga-106br.hr\/index.php\/wp-json\/wp\/v2\/posts\/1865\/revisions\/1870"}],"wp:attachment":[{"href":"https:\/\/udruga-106br.hr\/index.php\/wp-json\/wp\/v2\/media?parent=1865"}],"wp:term":[{"taxonomy":"category","embeddable":true,"href":"https:\/\/udruga-106br.hr\/index.php\/wp-json\/wp\/v2\/categories?post=1865"},{"taxonomy":"post_tag","embeddable":true,"href":"https:\/\/udruga-106br.hr\/index.php\/wp-json\/wp\/v2\/tags?post=1865"}],"curies":[{"name":"wp","href":"https:\/\/api.w.org\/{rel}","templated":true}]}}