{"id":1914,"date":"2023-03-17T13:43:50","date_gmt":"2023-03-17T12:43:50","guid":{"rendered":"https:\/\/udruga-106br.hr\/?p=1914"},"modified":"2025-10-17T21:53:56","modified_gmt":"2025-10-17T19:53:56","slug":"zapocela-braniteljska-liga-proljetni-dio","status":"publish","type":"post","link":"https:\/\/udruga-106br.hr\/index.php\/zapocela-braniteljska-liga-proljetni-dio\/","title":{"rendered":"Zapo\u010dela Braniteljska liga proljetni dio"},"content":{"rendered":"\n<p>Ju\u010der je u prostorima veteranskog centra Mursa po\u010dela Braniteljska liga proljetni dio. Zapo\u010deli smo odr\u017eavanjem 1. i 2. kola turnira u belotu. <\/p>\n\n\n\n<figure class=\"wp-block-image size-large\"><img loading=\"lazy\" decoding=\"async\" width=\"1024\" height=\"576\" src=\"https:\/\/udruga-106br.hr\/wp-content\/uploads\/2023\/03\/IMG-3398e8b9527f24bb0c79eb8116183a4a-V-1024x576.jpg\" alt=\"\" class=\"wp-image-1917\" srcset=\"https:\/\/udruga-106br.hr\/wp-content\/uploads\/2023\/03\/IMG-3398e8b9527f24bb0c79eb8116183a4a-V-1024x576.jpg 1024w, https:\/\/udruga-106br.hr\/wp-content\/uploads\/2023\/03\/IMG-3398e8b9527f24bb0c79eb8116183a4a-V-300x169.jpg 300w, https:\/\/udruga-106br.hr\/wp-content\/uploads\/2023\/03\/IMG-3398e8b9527f24bb0c79eb8116183a4a-V-768x432.jpg 768w, https:\/\/udruga-106br.hr\/wp-content\/uploads\/2023\/03\/IMG-3398e8b9527f24bb0c79eb8116183a4a-V-1536x864.jpg 1536w, https:\/\/udruga-106br.hr\/wp-content\/uploads\/2023\/03\/IMG-3398e8b9527f24bb0c79eb8116183a4a-V.jpg 1600w\" sizes=\"auto, (max-width: 1024px) 100vw, 1024px\" \/><\/figure>\n\n\n\n<p>Na turnir se odazvalo 14 ekipa koje \u0107e se takmi\u010diti kroz 14 kola utorkom i \u010detvrtkom do 6. travnja s po\u010detkom u 17 sati.<\/p>\n\n\n\n<figure class=\"wp-block-image size-large\"><img loading=\"lazy\" decoding=\"async\" width=\"1024\" height=\"576\" src=\"https:\/\/udruga-106br.hr\/wp-content\/uploads\/2023\/03\/IMG-7c033e91bb73c94ce5bf564fa64e75ca-V-1024x576.jpg\" alt=\"\" class=\"wp-image-1916\" srcset=\"https:\/\/udruga-106br.hr\/wp-content\/uploads\/2023\/03\/IMG-7c033e91bb73c94ce5bf564fa64e75ca-V-1024x576.jpg 1024w, https:\/\/udruga-106br.hr\/wp-content\/uploads\/2023\/03\/IMG-7c033e91bb73c94ce5bf564fa64e75ca-V-300x169.jpg 300w, https:\/\/udruga-106br.hr\/wp-content\/uploads\/2023\/03\/IMG-7c033e91bb73c94ce5bf564fa64e75ca-V-768x432.jpg 768w, https:\/\/udruga-106br.hr\/wp-content\/uploads\/2023\/03\/IMG-7c033e91bb73c94ce5bf564fa64e75ca-V-1536x864.jpg 1536w, https:\/\/udruga-106br.hr\/wp-content\/uploads\/2023\/03\/IMG-7c033e91bb73c94ce5bf564fa64e75ca-V.jpg 1600w\" sizes=\"auto, (max-width: 1024px) 100vw, 1024px\" \/><\/figure>\n\n\n\n<figure class=\"wp-block-image size-large\"><img loading=\"lazy\" decoding=\"async\" width=\"1024\" height=\"576\" src=\"https:\/\/udruga-106br.hr\/wp-content\/uploads\/2023\/03\/IMG-e1c0d0284c28aa8f1a54ceb1b8f08ade-V-1024x576.jpg\" alt=\"\" class=\"wp-image-1918\" srcset=\"https:\/\/udruga-106br.hr\/wp-content\/uploads\/2023\/03\/IMG-e1c0d0284c28aa8f1a54ceb1b8f08ade-V-1024x576.jpg 1024w, https:\/\/udruga-106br.hr\/wp-content\/uploads\/2023\/03\/IMG-e1c0d0284c28aa8f1a54ceb1b8f08ade-V-300x169.jpg 300w, https:\/\/udruga-106br.hr\/wp-content\/uploads\/2023\/03\/IMG-e1c0d0284c28aa8f1a54ceb1b8f08ade-V-768x432.jpg 768w, https:\/\/udruga-106br.hr\/wp-content\/uploads\/2023\/03\/IMG-e1c0d0284c28aa8f1a54ceb1b8f08ade-V-1536x864.jpg 1536w, https:\/\/udruga-106br.hr\/wp-content\/uploads\/2023\/03\/IMG-e1c0d0284c28aa8f1a54ceb1b8f08ade-V.jpg 1600w\" sizes=\"auto, (max-width: 1024px) 100vw, 1024px\" \/><\/figure>\n<!-- AddThis Advanced Settings generic via filter on the_content --><!-- AddThis Share Buttons generic via filter on the_content -->","protected":false},"excerpt":{"rendered":"<p>Ju\u010der je u prostorima veteranskog centra Mursa po\u010dela Braniteljska liga proljetni dio. Zapo\u010deli smo odr\u017eavanjem 1. i 2. kola turnira u belotu. Na turnir se odazvalo 14 ekipa koje \u0107e se takmi\u010diti kroz 14 kola utorkom i \u010detvrtkom do 6. travnja s po\u010detkom u 17 sati.<!-- AddThis Advanced Settings generic via filter on get_the_excerpt --><!-- AddThis Share Buttons generic via filter on get_the_excerpt --><\/p>\n","protected":false},"author":1,"featured_media":0,"comment_status":"closed","ping_status":"closed","sticky":false,"template":"","format":"standard","meta":{"footnotes":""},"categories":[32],"tags":[],"class_list":["post-1914","post","type-post","status-publish","format-standard","hentry","category-iz-zivota-udruge"],"_links":{"self":[{"href":"https:\/\/udruga-106br.hr\/index.php\/wp-json\/wp\/v2\/posts\/1914","targetHints":{"allow":["GET"]}}],"collection":[{"href":"https:\/\/udruga-106br.hr\/index.php\/wp-json\/wp\/v2\/posts"}],"about":[{"href":"https:\/\/udruga-106br.hr\/index.php\/wp-json\/wp\/v2\/types\/post"}],"author":[{"embeddable":true,"href":"https:\/\/udruga-106br.hr\/index.php\/wp-json\/wp\/v2\/users\/1"}],"replies":[{"embeddable":true,"href":"https:\/\/udruga-106br.hr\/index.php\/wp-json\/wp\/v2\/comments?post=1914"}],"version-history":[{"count":1,"href":"https:\/\/udruga-106br.hr\/index.php\/wp-json\/wp\/v2\/posts\/1914\/revisions"}],"predecessor-version":[{"id":1919,"href":"https:\/\/udruga-106br.hr\/index.php\/wp-json\/wp\/v2\/posts\/1914\/revisions\/1919"}],"wp:attachment":[{"href":"https:\/\/udruga-106br.hr\/index.php\/wp-json\/wp\/v2\/media?parent=1914"}],"wp:term":[{"taxonomy":"category","embeddable":true,"href":"https:\/\/udruga-106br.hr\/index.php\/wp-json\/wp\/v2\/categories?post=1914"},{"taxonomy":"post_tag","embeddable":true,"href":"https:\/\/udruga-106br.hr\/index.php\/wp-json\/wp\/v2\/tags?post=1914"}],"curies":[{"name":"wp","href":"https:\/\/api.w.org\/{rel}","templated":true}]}}