{"id":1920,"date":"2023-03-24T10:21:09","date_gmt":"2023-03-24T09:21:09","guid":{"rendered":"https:\/\/udruga-106br.hr\/?p=1920"},"modified":"2025-10-17T21:53:56","modified_gmt":"2025-10-17T19:53:56","slug":"nastavak-odrzavanja-braniteljske-lige-5-i-6-kolo-turnira-u-belotu","status":"publish","type":"post","link":"https:\/\/udruga-106br.hr\/index.php\/nastavak-odrzavanja-braniteljske-lige-5-i-6-kolo-turnira-u-belotu\/","title":{"rendered":"Nastavak odr\u017eavanja Braniteljske lige &#8211;  5. i 6. kolo turnira u belotu"},"content":{"rendered":"\n<p>Ju\u010der je odr\u017eano 5. i 6. kolo turnira u belotu Braniteljske lige. Trenutno se vodi boj za prvo mjesto izme\u0111u ekipa Darda 1, PTSP 1 i Darde 3. <\/p>\n\n\n\n<figure class=\"wp-block-image size-large\"><img loading=\"lazy\" decoding=\"async\" width=\"1024\" height=\"576\" src=\"https:\/\/udruga-106br.hr\/wp-content\/uploads\/2023\/03\/IMG-251abdace02051f79420419edb4d07d0-V-1024x576.jpg\" alt=\"\" class=\"wp-image-1921\" srcset=\"https:\/\/udruga-106br.hr\/wp-content\/uploads\/2023\/03\/IMG-251abdace02051f79420419edb4d07d0-V-1024x576.jpg 1024w, https:\/\/udruga-106br.hr\/wp-content\/uploads\/2023\/03\/IMG-251abdace02051f79420419edb4d07d0-V-300x169.jpg 300w, https:\/\/udruga-106br.hr\/wp-content\/uploads\/2023\/03\/IMG-251abdace02051f79420419edb4d07d0-V-768x432.jpg 768w, https:\/\/udruga-106br.hr\/wp-content\/uploads\/2023\/03\/IMG-251abdace02051f79420419edb4d07d0-V-1536x864.jpg 1536w, https:\/\/udruga-106br.hr\/wp-content\/uploads\/2023\/03\/IMG-251abdace02051f79420419edb4d07d0-V.jpg 1600w\" sizes=\"auto, (max-width: 1024px) 100vw, 1024px\" \/><\/figure>\n\n\n\n<p><\/p>\n\n\n\n<figure class=\"wp-block-image size-large\"><img loading=\"lazy\" decoding=\"async\" width=\"1024\" height=\"576\" src=\"https:\/\/udruga-106br.hr\/wp-content\/uploads\/2023\/03\/IMG-5b751c53d5b0fcfba304f6baf383cb85-V-1024x576.jpg\" alt=\"\" class=\"wp-image-1922\" srcset=\"https:\/\/udruga-106br.hr\/wp-content\/uploads\/2023\/03\/IMG-5b751c53d5b0fcfba304f6baf383cb85-V-1024x576.jpg 1024w, https:\/\/udruga-106br.hr\/wp-content\/uploads\/2023\/03\/IMG-5b751c53d5b0fcfba304f6baf383cb85-V-300x169.jpg 300w, https:\/\/udruga-106br.hr\/wp-content\/uploads\/2023\/03\/IMG-5b751c53d5b0fcfba304f6baf383cb85-V-768x432.jpg 768w, https:\/\/udruga-106br.hr\/wp-content\/uploads\/2023\/03\/IMG-5b751c53d5b0fcfba304f6baf383cb85-V-1536x864.jpg 1536w, https:\/\/udruga-106br.hr\/wp-content\/uploads\/2023\/03\/IMG-5b751c53d5b0fcfba304f6baf383cb85-V.jpg 1600w\" sizes=\"auto, (max-width: 1024px) 100vw, 1024px\" \/><\/figure>\n\n\n\n<p><\/p>\n\n\n\n<p>Ligu nastavljamo u utorak u prostorima Veteranskog centra s po\u010detkom u 17 sati.<\/p>\n<!-- AddThis Advanced Settings generic via filter on the_content --><!-- AddThis Share Buttons generic via filter on the_content -->","protected":false},"excerpt":{"rendered":"<p>Ju\u010der je odr\u017eano 5. i 6. kolo turnira u belotu Braniteljske lige. Trenutno se vodi boj za prvo mjesto izme\u0111u ekipa Darda 1, PTSP 1 i Darde 3. Ligu nastavljamo u utorak u prostorima Veteranskog centra s po\u010detkom u 17 sati.<!-- AddThis Advanced Settings generic via filter on get_the_excerpt --><!-- AddThis Share Buttons generic via filter on get_the_excerpt --><\/p>\n","protected":false},"author":1,"featured_media":0,"comment_status":"closed","ping_status":"closed","sticky":false,"template":"","format":"standard","meta":{"footnotes":""},"categories":[32],"tags":[],"class_list":["post-1920","post","type-post","status-publish","format-standard","hentry","category-iz-zivota-udruge"],"_links":{"self":[{"href":"https:\/\/udruga-106br.hr\/index.php\/wp-json\/wp\/v2\/posts\/1920","targetHints":{"allow":["GET"]}}],"collection":[{"href":"https:\/\/udruga-106br.hr\/index.php\/wp-json\/wp\/v2\/posts"}],"about":[{"href":"https:\/\/udruga-106br.hr\/index.php\/wp-json\/wp\/v2\/types\/post"}],"author":[{"embeddable":true,"href":"https:\/\/udruga-106br.hr\/index.php\/wp-json\/wp\/v2\/users\/1"}],"replies":[{"embeddable":true,"href":"https:\/\/udruga-106br.hr\/index.php\/wp-json\/wp\/v2\/comments?post=1920"}],"version-history":[{"count":1,"href":"https:\/\/udruga-106br.hr\/index.php\/wp-json\/wp\/v2\/posts\/1920\/revisions"}],"predecessor-version":[{"id":1923,"href":"https:\/\/udruga-106br.hr\/index.php\/wp-json\/wp\/v2\/posts\/1920\/revisions\/1923"}],"wp:attachment":[{"href":"https:\/\/udruga-106br.hr\/index.php\/wp-json\/wp\/v2\/media?parent=1920"}],"wp:term":[{"taxonomy":"category","embeddable":true,"href":"https:\/\/udruga-106br.hr\/index.php\/wp-json\/wp\/v2\/categories?post=1920"},{"taxonomy":"post_tag","embeddable":true,"href":"https:\/\/udruga-106br.hr\/index.php\/wp-json\/wp\/v2\/tags?post=1920"}],"curies":[{"name":"wp","href":"https:\/\/api.w.org\/{rel}","templated":true}]}}