{"id":2009,"date":"2023-04-27T11:38:50","date_gmt":"2023-04-27T09:38:50","guid":{"rendered":"https:\/\/udruga-106br.hr\/?p=2009"},"modified":"2025-10-17T21:53:39","modified_gmt":"2025-10-17T19:53:39","slug":"7-obljetnica-osnivanja-udruge-106-brigade-zng-rh-29-4-2023-godine","status":"publish","type":"post","link":"https:\/\/udruga-106br.hr\/index.php\/7-obljetnica-osnivanja-udruge-106-brigade-zng-rh-29-4-2023-godine\/","title":{"rendered":"7. obljetnica osnivanja Udruge 106. brigade ZNG RH &#8211; 29.4.2023. godine"},"content":{"rendered":"\n<p>Dragi prijatelji,<\/p>\n\n\n\n<p>srda\u010dno Vas pozivamo da nam se pridru\u017eite u proslavi 7. obljetnice osnivanja na\u0161e Udruge. Ovaj poseban dan obilje\u017eavamo s veseljem i ponosom, a \u017eeljeli bismo to podijeliti s Vama!<br>Udruga je osnovana 29. travnja 2016. godine, a ova obljetnica je prilika da se prisjetimo svih aktivnosti i postignu\u0107a koje smo ostvarili tijekom proteklih 7 godina. Stvorili smo vrijedne projekte, sudjelovali u humanitarnim akcijama, organizirali brojne doga\u0111aje i pru\u017eali podr\u0161ku onima kojima je to bilo najpotrebnije te stvoriti bolju i odr\u017eiviju zajednicu. Uz va\u0161u pomo\u0107 i podr\u0161ku, i ove godine te\u017eimo postizanju mnogih uspjeha i nadamo se da \u0107ete nam se pridru\u017eiti u proslavi ove va\u017ene obljetnice.<\/p>\n\n\n\n<p>Na dan 29.04.2023. godine imat \u0107ete priliku razgledati na\u0161e prostorije i spomen sobu te se upoznati s na\u0161im aktivnostima u periodu od 9 h do 12 h. Tako\u0111er, mo\u0107i \u0107ete se upoznati s \u010dlanovima Udruge i saznati vi\u0161e o na\u0161im planovima za budu\u0107nost.<\/p>\n\n\n\n<p>Ovo je prilika da se okupimo i slavimo na\u0161 zajedni\u010dki uspjeh, stoga nam se pridru\u017eite u proslavi ove posebne obljetnice. Veselimo se Va\u0161em dolasku!<\/p>\n\n\n\n<p>S po\u0161tovanjem,<br>predstavnici Udruge 106. brigade ZNG RH<\/p>\n<!-- AddThis Advanced Settings generic via filter on the_content --><!-- AddThis Share Buttons generic via filter on the_content -->","protected":false},"excerpt":{"rendered":"<p>Dragi prijatelji, srda\u010dno Vas pozivamo da nam se pridru\u017eite u proslavi 7. obljetnice osnivanja na\u0161e Udruge. Ovaj poseban dan obilje\u017eavamo s veseljem i ponosom, a \u017eeljeli bismo to podijeliti s Vama!Udruga je osnovana 29. travnja 2016. godine, a ova obljetnica je prilika da se prisjetimo svih aktivnosti i postignu\u0107a koje smo ostvarili tijekom proteklih 7 &hellip; <a href=\"https:\/\/udruga-106br.hr\/index.php\/7-obljetnica-osnivanja-udruge-106-brigade-zng-rh-29-4-2023-godine\/\" class=\"more-link\">Nastavi \u010ditati <span class=\"screen-reader-text\">7. obljetnica osnivanja Udruge 106. brigade ZNG RH &#8211; 29.4.2023. godine<\/span><\/a><!-- AddThis Advanced Settings generic via filter on get_the_excerpt --><!-- AddThis Share Buttons generic via filter on get_the_excerpt --><\/p>\n","protected":false},"author":1,"featured_media":0,"comment_status":"closed","ping_status":"closed","sticky":false,"template":"","format":"standard","meta":{"footnotes":""},"categories":[32],"tags":[],"class_list":["post-2009","post","type-post","status-publish","format-standard","hentry","category-iz-zivota-udruge"],"_links":{"self":[{"href":"https:\/\/udruga-106br.hr\/index.php\/wp-json\/wp\/v2\/posts\/2009","targetHints":{"allow":["GET"]}}],"collection":[{"href":"https:\/\/udruga-106br.hr\/index.php\/wp-json\/wp\/v2\/posts"}],"about":[{"href":"https:\/\/udruga-106br.hr\/index.php\/wp-json\/wp\/v2\/types\/post"}],"author":[{"embeddable":true,"href":"https:\/\/udruga-106br.hr\/index.php\/wp-json\/wp\/v2\/users\/1"}],"replies":[{"embeddable":true,"href":"https:\/\/udruga-106br.hr\/index.php\/wp-json\/wp\/v2\/comments?post=2009"}],"version-history":[{"count":1,"href":"https:\/\/udruga-106br.hr\/index.php\/wp-json\/wp\/v2\/posts\/2009\/revisions"}],"predecessor-version":[{"id":2010,"href":"https:\/\/udruga-106br.hr\/index.php\/wp-json\/wp\/v2\/posts\/2009\/revisions\/2010"}],"wp:attachment":[{"href":"https:\/\/udruga-106br.hr\/index.php\/wp-json\/wp\/v2\/media?parent=2009"}],"wp:term":[{"taxonomy":"category","embeddable":true,"href":"https:\/\/udruga-106br.hr\/index.php\/wp-json\/wp\/v2\/categories?post=2009"},{"taxonomy":"post_tag","embeddable":true,"href":"https:\/\/udruga-106br.hr\/index.php\/wp-json\/wp\/v2\/tags?post=2009"}],"curies":[{"name":"wp","href":"https:\/\/api.w.org\/{rel}","templated":true}]}}