{"id":2021,"date":"2023-05-02T17:54:23","date_gmt":"2023-05-02T15:54:23","guid":{"rendered":"https:\/\/udruga-106br.hr\/?p=2021"},"modified":"2025-10-17T21:53:38","modified_gmt":"2025-10-17T19:53:38","slug":"obiljezena-7-obljetnica-osnivanja-nase-udruge","status":"publish","type":"post","link":"https:\/\/udruga-106br.hr\/index.php\/obiljezena-7-obljetnica-osnivanja-nase-udruge\/","title":{"rendered":"Obilje\u017eena 7. obljetnica osnivanja na\u0161e Udruge"},"content":{"rendered":"\n<p>Predstavnici udruge 106. brigade ZNG RH zapo\u010deli su obilje\u017eavanje 7. obljetnice osnivanja Udruge paljenjem svije\u0107a i odavanjem po\u010dasti na\u0161im poginulima te molitvom.<\/p>\n\n\n\n<figure class=\"wp-block-image size-large\"><img loading=\"lazy\" decoding=\"async\" width=\"768\" height=\"1024\" src=\"https:\/\/udruga-106br.hr\/wp-content\/uploads\/2023\/05\/20230429_091454-768x1024.jpg\" alt=\"\" class=\"wp-image-2022\" srcset=\"https:\/\/udruga-106br.hr\/wp-content\/uploads\/2023\/05\/20230429_091454-768x1024.jpg 768w, https:\/\/udruga-106br.hr\/wp-content\/uploads\/2023\/05\/20230429_091454-225x300.jpg 225w, https:\/\/udruga-106br.hr\/wp-content\/uploads\/2023\/05\/20230429_091454-1152x1536.jpg 1152w, https:\/\/udruga-106br.hr\/wp-content\/uploads\/2023\/05\/20230429_091454-1536x2048.jpg 1536w, https:\/\/udruga-106br.hr\/wp-content\/uploads\/2023\/05\/20230429_091454-scaled.jpg 1920w\" sizes=\"auto, (max-width: 768px) 100vw, 768px\" \/><\/figure>\n\n\n\n<figure class=\"wp-block-gallery has-nested-images columns-default is-cropped wp-block-gallery-1 is-layout-flex wp-block-gallery-is-layout-flex\">\n<figure class=\"wp-block-image size-large\"><img loading=\"lazy\" decoding=\"async\" width=\"768\" height=\"1024\" data-id=\"2024\" src=\"https:\/\/udruga-106br.hr\/wp-content\/uploads\/2023\/05\/20230429_091344-768x1024.jpg\" alt=\"\" class=\"wp-image-2024\" srcset=\"https:\/\/udruga-106br.hr\/wp-content\/uploads\/2023\/05\/20230429_091344-768x1024.jpg 768w, https:\/\/udruga-106br.hr\/wp-content\/uploads\/2023\/05\/20230429_091344-225x300.jpg 225w, https:\/\/udruga-106br.hr\/wp-content\/uploads\/2023\/05\/20230429_091344-1152x1536.jpg 1152w, https:\/\/udruga-106br.hr\/wp-content\/uploads\/2023\/05\/20230429_091344-1536x2048.jpg 1536w, https:\/\/udruga-106br.hr\/wp-content\/uploads\/2023\/05\/20230429_091344-scaled.jpg 1920w\" sizes=\"auto, (max-width: 768px) 100vw, 768px\" \/><\/figure>\n\n\n\n<figure class=\"wp-block-image size-large\"><img loading=\"lazy\" decoding=\"async\" width=\"768\" height=\"1024\" data-id=\"2023\" src=\"https:\/\/udruga-106br.hr\/wp-content\/uploads\/2023\/05\/20230429_091358-768x1024.jpg\" alt=\"\" class=\"wp-image-2023\" srcset=\"https:\/\/udruga-106br.hr\/wp-content\/uploads\/2023\/05\/20230429_091358-768x1024.jpg 768w, https:\/\/udruga-106br.hr\/wp-content\/uploads\/2023\/05\/20230429_091358-225x300.jpg 225w, https:\/\/udruga-106br.hr\/wp-content\/uploads\/2023\/05\/20230429_091358-1152x1536.jpg 1152w, https:\/\/udruga-106br.hr\/wp-content\/uploads\/2023\/05\/20230429_091358-1536x2048.jpg 1536w, https:\/\/udruga-106br.hr\/wp-content\/uploads\/2023\/05\/20230429_091358-scaled.jpg 1920w\" sizes=\"auto, (max-width: 768px) 100vw, 768px\" \/><\/figure>\n<\/figure>\n\n\n\n<p>29.4.2023. godine od 9 do 12 sati na adresi Kralja Petra Sva\u010di\u0107a 36 u Osijeku smo se me\u0111usobno dru\u017eili te do\u010dekivali sve zainteresirane posjetitelje i budu\u0107e \u010dlanove na\u0161e Udruge. <\/p>\n\n\n\n<p>Tijekom dru\u017eenja smo se prisjetili svih aktivnosti i postignu\u0107a koje smo ostvarili tijekom proteklih 7 godina, uklju\u010duju\u0107i projekte, humanitarne akcije i brojna doga\u0111anja. Tako\u0111er smo razgovarali o pru\u017eenoj podr\u0161ci onima kojima je to bilo najpotrebnije i dogovorili podjelu zadataka za nadolaze\u0107e doga\u0111aje va\u017ene za nas i na\u0161u Udrugu.<\/p>\n\n\n\n<figure class=\"wp-block-gallery has-nested-images columns-default is-cropped wp-block-gallery-2 is-layout-flex wp-block-gallery-is-layout-flex\">\n<figure class=\"wp-block-image size-large\"><img loading=\"lazy\" decoding=\"async\" width=\"1024\" height=\"768\" data-id=\"2027\" src=\"https:\/\/udruga-106br.hr\/wp-content\/uploads\/2023\/05\/20230429_094901-1024x768.jpg\" alt=\"\" class=\"wp-image-2027\" srcset=\"https:\/\/udruga-106br.hr\/wp-content\/uploads\/2023\/05\/20230429_094901-1024x768.jpg 1024w, https:\/\/udruga-106br.hr\/wp-content\/uploads\/2023\/05\/20230429_094901-300x225.jpg 300w, https:\/\/udruga-106br.hr\/wp-content\/uploads\/2023\/05\/20230429_094901-768x576.jpg 768w, https:\/\/udruga-106br.hr\/wp-content\/uploads\/2023\/05\/20230429_094901-1536x1152.jpg 1536w, https:\/\/udruga-106br.hr\/wp-content\/uploads\/2023\/05\/20230429_094901-2048x1536.jpg 2048w\" sizes=\"auto, (max-width: 1024px) 100vw, 1024px\" \/><\/figure>\n\n\n\n<figure class=\"wp-block-image size-large\"><img loading=\"lazy\" decoding=\"async\" width=\"1024\" height=\"768\" data-id=\"2026\" src=\"https:\/\/udruga-106br.hr\/wp-content\/uploads\/2023\/05\/20230429_093717-1-1024x768.jpg\" alt=\"\" class=\"wp-image-2026\" srcset=\"https:\/\/udruga-106br.hr\/wp-content\/uploads\/2023\/05\/20230429_093717-1-1024x768.jpg 1024w, https:\/\/udruga-106br.hr\/wp-content\/uploads\/2023\/05\/20230429_093717-1-300x225.jpg 300w, https:\/\/udruga-106br.hr\/wp-content\/uploads\/2023\/05\/20230429_093717-1-768x576.jpg 768w, https:\/\/udruga-106br.hr\/wp-content\/uploads\/2023\/05\/20230429_093717-1-1536x1152.jpg 1536w, https:\/\/udruga-106br.hr\/wp-content\/uploads\/2023\/05\/20230429_093717-1-2048x1536.jpg 2048w\" sizes=\"auto, (max-width: 1024px) 100vw, 1024px\" \/><\/figure>\n<\/figure>\n\n\n\n<p>Na kraju ovog dru\u017eenja zajedno smo posjetili grobno mjesto na\u0161eg dragog prijatelja i biv\u0161eg predsjednika Udruge, Ivana Bekavca, kako bismo zapalili svije\u0107u i pomolili se. Hvala svima koji su se odazvali i pridru\u017eili nam se na ovom posebnom doga\u0111aju. Va\u0161a podr\u0161ka i anga\u017eman su iznimno va\u017eni za daljnji razvoj na\u0161e Udruge. <\/p>\n\n\n\n<p>S rado\u0161\u0107u o\u010dekujemo budu\u0107e susrete i zajedni\u010dke aktivnosti.<\/p>\n\n\n\n<figure class=\"wp-block-gallery has-nested-images columns-default is-cropped wp-block-gallery-3 is-layout-flex wp-block-gallery-is-layout-flex\">\n<figure class=\"wp-block-image size-large\"><img loading=\"lazy\" decoding=\"async\" width=\"768\" height=\"1024\" data-id=\"2029\" src=\"https:\/\/udruga-106br.hr\/wp-content\/uploads\/2023\/05\/20230429_123345-768x1024.jpg\" alt=\"\" class=\"wp-image-2029\" srcset=\"https:\/\/udruga-106br.hr\/wp-content\/uploads\/2023\/05\/20230429_123345-768x1024.jpg 768w, https:\/\/udruga-106br.hr\/wp-content\/uploads\/2023\/05\/20230429_123345-225x300.jpg 225w, https:\/\/udruga-106br.hr\/wp-content\/uploads\/2023\/05\/20230429_123345-1152x1536.jpg 1152w, https:\/\/udruga-106br.hr\/wp-content\/uploads\/2023\/05\/20230429_123345-1536x2048.jpg 1536w, https:\/\/udruga-106br.hr\/wp-content\/uploads\/2023\/05\/20230429_123345-scaled.jpg 1920w\" sizes=\"auto, (max-width: 768px) 100vw, 768px\" \/><\/figure>\n\n\n\n<figure class=\"wp-block-image size-large\"><img loading=\"lazy\" decoding=\"async\" width=\"768\" height=\"1024\" data-id=\"2028\" src=\"https:\/\/udruga-106br.hr\/wp-content\/uploads\/2023\/05\/20230429_123354-768x1024.jpg\" alt=\"\" class=\"wp-image-2028\" srcset=\"https:\/\/udruga-106br.hr\/wp-content\/uploads\/2023\/05\/20230429_123354-768x1024.jpg 768w, https:\/\/udruga-106br.hr\/wp-content\/uploads\/2023\/05\/20230429_123354-225x300.jpg 225w, https:\/\/udruga-106br.hr\/wp-content\/uploads\/2023\/05\/20230429_123354-1152x1536.jpg 1152w, https:\/\/udruga-106br.hr\/wp-content\/uploads\/2023\/05\/20230429_123354-1536x2048.jpg 1536w, https:\/\/udruga-106br.hr\/wp-content\/uploads\/2023\/05\/20230429_123354-scaled.jpg 1920w\" sizes=\"auto, (max-width: 768px) 100vw, 768px\" \/><\/figure>\n<\/figure>\n\n\n\n<p><\/p>\n<!-- AddThis Advanced Settings generic via filter on the_content --><!-- AddThis Share Buttons generic via filter on the_content -->","protected":false},"excerpt":{"rendered":"<p>Predstavnici udruge 106. brigade ZNG RH zapo\u010deli su obilje\u017eavanje 7. obljetnice osnivanja Udruge paljenjem svije\u0107a i odavanjem po\u010dasti na\u0161im poginulima te molitvom. 29.4.2023. godine od 9 do 12 sati na adresi Kralja Petra Sva\u010di\u0107a 36 u Osijeku smo se me\u0111usobno dru\u017eili te do\u010dekivali sve zainteresirane posjetitelje i budu\u0107e \u010dlanove na\u0161e Udruge. Tijekom dru\u017eenja smo se &hellip; <a href=\"https:\/\/udruga-106br.hr\/index.php\/obiljezena-7-obljetnica-osnivanja-nase-udruge\/\" class=\"more-link\">Nastavi \u010ditati <span class=\"screen-reader-text\">Obilje\u017eena 7. obljetnica osnivanja na\u0161e Udruge<\/span><\/a><!-- AddThis Advanced Settings generic via filter on get_the_excerpt --><!-- AddThis Share Buttons generic via filter on get_the_excerpt --><\/p>\n","protected":false},"author":1,"featured_media":0,"comment_status":"closed","ping_status":"closed","sticky":false,"template":"","format":"standard","meta":{"footnotes":""},"categories":[32],"tags":[],"class_list":["post-2021","post","type-post","status-publish","format-standard","hentry","category-iz-zivota-udruge"],"_links":{"self":[{"href":"https:\/\/udruga-106br.hr\/index.php\/wp-json\/wp\/v2\/posts\/2021","targetHints":{"allow":["GET"]}}],"collection":[{"href":"https:\/\/udruga-106br.hr\/index.php\/wp-json\/wp\/v2\/posts"}],"about":[{"href":"https:\/\/udruga-106br.hr\/index.php\/wp-json\/wp\/v2\/types\/post"}],"author":[{"embeddable":true,"href":"https:\/\/udruga-106br.hr\/index.php\/wp-json\/wp\/v2\/users\/1"}],"replies":[{"embeddable":true,"href":"https:\/\/udruga-106br.hr\/index.php\/wp-json\/wp\/v2\/comments?post=2021"}],"version-history":[{"count":1,"href":"https:\/\/udruga-106br.hr\/index.php\/wp-json\/wp\/v2\/posts\/2021\/revisions"}],"predecessor-version":[{"id":2030,"href":"https:\/\/udruga-106br.hr\/index.php\/wp-json\/wp\/v2\/posts\/2021\/revisions\/2030"}],"wp:attachment":[{"href":"https:\/\/udruga-106br.hr\/index.php\/wp-json\/wp\/v2\/media?parent=2021"}],"wp:term":[{"taxonomy":"category","embeddable":true,"href":"https:\/\/udruga-106br.hr\/index.php\/wp-json\/wp\/v2\/categories?post=2021"},{"taxonomy":"post_tag","embeddable":true,"href":"https:\/\/udruga-106br.hr\/index.php\/wp-json\/wp\/v2\/tags?post=2021"}],"curies":[{"name":"wp","href":"https:\/\/api.w.org\/{rel}","templated":true}]}}