{"id":2031,"date":"2023-05-02T18:20:43","date_gmt":"2023-05-02T16:20:43","guid":{"rendered":"https:\/\/udruga-106br.hr\/?p=2031"},"modified":"2025-10-17T21:53:38","modified_gmt":"2025-10-17T19:53:38","slug":"svecanost-obiljezavanja-vojno-redarstvene-operacije-bljesak-1-svibnja-2023-godine-u-okucanima","status":"publish","type":"post","link":"https:\/\/udruga-106br.hr\/index.php\/svecanost-obiljezavanja-vojno-redarstvene-operacije-bljesak-1-svibnja-2023-godine-u-okucanima\/","title":{"rendered":"Sve\u010danost obilje\u017eavanja Vojno-redarstvene operacije &#8220;Bljesak&#8221; &#8211; 1. svibnja 2023. godine u Oku\u010danima"},"content":{"rendered":"\n<p>Vojno-redarstvena operacija &#8220;Bljesak&#8221; zapo\u010dela je 1. svibnja 1995. godine s ciljem osloba\u0111anja okupiranog teritorija zapadne Slavonije. Operacija je zapo\u010dela u 5:21 sati istovremeno s tri smjera &#8211; istoka, sjevera i zapada, du\u017e boji\u0161nice koja se protezala na oko 80 kilometara. Hrvatske snage su izvr\u0161ile sna\u017ene udare, presjekle okupirano podru\u010dje zapadne Slavonije, slomile otpor neprijateljskih snaga i oslobodile Jasenovac, Oku\u010dane i Staru Gradi\u0161ku.<\/p>\n\n\n\n<p>U roku od manje od 32 sata, od 1. do 2. svibnja, hrvatske snage su oslobodile oko 500 \u010detvornih kilometara dotad okupiranog zapadnoslavonskog teritorija te uspostavile nadzor nad autocestom Zagreb-Lipovac i \u017eeljezni\u010dkom prugom prema isto\u010dnoj Slavoniji. U operaciji &#8220;Bljesak&#8221; sudjelovalo je oko 7.200 hrvatskih vojnika i policajaca. Na\u017ealost, tijekom operacije &#8220;Bljesak&#8221; poginuo je 51 hrvatski branitelj, dok su 162 branitelja bila ranjena. \u010cetvrtog dana operacije, u popodnevnim satima 4. svibnja, na Gavrinici iznad Pakraca, neprijateljske srpske snage bezuvjetno su se predale, \u0161to je ozna\u010dilo kona\u010dan poraz velikosrpske politike u zapadnoj Slavoniji.<\/p>\n\n\n\n<figure class=\"wp-block-image size-large\"><img loading=\"lazy\" decoding=\"async\" width=\"723\" height=\"1024\" src=\"https:\/\/udruga-106br.hr\/wp-content\/uploads\/2023\/05\/plakat-bljesak-2023-a-scaled-1-723x1024.jpg\" alt=\"\" class=\"wp-image-2035\" srcset=\"https:\/\/udruga-106br.hr\/wp-content\/uploads\/2023\/05\/plakat-bljesak-2023-a-scaled-1-723x1024.jpg 723w, https:\/\/udruga-106br.hr\/wp-content\/uploads\/2023\/05\/plakat-bljesak-2023-a-scaled-1-212x300.jpg 212w, https:\/\/udruga-106br.hr\/wp-content\/uploads\/2023\/05\/plakat-bljesak-2023-a-scaled-1-768x1088.jpg 768w, https:\/\/udruga-106br.hr\/wp-content\/uploads\/2023\/05\/plakat-bljesak-2023-a-scaled-1-1084x1536.jpg 1084w, https:\/\/udruga-106br.hr\/wp-content\/uploads\/2023\/05\/plakat-bljesak-2023-a-scaled-1-1446x2048.jpg 1446w, https:\/\/udruga-106br.hr\/wp-content\/uploads\/2023\/05\/plakat-bljesak-2023-a-scaled-1.jpg 1807w\" sizes=\"auto, (max-width: 723px) 100vw, 723px\" \/><\/figure>\n\n\n\n<p><br>U spomen na Vojno-redarstvenu operaciju &#8220;Bljesak&#8221; od 1. svibnja 1995. godine, u ponedjeljak 1. svibnja 2023. godine odr\u017eana je veli\u010danstvena sve\u010danost u Oku\u010danima.<br>Na ceremoniji se okupio dr\u017eavni vrh, predstavnici hrvatskih ratnih brigada i udruga branitelja te velik broj gra\u0111ana radi obilje\u017eavanja Vojno-redarstvene operacije &#8220;Bljesak&#8221; te odavanja po\u010dasti poginulim i stradalim hrvatskim braniteljima.<br>Sredi\u0161nji dio obilje\u017eavanja odr\u017ean je kod spomen obilje\u017eja Kristalne kocke vedrine. Svaka od 51 kocke simbolizira hrvatskog branitelja koji je poginuo ili umro od posljedica ranjavanja u VRO &#8220;Bljesak&#8221;. Polo\u017eeni su vijenci i zapaljene svije\u0107e, izvedena je hrvatska himna, pro\u010ditana su imena poginulih branitelja &#8211; svih tih hrabrih pojedinaca, koji su svoje \u017eivote \u017ertvovali za slobodu Hrvatske i vje\u010dno ostaju simbol \u010dasti i ponosa Domovini.<\/p>\n\n\n\n<figure class=\"wp-block-image size-large\"><img loading=\"lazy\" decoding=\"async\" width=\"1024\" height=\"577\" src=\"https:\/\/udruga-106br.hr\/wp-content\/uploads\/2023\/05\/IMG-097ca682a2d9c01974031e039a90e7a1-V-1024x577.jpg\" alt=\"\" class=\"wp-image-2033\" srcset=\"https:\/\/udruga-106br.hr\/wp-content\/uploads\/2023\/05\/IMG-097ca682a2d9c01974031e039a90e7a1-V-1024x577.jpg 1024w, https:\/\/udruga-106br.hr\/wp-content\/uploads\/2023\/05\/IMG-097ca682a2d9c01974031e039a90e7a1-V-300x169.jpg 300w, https:\/\/udruga-106br.hr\/wp-content\/uploads\/2023\/05\/IMG-097ca682a2d9c01974031e039a90e7a1-V-768x432.jpg 768w, https:\/\/udruga-106br.hr\/wp-content\/uploads\/2023\/05\/IMG-097ca682a2d9c01974031e039a90e7a1-V-1536x865.jpg 1536w, https:\/\/udruga-106br.hr\/wp-content\/uploads\/2023\/05\/IMG-097ca682a2d9c01974031e039a90e7a1-V.jpg 1600w\" sizes=\"auto, (max-width: 1024px) 100vw, 1024px\" \/><\/figure>\n\n\n\n<figure class=\"wp-block-image size-large\"><img loading=\"lazy\" decoding=\"async\" width=\"1024\" height=\"577\" src=\"https:\/\/udruga-106br.hr\/wp-content\/uploads\/2023\/05\/IMG-a75ab93bae79e50ad1a79f07e09d5b69-V-1024x577.jpg\" alt=\"\" class=\"wp-image-2034\" srcset=\"https:\/\/udruga-106br.hr\/wp-content\/uploads\/2023\/05\/IMG-a75ab93bae79e50ad1a79f07e09d5b69-V-1024x577.jpg 1024w, https:\/\/udruga-106br.hr\/wp-content\/uploads\/2023\/05\/IMG-a75ab93bae79e50ad1a79f07e09d5b69-V-300x169.jpg 300w, https:\/\/udruga-106br.hr\/wp-content\/uploads\/2023\/05\/IMG-a75ab93bae79e50ad1a79f07e09d5b69-V-768x432.jpg 768w, https:\/\/udruga-106br.hr\/wp-content\/uploads\/2023\/05\/IMG-a75ab93bae79e50ad1a79f07e09d5b69-V-1536x865.jpg 1536w, https:\/\/udruga-106br.hr\/wp-content\/uploads\/2023\/05\/IMG-a75ab93bae79e50ad1a79f07e09d5b69-V.jpg 1600w\" sizes=\"auto, (max-width: 1024px) 100vw, 1024px\" \/><\/figure>\n\n\n\n<p>Kadeti su polo\u017eili ru\u017ee na svaku Kristalnu kocku vedrine, a po\u010dast svim poginulima, nestalima i umrlim braniteljima koji su sudjelovali u ovoj veli\u010danstvenoj akciji osloba\u0111anja hrvatskog teritorija, odali su i na\u0161i \u017deljko Ko\u017eul i Branko Vadlja predstavnici Zajednice udruga postrojbi ZNG RH.<\/p>\n\n\n\n<figure class=\"wp-block-image size-large\"><img loading=\"lazy\" decoding=\"async\" width=\"1024\" height=\"577\" src=\"https:\/\/udruga-106br.hr\/wp-content\/uploads\/2023\/05\/IMG-36f765adc4140427a2fe4b945ec8f63a-V-1024x577.jpg\" alt=\"\" class=\"wp-image-2032\" srcset=\"https:\/\/udruga-106br.hr\/wp-content\/uploads\/2023\/05\/IMG-36f765adc4140427a2fe4b945ec8f63a-V-1024x577.jpg 1024w, https:\/\/udruga-106br.hr\/wp-content\/uploads\/2023\/05\/IMG-36f765adc4140427a2fe4b945ec8f63a-V-300x169.jpg 300w, https:\/\/udruga-106br.hr\/wp-content\/uploads\/2023\/05\/IMG-36f765adc4140427a2fe4b945ec8f63a-V-768x432.jpg 768w, https:\/\/udruga-106br.hr\/wp-content\/uploads\/2023\/05\/IMG-36f765adc4140427a2fe4b945ec8f63a-V-1536x865.jpg 1536w, https:\/\/udruga-106br.hr\/wp-content\/uploads\/2023\/05\/IMG-36f765adc4140427a2fe4b945ec8f63a-V.jpg 1600w\" sizes=\"auto, (max-width: 1024px) 100vw, 1024px\" \/><\/figure>\n\n\n\n<p><br>Molitvu je predvodio vojni ordinarij msgr. Jure Bogdan, a nakon mise zadu\u0161nice, okupljeni su mogli vidjeti pokazne vje\u017ebe specijalnih snaga, specijalne policije, vojno-policijskih pasa i akrobatske skupine &#8220;Krila Oluje&#8221;.<br>Tako\u0111er, odr\u017ean je i Memorijal bojnika Davora Jovi\u0107a pod nazivom &#8220;Prvi za Hrvatsku 2023.&#8221; s natjecateljima iz Oru\u017eanih snaga RH i Ministarstva unutarnjih poslova.<\/p>\n<!-- AddThis Advanced Settings generic via filter on the_content --><!-- AddThis Share Buttons generic via filter on the_content -->","protected":false},"excerpt":{"rendered":"<p>Vojno-redarstvena operacija &#8220;Bljesak&#8221; zapo\u010dela je 1. svibnja 1995. godine s ciljem osloba\u0111anja okupiranog teritorija zapadne Slavonije. Operacija je zapo\u010dela u 5:21 sati istovremeno s tri smjera &#8211; istoka, sjevera i zapada, du\u017e boji\u0161nice koja se protezala na oko 80 kilometara. Hrvatske snage su izvr\u0161ile sna\u017ene udare, presjekle okupirano podru\u010dje zapadne Slavonije, slomile otpor neprijateljskih snaga &hellip; <a href=\"https:\/\/udruga-106br.hr\/index.php\/svecanost-obiljezavanja-vojno-redarstvene-operacije-bljesak-1-svibnja-2023-godine-u-okucanima\/\" class=\"more-link\">Nastavi \u010ditati <span class=\"screen-reader-text\">Sve\u010danost obilje\u017eavanja Vojno-redarstvene operacije &#8220;Bljesak&#8221; &#8211; 1. svibnja 2023. godine u Oku\u010danima<\/span><\/a><!-- AddThis Advanced Settings generic via filter on get_the_excerpt --><!-- AddThis Share Buttons generic via filter on get_the_excerpt --><\/p>\n","protected":false},"author":1,"featured_media":0,"comment_status":"closed","ping_status":"closed","sticky":false,"template":"","format":"standard","meta":{"footnotes":""},"categories":[32],"tags":[],"class_list":["post-2031","post","type-post","status-publish","format-standard","hentry","category-iz-zivota-udruge"],"_links":{"self":[{"href":"https:\/\/udruga-106br.hr\/index.php\/wp-json\/wp\/v2\/posts\/2031","targetHints":{"allow":["GET"]}}],"collection":[{"href":"https:\/\/udruga-106br.hr\/index.php\/wp-json\/wp\/v2\/posts"}],"about":[{"href":"https:\/\/udruga-106br.hr\/index.php\/wp-json\/wp\/v2\/types\/post"}],"author":[{"embeddable":true,"href":"https:\/\/udruga-106br.hr\/index.php\/wp-json\/wp\/v2\/users\/1"}],"replies":[{"embeddable":true,"href":"https:\/\/udruga-106br.hr\/index.php\/wp-json\/wp\/v2\/comments?post=2031"}],"version-history":[{"count":2,"href":"https:\/\/udruga-106br.hr\/index.php\/wp-json\/wp\/v2\/posts\/2031\/revisions"}],"predecessor-version":[{"id":2045,"href":"https:\/\/udruga-106br.hr\/index.php\/wp-json\/wp\/v2\/posts\/2031\/revisions\/2045"}],"wp:attachment":[{"href":"https:\/\/udruga-106br.hr\/index.php\/wp-json\/wp\/v2\/media?parent=2031"}],"wp:term":[{"taxonomy":"category","embeddable":true,"href":"https:\/\/udruga-106br.hr\/index.php\/wp-json\/wp\/v2\/categories?post=2031"},{"taxonomy":"post_tag","embeddable":true,"href":"https:\/\/udruga-106br.hr\/index.php\/wp-json\/wp\/v2\/tags?post=2031"}],"curies":[{"name":"wp","href":"https:\/\/api.w.org\/{rel}","templated":true}]}}