{"id":2065,"date":"2023-05-08T12:07:34","date_gmt":"2023-05-08T10:07:34","guid":{"rendered":"https:\/\/udruga-106br.hr\/?p=2065"},"modified":"2025-10-17T21:53:38","modified_gmt":"2025-10-17T19:53:38","slug":"9-rekreativno-edukativna-biciklijada-tragom-pustara","status":"publish","type":"post","link":"https:\/\/udruga-106br.hr\/index.php\/9-rekreativno-edukativna-biciklijada-tragom-pustara\/","title":{"rendered":"9. Rekreativno \u2013 edukativna biciklijada \u201cTragom pustara\u201d"},"content":{"rendered":"\n<p>U subotu, 13. svibnja 2023. godine, udruga &#8220;Korijeni pustare&#8221; organizira devetu rekreativno-edukativnu biciklijadu &#8220;Tragom pustara&#8221; u spomen na nestale pustare. Planirana ruta kre\u0107e iz Osijeka, ispred murala posve\u0107enog Pustarama u Trpimirovoj ulici, ju\u017eno od grada, preko Gacke ulice, Vinkova\u010dke ceste, Brijesta, Josipinog Dvora, Antunovca, Ivanovca, ostataka utvrde Kolo\u0111var, te povratka u Antunovac i Sala\u0161 poziciju &#8220;Pustara\u0161ki \u0107o\u0161ak&#8221;. <\/p>\n\n\n\n<p>Po\u010detak biciklijade je u 9 sati, a kre\u0107e ispred murala posve\u0107enog Pustarama ju\u017eno od Osijeka u Trpimirovoj ulici preko puta benzinske crpke Crodux nakon \u0161to se napravi &#8220;Milenijska&#8221; fotografija prije polaska. Dolazak na cilj, odnosno Sala\u0161 (kri\u017eanje \u0160kolske i Kolodvorske ulice, budu\u0107i &#8220;Pustara\u0161ki \u0107o\u0161ak&#8221;) planiran je izme\u0111u 12.30 i 13.00 sati. <\/p>\n\n\n\n<p>Program uklju\u010duje lagano bicikliranje uz zaustavljanje na mjestima biv\u0161ih Pustara uz kratke pri\u010de o svakoj od njih. Organizatori preporu\u010duju da na put ponesete komad kruha, slanine i kobasice, dok \u0107e sve ostalo biti osigurano na odredi\u0161tu &#8211; pripremljen prostor, vatra, za\u0161iljene \u0161ibe za pe\u010denje, \u017eiva glazba, pi\u0107e po popularnim cijenama i zajedni\u010dko dru\u017eenje.<\/p>\n\n\n<div class=\"wp-block-image\">\n<figure class=\"aligncenter size-full\"><img loading=\"lazy\" decoding=\"async\" width=\"500\" height=\"500\" src=\"https:\/\/udruga-106br.hr\/wp-content\/uploads\/2023\/05\/biciklijada2023.jpg\" alt=\"\" class=\"wp-image-2066\" srcset=\"https:\/\/udruga-106br.hr\/wp-content\/uploads\/2023\/05\/biciklijada2023.jpg 500w, https:\/\/udruga-106br.hr\/wp-content\/uploads\/2023\/05\/biciklijada2023-300x300.jpg 300w, https:\/\/udruga-106br.hr\/wp-content\/uploads\/2023\/05\/biciklijada2023-150x150.jpg 150w\" sizes=\"auto, (max-width: 500px) 100vw, 500px\" \/><\/figure><\/div><!-- AddThis Advanced Settings generic via filter on the_content --><!-- AddThis Share Buttons generic via filter on the_content -->","protected":false},"excerpt":{"rendered":"<p>U subotu, 13. svibnja 2023. godine, udruga &#8220;Korijeni pustare&#8221; organizira devetu rekreativno-edukativnu biciklijadu &#8220;Tragom pustara&#8221; u spomen na nestale pustare. Planirana ruta kre\u0107e iz Osijeka, ispred murala posve\u0107enog Pustarama u Trpimirovoj ulici, ju\u017eno od grada, preko Gacke ulice, Vinkova\u010dke ceste, Brijesta, Josipinog Dvora, Antunovca, Ivanovca, ostataka utvrde Kolo\u0111var, te povratka u Antunovac i Sala\u0161 poziciju &hellip; <a href=\"https:\/\/udruga-106br.hr\/index.php\/9-rekreativno-edukativna-biciklijada-tragom-pustara\/\" class=\"more-link\">Nastavi \u010ditati <span class=\"screen-reader-text\">9. Rekreativno \u2013 edukativna biciklijada \u201cTragom pustara\u201d<\/span><\/a><!-- AddThis Advanced Settings generic via filter on get_the_excerpt --><!-- AddThis Share Buttons generic via filter on get_the_excerpt --><\/p>\n","protected":false},"author":1,"featured_media":0,"comment_status":"closed","ping_status":"","sticky":false,"template":"","format":"standard","meta":{"footnotes":""},"categories":[32],"tags":[],"class_list":["post-2065","post","type-post","status-publish","format-standard","hentry","category-iz-zivota-udruge"],"_links":{"self":[{"href":"https:\/\/udruga-106br.hr\/index.php\/wp-json\/wp\/v2\/posts\/2065","targetHints":{"allow":["GET"]}}],"collection":[{"href":"https:\/\/udruga-106br.hr\/index.php\/wp-json\/wp\/v2\/posts"}],"about":[{"href":"https:\/\/udruga-106br.hr\/index.php\/wp-json\/wp\/v2\/types\/post"}],"author":[{"embeddable":true,"href":"https:\/\/udruga-106br.hr\/index.php\/wp-json\/wp\/v2\/users\/1"}],"replies":[{"embeddable":true,"href":"https:\/\/udruga-106br.hr\/index.php\/wp-json\/wp\/v2\/comments?post=2065"}],"version-history":[{"count":1,"href":"https:\/\/udruga-106br.hr\/index.php\/wp-json\/wp\/v2\/posts\/2065\/revisions"}],"predecessor-version":[{"id":2067,"href":"https:\/\/udruga-106br.hr\/index.php\/wp-json\/wp\/v2\/posts\/2065\/revisions\/2067"}],"wp:attachment":[{"href":"https:\/\/udruga-106br.hr\/index.php\/wp-json\/wp\/v2\/media?parent=2065"}],"wp:term":[{"taxonomy":"category","embeddable":true,"href":"https:\/\/udruga-106br.hr\/index.php\/wp-json\/wp\/v2\/categories?post=2065"},{"taxonomy":"post_tag","embeddable":true,"href":"https:\/\/udruga-106br.hr\/index.php\/wp-json\/wp\/v2\/tags?post=2065"}],"curies":[{"name":"wp","href":"https:\/\/api.w.org\/{rel}","templated":true}]}}