{"id":2071,"date":"2023-05-11T17:06:57","date_gmt":"2023-05-11T15:06:57","guid":{"rendered":"https:\/\/udruga-106br.hr\/?p=2071"},"modified":"2025-10-17T21:53:38","modified_gmt":"2025-10-17T19:53:38","slug":"predstavljanje-knjige-pjesama-u-okviru-sata-pjesnika-pod-nazivom-zoves-se-gospoda-cutuk","status":"publish","type":"post","link":"https:\/\/udruga-106br.hr\/index.php\/predstavljanje-knjige-pjesama-u-okviru-sata-pjesnika-pod-nazivom-zoves-se-gospoda-cutuk\/","title":{"rendered":"Predstavljanje knjige pjesama u okviru Sata pjesnika pod nazivom \u201eZove\u0161 se gospo\u0111a \u0106utuk\u201d"},"content":{"rendered":"\n<p>Pozivamo Vas na predstavljanje knjige pjesama \u201eZove\u0161 se gospo\u0111a \u0106utuk\u201d u okviru Sata pjesnika koje \u0107e se odr\u017eati u subotu, 13.5.2023. godine u 18 sati na lokaciji mjesnog odbora Knez Branimir, u Krstovoj ulici br. 98 B. Autor knjige je \u010dlan Udruge 106. brigade ZNG RH Tomislav \u0106utuk.<br>Ova prekrasna knjiga pjesama predstavlja tre\u0107u zbirku poezije autora.<\/p>\n\n\n\n<p class=\"has-text-align-left\">Ovo je prilika da se u\u017eivo susretnete s autorom, razmijenite mi\u0161ljenja o njegovom djelu i u\u017eivate u zajedni\u010dkom dru\u017eenju.<\/p>\n\n\n\n<p class=\"has-text-align-left\">Bit \u0107e to jedan poseban Sat pjesnika, stoga nam se pridru\u017eite na ovoj divnoj kulturnoj manifestaciji i dopustite da vas Tomislav \u0106utuk uvede u svoj svijet poezije.<\/p>\n\n\n\n<figure class=\"wp-block-image size-large\"><img loading=\"lazy\" decoding=\"async\" width=\"1024\" height=\"369\" src=\"https:\/\/udruga-106br.hr\/wp-content\/uploads\/2023\/05\/knjiga-1024x369.jpeg\" alt=\"\" class=\"wp-image-2082\" srcset=\"https:\/\/udruga-106br.hr\/wp-content\/uploads\/2023\/05\/knjiga-1024x369.jpeg 1024w, https:\/\/udruga-106br.hr\/wp-content\/uploads\/2023\/05\/knjiga-300x108.jpeg 300w, https:\/\/udruga-106br.hr\/wp-content\/uploads\/2023\/05\/knjiga-768x276.jpeg 768w, https:\/\/udruga-106br.hr\/wp-content\/uploads\/2023\/05\/knjiga-1536x553.jpeg 1536w, https:\/\/udruga-106br.hr\/wp-content\/uploads\/2023\/05\/knjiga-2048x737.jpeg 2048w\" sizes=\"auto, (max-width: 1024px) 100vw, 1024px\" \/><\/figure>\n<!-- AddThis Advanced Settings generic via filter on the_content --><!-- AddThis Share Buttons generic via filter on the_content -->","protected":false},"excerpt":{"rendered":"<p>Pozivamo Vas na predstavljanje knjige pjesama \u201eZove\u0161 se gospo\u0111a \u0106utuk\u201d u okviru Sata pjesnika koje \u0107e se odr\u017eati u subotu, 13.5.2023. godine u 18 sati na lokaciji mjesnog odbora Knez Branimir, u Krstovoj ulici br. 98 B. Autor knjige je \u010dlan Udruge 106. brigade ZNG RH Tomislav \u0106utuk.Ova prekrasna knjiga pjesama predstavlja tre\u0107u zbirku poezije &hellip; <a href=\"https:\/\/udruga-106br.hr\/index.php\/predstavljanje-knjige-pjesama-u-okviru-sata-pjesnika-pod-nazivom-zoves-se-gospoda-cutuk\/\" class=\"more-link\">Nastavi \u010ditati <span class=\"screen-reader-text\">Predstavljanje knjige pjesama u okviru Sata pjesnika pod nazivom \u201eZove\u0161 se gospo\u0111a \u0106utuk\u201d<\/span><\/a><!-- AddThis Advanced Settings generic via filter on get_the_excerpt --><!-- AddThis Share Buttons generic via filter on get_the_excerpt --><\/p>\n","protected":false},"author":1,"featured_media":0,"comment_status":"closed","ping_status":"closed","sticky":false,"template":"","format":"standard","meta":{"footnotes":""},"categories":[32],"tags":[],"class_list":["post-2071","post","type-post","status-publish","format-standard","hentry","category-iz-zivota-udruge"],"_links":{"self":[{"href":"https:\/\/udruga-106br.hr\/index.php\/wp-json\/wp\/v2\/posts\/2071","targetHints":{"allow":["GET"]}}],"collection":[{"href":"https:\/\/udruga-106br.hr\/index.php\/wp-json\/wp\/v2\/posts"}],"about":[{"href":"https:\/\/udruga-106br.hr\/index.php\/wp-json\/wp\/v2\/types\/post"}],"author":[{"embeddable":true,"href":"https:\/\/udruga-106br.hr\/index.php\/wp-json\/wp\/v2\/users\/1"}],"replies":[{"embeddable":true,"href":"https:\/\/udruga-106br.hr\/index.php\/wp-json\/wp\/v2\/comments?post=2071"}],"version-history":[{"count":2,"href":"https:\/\/udruga-106br.hr\/index.php\/wp-json\/wp\/v2\/posts\/2071\/revisions"}],"predecessor-version":[{"id":2083,"href":"https:\/\/udruga-106br.hr\/index.php\/wp-json\/wp\/v2\/posts\/2071\/revisions\/2083"}],"wp:attachment":[{"href":"https:\/\/udruga-106br.hr\/index.php\/wp-json\/wp\/v2\/media?parent=2071"}],"wp:term":[{"taxonomy":"category","embeddable":true,"href":"https:\/\/udruga-106br.hr\/index.php\/wp-json\/wp\/v2\/categories?post=2071"},{"taxonomy":"post_tag","embeddable":true,"href":"https:\/\/udruga-106br.hr\/index.php\/wp-json\/wp\/v2\/tags?post=2071"}],"curies":[{"name":"wp","href":"https:\/\/api.w.org\/{rel}","templated":true}]}}