{"id":2091,"date":"2023-05-16T11:40:04","date_gmt":"2023-05-16T09:40:04","guid":{"rendered":"https:\/\/udruga-106br.hr\/?p=2091"},"modified":"2025-10-17T21:53:38","modified_gmt":"2025-10-17T19:53:38","slug":"hodocasce-krizu-krajputasu-30-5-2023","status":"publish","type":"post","link":"https:\/\/udruga-106br.hr\/index.php\/hodocasce-krizu-krajputasu-30-5-2023\/","title":{"rendered":"Hodo\u010da\u0161\u0107e Kri\u017eu Krajputa\u0161u &#8211; 30.5.2023."},"content":{"rendered":"\n<p>Srda\u010dno Vas \u017eelimo pozvati da se u utorak, dana 30.5.2023. godine, na Dan branitelja Josipovca i Dan dr\u017eavnosti pridru\u017eite ovogodi\u0161njem tradicionalnom Hodo\u010da\u0161\u0107u Kri\u017eu Krajputa\u0161u.<\/p>\n\n\n\n<p>Bit \u0107e nam iznimno zadovoljstvo podijeliti ovaj trenutak putovanja i duhovnog ispunjenja s Vama, zajedno sa braniteljima i gra\u0111anima Josipovca, te stvarati sna\u017eno zajedni\u0161tvo koje nadilazi vrijeme i prostor.<br>Ovo posebno doga\u0111anje predstavlja priliku za duhovno zajedni\u0161tvo i molitvu te nam je izuzetno drago \u0161to Vas mo\u017eemo pozvati da sudjelujete.<\/p>\n\n\n\n<p>Hodo\u010da\u0161\u0107e \u0107e se odr\u017eati u skladu s dugogodi\u0161njom tradicijom i predstavlja iznimno va\u017ean doga\u0111aj za na\u0161u zajednicu.<\/p>\n\n\n\n<p>Nadamo se da \u0107ete prihvatiti na\u0161 poziv i da \u0107emo zajedno stvarati posebne trenutke duhovnosti i zajedni\u0161tva na Hodo\u010da\u0161\u0107u Kri\u017eu Krajputa\u0161u. Va\u0161e prisustvo \u0107e uveli\u010dati ovaj sve\u010dani doga\u0111aj, a zajedno \u0107emo stvarati nezaboravne trenutke molitve i povezanosti.<\/p>\n\n\n\n<figure class=\"wp-block-image size-large\"><img loading=\"lazy\" decoding=\"async\" width=\"724\" height=\"1024\" src=\"https:\/\/udruga-106br.hr\/wp-content\/uploads\/2023\/05\/20230516_112553-724x1024.jpg\" alt=\"\" class=\"wp-image-2092\" srcset=\"https:\/\/udruga-106br.hr\/wp-content\/uploads\/2023\/05\/20230516_112553-724x1024.jpg 724w, https:\/\/udruga-106br.hr\/wp-content\/uploads\/2023\/05\/20230516_112553-212x300.jpg 212w, https:\/\/udruga-106br.hr\/wp-content\/uploads\/2023\/05\/20230516_112553-768x1086.jpg 768w, https:\/\/udruga-106br.hr\/wp-content\/uploads\/2023\/05\/20230516_112553-1086x1536.jpg 1086w, https:\/\/udruga-106br.hr\/wp-content\/uploads\/2023\/05\/20230516_112553.jpg 1131w\" sizes=\"auto, (max-width: 724px) 100vw, 724px\" \/><\/figure>\n<!-- AddThis Advanced Settings generic via filter on the_content --><!-- AddThis Share Buttons generic via filter on the_content -->","protected":false},"excerpt":{"rendered":"<p>Srda\u010dno Vas \u017eelimo pozvati da se u utorak, dana 30.5.2023. godine, na Dan branitelja Josipovca i Dan dr\u017eavnosti pridru\u017eite ovogodi\u0161njem tradicionalnom Hodo\u010da\u0161\u0107u Kri\u017eu Krajputa\u0161u. Bit \u0107e nam iznimno zadovoljstvo podijeliti ovaj trenutak putovanja i duhovnog ispunjenja s Vama, zajedno sa braniteljima i gra\u0111anima Josipovca, te stvarati sna\u017eno zajedni\u0161tvo koje nadilazi vrijeme i prostor.Ovo posebno doga\u0111anje &hellip; <a href=\"https:\/\/udruga-106br.hr\/index.php\/hodocasce-krizu-krajputasu-30-5-2023\/\" class=\"more-link\">Nastavi \u010ditati <span class=\"screen-reader-text\">Hodo\u010da\u0161\u0107e Kri\u017eu Krajputa\u0161u &#8211; 30.5.2023.<\/span><\/a><!-- AddThis Advanced Settings generic via filter on get_the_excerpt --><!-- AddThis Share Buttons generic via filter on get_the_excerpt --><\/p>\n","protected":false},"author":1,"featured_media":0,"comment_status":"closed","ping_status":"closed","sticky":false,"template":"","format":"standard","meta":{"footnotes":""},"categories":[32],"tags":[],"class_list":["post-2091","post","type-post","status-publish","format-standard","hentry","category-iz-zivota-udruge"],"_links":{"self":[{"href":"https:\/\/udruga-106br.hr\/index.php\/wp-json\/wp\/v2\/posts\/2091","targetHints":{"allow":["GET"]}}],"collection":[{"href":"https:\/\/udruga-106br.hr\/index.php\/wp-json\/wp\/v2\/posts"}],"about":[{"href":"https:\/\/udruga-106br.hr\/index.php\/wp-json\/wp\/v2\/types\/post"}],"author":[{"embeddable":true,"href":"https:\/\/udruga-106br.hr\/index.php\/wp-json\/wp\/v2\/users\/1"}],"replies":[{"embeddable":true,"href":"https:\/\/udruga-106br.hr\/index.php\/wp-json\/wp\/v2\/comments?post=2091"}],"version-history":[{"count":1,"href":"https:\/\/udruga-106br.hr\/index.php\/wp-json\/wp\/v2\/posts\/2091\/revisions"}],"predecessor-version":[{"id":2093,"href":"https:\/\/udruga-106br.hr\/index.php\/wp-json\/wp\/v2\/posts\/2091\/revisions\/2093"}],"wp:attachment":[{"href":"https:\/\/udruga-106br.hr\/index.php\/wp-json\/wp\/v2\/media?parent=2091"}],"wp:term":[{"taxonomy":"category","embeddable":true,"href":"https:\/\/udruga-106br.hr\/index.php\/wp-json\/wp\/v2\/categories?post=2091"},{"taxonomy":"post_tag","embeddable":true,"href":"https:\/\/udruga-106br.hr\/index.php\/wp-json\/wp\/v2\/tags?post=2091"}],"curies":[{"name":"wp","href":"https:\/\/api.w.org\/{rel}","templated":true}]}}