{"id":2094,"date":"2023-05-20T09:44:29","date_gmt":"2023-05-20T07:44:29","guid":{"rendered":"https:\/\/udruga-106br.hr\/?p=2094"},"modified":"2025-10-17T21:53:38","modified_gmt":"2025-10-17T19:53:38","slug":"duhovna-obnova-3-lipnja-2023-u-policijskom-domu-u-zlatnoj-gredi","status":"publish","type":"post","link":"https:\/\/udruga-106br.hr\/index.php\/duhovna-obnova-3-lipnja-2023-u-policijskom-domu-u-zlatnoj-gredi\/","title":{"rendered":"Duhovna obnova &#8211; 3. lipnja 2023. u Policijskom domu u Zlatnoj Gredi"},"content":{"rendered":"\n<p>Dana 3. lipnja 2023. godine, u subotu, sa po\u010detkom u 16,00 sati u Policijskom domu u Zlatnoj Gredi odr\u017eat \u0107e se duhovna obnova koju \u0107e predvoditi don Aleksandar Kamerera koji se nakon 30 godina studiranja i rada u Rimu vratio u rodnu Baranju.<\/p>\n\n\n\n<p>Tema duhovne obnove bit \u0107e \u201eUloga vjere u dana\u0161njoj svakida\u0161njici\u201c.<br>Zbor \u017eupe sv. I. Krstitelja \u2013 Darda glazbeno \u0107e uveli\u010dati duhovu obnovu,<br>kao i misno slavlje.<br>Duhovna obnova otvorena je za sve i svi ste dobrodo\u0161li kako bi duhovnim razmatranjem, molitvom i svetom misom odali pijetet i po\u0161tovanje za poginule, umrle i nestale hrvatske branitelje i na\u0161u domovinu Hrvatsku.<\/p>\n\n\n\n<p>Na duhovnoj obnovi bit \u0107e nazo\u010dno vi\u0161e sve\u0107enika, \u0161to je prilika za Sv. ispovijed &#8211; razgovor.<\/p>\n\n\n\n<figure class=\"wp-block-image size-full\"><img loading=\"lazy\" decoding=\"async\" width=\"500\" height=\"500\" src=\"https:\/\/udruga-106br.hr\/wp-content\/uploads\/2023\/05\/3.-6.-2023.-u-subotu-u-16-sati-u-Policijskom-domu-u-Zlatnoj-Gredi-duhovna-obnova-koju-ce-predvoditi-don-Aleksandar-Kamerera.jpg\" alt=\"\" class=\"wp-image-2095\" srcset=\"https:\/\/udruga-106br.hr\/wp-content\/uploads\/2023\/05\/3.-6.-2023.-u-subotu-u-16-sati-u-Policijskom-domu-u-Zlatnoj-Gredi-duhovna-obnova-koju-ce-predvoditi-don-Aleksandar-Kamerera.jpg 500w, https:\/\/udruga-106br.hr\/wp-content\/uploads\/2023\/05\/3.-6.-2023.-u-subotu-u-16-sati-u-Policijskom-domu-u-Zlatnoj-Gredi-duhovna-obnova-koju-ce-predvoditi-don-Aleksandar-Kamerera-300x300.jpg 300w, https:\/\/udruga-106br.hr\/wp-content\/uploads\/2023\/05\/3.-6.-2023.-u-subotu-u-16-sati-u-Policijskom-domu-u-Zlatnoj-Gredi-duhovna-obnova-koju-ce-predvoditi-don-Aleksandar-Kamerera-150x150.jpg 150w\" sizes=\"auto, (max-width: 500px) 100vw, 500px\" \/><\/figure>\n<!-- AddThis Advanced Settings generic via filter on the_content --><!-- AddThis Share Buttons generic via filter on the_content -->","protected":false},"excerpt":{"rendered":"<p>Dana 3. lipnja 2023. godine, u subotu, sa po\u010detkom u 16,00 sati u Policijskom domu u Zlatnoj Gredi odr\u017eat \u0107e se duhovna obnova koju \u0107e predvoditi don Aleksandar Kamerera koji se nakon 30 godina studiranja i rada u Rimu vratio u rodnu Baranju. Tema duhovne obnove bit \u0107e \u201eUloga vjere u dana\u0161njoj svakida\u0161njici\u201c.Zbor \u017eupe sv. &hellip; <a href=\"https:\/\/udruga-106br.hr\/index.php\/duhovna-obnova-3-lipnja-2023-u-policijskom-domu-u-zlatnoj-gredi\/\" class=\"more-link\">Nastavi \u010ditati <span class=\"screen-reader-text\">Duhovna obnova &#8211; 3. lipnja 2023. u Policijskom domu u Zlatnoj Gredi<\/span><\/a><!-- AddThis Advanced Settings generic via filter on get_the_excerpt --><!-- AddThis Share Buttons generic via filter on get_the_excerpt --><\/p>\n","protected":false},"author":1,"featured_media":0,"comment_status":"closed","ping_status":"closed","sticky":false,"template":"","format":"standard","meta":{"footnotes":""},"categories":[32],"tags":[],"class_list":["post-2094","post","type-post","status-publish","format-standard","hentry","category-iz-zivota-udruge"],"_links":{"self":[{"href":"https:\/\/udruga-106br.hr\/index.php\/wp-json\/wp\/v2\/posts\/2094","targetHints":{"allow":["GET"]}}],"collection":[{"href":"https:\/\/udruga-106br.hr\/index.php\/wp-json\/wp\/v2\/posts"}],"about":[{"href":"https:\/\/udruga-106br.hr\/index.php\/wp-json\/wp\/v2\/types\/post"}],"author":[{"embeddable":true,"href":"https:\/\/udruga-106br.hr\/index.php\/wp-json\/wp\/v2\/users\/1"}],"replies":[{"embeddable":true,"href":"https:\/\/udruga-106br.hr\/index.php\/wp-json\/wp\/v2\/comments?post=2094"}],"version-history":[{"count":1,"href":"https:\/\/udruga-106br.hr\/index.php\/wp-json\/wp\/v2\/posts\/2094\/revisions"}],"predecessor-version":[{"id":2096,"href":"https:\/\/udruga-106br.hr\/index.php\/wp-json\/wp\/v2\/posts\/2094\/revisions\/2096"}],"wp:attachment":[{"href":"https:\/\/udruga-106br.hr\/index.php\/wp-json\/wp\/v2\/media?parent=2094"}],"wp:term":[{"taxonomy":"category","embeddable":true,"href":"https:\/\/udruga-106br.hr\/index.php\/wp-json\/wp\/v2\/categories?post=2094"},{"taxonomy":"post_tag","embeddable":true,"href":"https:\/\/udruga-106br.hr\/index.php\/wp-json\/wp\/v2\/tags?post=2094"}],"curies":[{"name":"wp","href":"https:\/\/api.w.org\/{rel}","templated":true}]}}