{"id":2097,"date":"2023-05-21T19:24:08","date_gmt":"2023-05-21T17:24:08","guid":{"rendered":"https:\/\/udruga-106br.hr\/?p=2097"},"modified":"2025-10-17T21:53:38","modified_gmt":"2025-10-17T19:53:38","slug":"zauvijek-nek-se-pamte-i-slave-imena-vrijedna-nase-slobode","status":"publish","type":"post","link":"https:\/\/udruga-106br.hr\/index.php\/zauvijek-nek-se-pamte-i-slave-imena-vrijedna-nase-slobode\/","title":{"rendered":"Zauvijek nek&#8217; se pamte i slave, imena vrijedna na\u0161e slobode!"},"content":{"rendered":"\n<p>5. prosinca 1991. godine Osijek je bio izlo\u017een naj\u017ee\u0161\u0107im napadima, a u herojskoj obrani grada u jednom danu poginulo je 28 branitelja i \u010detiri civila, dok se jedna osoba jo\u0161 uvijek smatra nestalom. Tada se odvijala presudna bitka za obranu grada u \u0161umi Rosinja\u010da, u kojoj je na taj dan poginulo 16 hrvatskih branitelja, pripadnika 106. brigade Hrvatske vojske.<\/p>\n\n\n\n<figure class=\"wp-block-image size-large\"><img loading=\"lazy\" decoding=\"async\" width=\"1024\" height=\"980\" src=\"https:\/\/udruga-106br.hr\/wp-content\/uploads\/2023\/05\/IMG-d8b7ff8916882da87aee30c877d5518d-V-1024x980.jpg\" alt=\"\" class=\"wp-image-2098\" srcset=\"https:\/\/udruga-106br.hr\/wp-content\/uploads\/2023\/05\/IMG-d8b7ff8916882da87aee30c877d5518d-V-1024x980.jpg 1024w, https:\/\/udruga-106br.hr\/wp-content\/uploads\/2023\/05\/IMG-d8b7ff8916882da87aee30c877d5518d-V-300x287.jpg 300w, https:\/\/udruga-106br.hr\/wp-content\/uploads\/2023\/05\/IMG-d8b7ff8916882da87aee30c877d5518d-V-768x735.jpg 768w, https:\/\/udruga-106br.hr\/wp-content\/uploads\/2023\/05\/IMG-d8b7ff8916882da87aee30c877d5518d-V.jpg 1290w\" sizes=\"auto, (max-width: 1024px) 100vw, 1024px\" \/><\/figure>\n\n\n\n<p>Ovim grafitom poru\u010duje se da nismo zaboravili svoje heroje i ono \u0161to se dogodilo toga dana. S posebnim ponosom prisje\u0107amo se 16-orice velikih ljudi koji su svoj \u017eivot dali za slobodu i mir svoga naroda i svoje Domovine. Oni su znali kakva ih sudbina \u010deka, ali nisu ni pomislili na povla\u010denje.<br>Svakog dana svi trebamo biti svjesni ove velike \u017ertve i kao dru\u0161tvo gajiti odnos po\u0161tovanja i zahvalnosti prema na\u0161im junacima i obiteljima na\u0161ih poginulih i nestalih.<\/p>\n\n\n\n<p><br>Neka im je vje\u010dna slava i hvala!<\/p>\n<!-- AddThis Advanced Settings generic via filter on the_content --><!-- AddThis Share Buttons generic via filter on the_content -->","protected":false},"excerpt":{"rendered":"<p>5. prosinca 1991. godine Osijek je bio izlo\u017een naj\u017ee\u0161\u0107im napadima, a u herojskoj obrani grada u jednom danu poginulo je 28 branitelja i \u010detiri civila, dok se jedna osoba jo\u0161 uvijek smatra nestalom. Tada se odvijala presudna bitka za obranu grada u \u0161umi Rosinja\u010da, u kojoj je na taj dan poginulo 16 hrvatskih branitelja, pripadnika &hellip; <a href=\"https:\/\/udruga-106br.hr\/index.php\/zauvijek-nek-se-pamte-i-slave-imena-vrijedna-nase-slobode\/\" class=\"more-link\">Nastavi \u010ditati <span class=\"screen-reader-text\">Zauvijek nek&#8217; se pamte i slave, imena vrijedna na\u0161e slobode!<\/span><\/a><!-- AddThis Advanced Settings generic via filter on get_the_excerpt --><!-- AddThis Share Buttons generic via filter on get_the_excerpt --><\/p>\n","protected":false},"author":1,"featured_media":0,"comment_status":"closed","ping_status":"closed","sticky":false,"template":"","format":"standard","meta":{"footnotes":""},"categories":[32],"tags":[],"class_list":["post-2097","post","type-post","status-publish","format-standard","hentry","category-iz-zivota-udruge"],"_links":{"self":[{"href":"https:\/\/udruga-106br.hr\/index.php\/wp-json\/wp\/v2\/posts\/2097","targetHints":{"allow":["GET"]}}],"collection":[{"href":"https:\/\/udruga-106br.hr\/index.php\/wp-json\/wp\/v2\/posts"}],"about":[{"href":"https:\/\/udruga-106br.hr\/index.php\/wp-json\/wp\/v2\/types\/post"}],"author":[{"embeddable":true,"href":"https:\/\/udruga-106br.hr\/index.php\/wp-json\/wp\/v2\/users\/1"}],"replies":[{"embeddable":true,"href":"https:\/\/udruga-106br.hr\/index.php\/wp-json\/wp\/v2\/comments?post=2097"}],"version-history":[{"count":1,"href":"https:\/\/udruga-106br.hr\/index.php\/wp-json\/wp\/v2\/posts\/2097\/revisions"}],"predecessor-version":[{"id":2100,"href":"https:\/\/udruga-106br.hr\/index.php\/wp-json\/wp\/v2\/posts\/2097\/revisions\/2100"}],"wp:attachment":[{"href":"https:\/\/udruga-106br.hr\/index.php\/wp-json\/wp\/v2\/media?parent=2097"}],"wp:term":[{"taxonomy":"category","embeddable":true,"href":"https:\/\/udruga-106br.hr\/index.php\/wp-json\/wp\/v2\/categories?post=2097"},{"taxonomy":"post_tag","embeddable":true,"href":"https:\/\/udruga-106br.hr\/index.php\/wp-json\/wp\/v2\/tags?post=2097"}],"curies":[{"name":"wp","href":"https:\/\/api.w.org\/{rel}","templated":true}]}}