{"id":2101,"date":"2023-05-22T11:09:15","date_gmt":"2023-05-22T09:09:15","guid":{"rendered":"https:\/\/udruga-106br.hr\/?p=2101"},"modified":"2025-10-17T21:53:38","modified_gmt":"2025-10-17T19:53:38","slug":"200-godisnjica-rodenja-dr-ante-starcevica-24-svibnja-2023-u-17-h","status":"publish","type":"post","link":"https:\/\/udruga-106br.hr\/index.php\/200-godisnjica-rodenja-dr-ante-starcevica-24-svibnja-2023-u-17-h\/","title":{"rendered":"200. godi\u0161njica ro\u0111enja dr. Ante Star\u010devi\u0107a &#8211; 24. svibnja 2023. u 17 h"},"content":{"rendered":"\n<p>Dragi prijatelji, pozivamo Vas na Tribinu koju povodom 200. godi\u0161njice ro\u0111enja dr. Ante Star\u010devi\u0107a organizira Osje\u010dko-baranjska \u017eupanija i Institut dru\u0161tvenih znanosti Ivo Pilar.<\/p>\n\n\n\n<figure class=\"wp-block-image size-large\"><img loading=\"lazy\" decoding=\"async\" width=\"576\" height=\"1024\" src=\"https:\/\/udruga-106br.hr\/wp-content\/uploads\/2023\/05\/dr.-Ante-Starcevic-576x1024.jpg\" alt=\"\" class=\"wp-image-2102\" srcset=\"https:\/\/udruga-106br.hr\/wp-content\/uploads\/2023\/05\/dr.-Ante-Starcevic-576x1024.jpg 576w, https:\/\/udruga-106br.hr\/wp-content\/uploads\/2023\/05\/dr.-Ante-Starcevic-169x300.jpg 169w, https:\/\/udruga-106br.hr\/wp-content\/uploads\/2023\/05\/dr.-Ante-Starcevic-768x1365.jpg 768w, https:\/\/udruga-106br.hr\/wp-content\/uploads\/2023\/05\/dr.-Ante-Starcevic-864x1536.jpg 864w, https:\/\/udruga-106br.hr\/wp-content\/uploads\/2023\/05\/dr.-Ante-Starcevic-1152x2048.jpg 1152w, https:\/\/udruga-106br.hr\/wp-content\/uploads\/2023\/05\/dr.-Ante-Starcevic.jpg 1323w\" sizes=\"auto, (max-width: 576px) 100vw, 576px\" \/><\/figure>\n\n\n\n<p>Tribina \u0107e se odr\u017eati u srijedu, 24. svibnja 2023. s po\u010detkom u 17.00 sati u Velikoj vije\u0107nici Skup\u0161tine Osje\u010dko-baranjske \u017eupanije, \u017dupanijska 4, Osijek.<\/p>\n\n\n\n<figure class=\"wp-block-image size-large\"><img loading=\"lazy\" decoding=\"async\" width=\"1024\" height=\"488\" src=\"https:\/\/udruga-106br.hr\/wp-content\/uploads\/2023\/05\/POZIVNICA-TRIBINA-DR.-ANTE-STARCEVIC-1024x488.jpg\" alt=\"\" class=\"wp-image-2103\" srcset=\"https:\/\/udruga-106br.hr\/wp-content\/uploads\/2023\/05\/POZIVNICA-TRIBINA-DR.-ANTE-STARCEVIC-1024x488.jpg 1024w, https:\/\/udruga-106br.hr\/wp-content\/uploads\/2023\/05\/POZIVNICA-TRIBINA-DR.-ANTE-STARCEVIC-300x143.jpg 300w, https:\/\/udruga-106br.hr\/wp-content\/uploads\/2023\/05\/POZIVNICA-TRIBINA-DR.-ANTE-STARCEVIC-768x366.jpg 768w, https:\/\/udruga-106br.hr\/wp-content\/uploads\/2023\/05\/POZIVNICA-TRIBINA-DR.-ANTE-STARCEVIC-1536x732.jpg 1536w, https:\/\/udruga-106br.hr\/wp-content\/uploads\/2023\/05\/POZIVNICA-TRIBINA-DR.-ANTE-STARCEVIC-2048x975.jpg 2048w\" sizes=\"auto, (max-width: 1024px) 100vw, 1024px\" \/><\/figure>\n<!-- AddThis Advanced Settings generic via filter on the_content --><!-- AddThis Share Buttons generic via filter on the_content -->","protected":false},"excerpt":{"rendered":"<p>Dragi prijatelji, pozivamo Vas na Tribinu koju povodom 200. godi\u0161njice ro\u0111enja dr. Ante Star\u010devi\u0107a organizira Osje\u010dko-baranjska \u017eupanija i Institut dru\u0161tvenih znanosti Ivo Pilar. Tribina \u0107e se odr\u017eati u srijedu, 24. svibnja 2023. s po\u010detkom u 17.00 sati u Velikoj vije\u0107nici Skup\u0161tine Osje\u010dko-baranjske \u017eupanije, \u017dupanijska 4, Osijek.<!-- AddThis Advanced Settings generic via filter on get_the_excerpt --><!-- AddThis Share Buttons generic via filter on get_the_excerpt --><\/p>\n","protected":false},"author":1,"featured_media":0,"comment_status":"closed","ping_status":"closed","sticky":false,"template":"","format":"standard","meta":{"footnotes":""},"categories":[32],"tags":[],"class_list":["post-2101","post","type-post","status-publish","format-standard","hentry","category-iz-zivota-udruge"],"_links":{"self":[{"href":"https:\/\/udruga-106br.hr\/index.php\/wp-json\/wp\/v2\/posts\/2101","targetHints":{"allow":["GET"]}}],"collection":[{"href":"https:\/\/udruga-106br.hr\/index.php\/wp-json\/wp\/v2\/posts"}],"about":[{"href":"https:\/\/udruga-106br.hr\/index.php\/wp-json\/wp\/v2\/types\/post"}],"author":[{"embeddable":true,"href":"https:\/\/udruga-106br.hr\/index.php\/wp-json\/wp\/v2\/users\/1"}],"replies":[{"embeddable":true,"href":"https:\/\/udruga-106br.hr\/index.php\/wp-json\/wp\/v2\/comments?post=2101"}],"version-history":[{"count":1,"href":"https:\/\/udruga-106br.hr\/index.php\/wp-json\/wp\/v2\/posts\/2101\/revisions"}],"predecessor-version":[{"id":2104,"href":"https:\/\/udruga-106br.hr\/index.php\/wp-json\/wp\/v2\/posts\/2101\/revisions\/2104"}],"wp:attachment":[{"href":"https:\/\/udruga-106br.hr\/index.php\/wp-json\/wp\/v2\/media?parent=2101"}],"wp:term":[{"taxonomy":"category","embeddable":true,"href":"https:\/\/udruga-106br.hr\/index.php\/wp-json\/wp\/v2\/categories?post=2101"},{"taxonomy":"post_tag","embeddable":true,"href":"https:\/\/udruga-106br.hr\/index.php\/wp-json\/wp\/v2\/tags?post=2101"}],"curies":[{"name":"wp","href":"https:\/\/api.w.org\/{rel}","templated":true}]}}