{"id":2105,"date":"2023-05-22T11:31:04","date_gmt":"2023-05-22T09:31:04","guid":{"rendered":"https:\/\/udruga-106br.hr\/?p=2105"},"modified":"2025-10-17T21:53:38","modified_gmt":"2025-10-17T19:53:38","slug":"dan-braniteljica-domovinskog-rata-3-6-2023-vukovar","status":"publish","type":"post","link":"https:\/\/udruga-106br.hr\/index.php\/dan-braniteljica-domovinskog-rata-3-6-2023-vukovar\/","title":{"rendered":"Dan braniteljica Domovinskog rata 3.6.2023., Vukovar"},"content":{"rendered":"\n<p>Drage \u010dlanice Udruge 106. brigade, pozvane ste na obilje\u017eavanje Dana braniteljica Domovinskog rata koje \u0107e se odviti dana 3.6.2023. godine u Vukovaru.<\/p>\n\n\n\n<p>Ukoliko ima zainteresiranih, molimo Vas da nam javite budu\u0107i da \u017eele osigurati majice za taj dan i potrebna im je veli\u010dina koju nosite.<\/p>\n\n\n\n<p>Okupljanje je u Memorijalnom centru u Vukovaru izme\u0111u 8-9.30 h poslije kojeg je zajedni\u010dko polaganje vijenaca (za sve braniteljice osiguravaju vijenac, a po jedna \u010dlanica dolazi sa svije\u0107om ispred svoje udruge). Slu\u017ebeni dio zavr\u0161ava do 15h poslije kojeg je zajedni\u010dki ru\u010dak uz tambura\u0161e.<\/p>\n\n\n\n<div data-wp-interactive=\"core\/file\" class=\"wp-block-file\"><object data-wp-bind--hidden=\"!state.hasPdfPreview\" hidden class=\"wp-block-file__embed\" data=\"https:\/\/udruga-106br.hr\/wp-content\/uploads\/2023\/05\/Skeniranje_20230504-2.pdf\" type=\"application\/pdf\" style=\"width:100%;height:600px\" aria-label=\"Ugra\u0111eno Ugra\u0111eno Pozivnica za Dan braniteljica Domovinskog rata - 3.6.2023...\"><\/object><a id=\"wp-block-file--media-793dd206-167a-41e9-97e6-4660cbe37e93\" href=\"https:\/\/udruga-106br.hr\/wp-content\/uploads\/2023\/05\/Skeniranje_20230504-2.pdf\">Pozivnica za Dan braniteljica Domovinskog rata &#8211; 3.6.2023.<\/a><a href=\"https:\/\/udruga-106br.hr\/wp-content\/uploads\/2023\/05\/Skeniranje_20230504-2.pdf\" class=\"wp-block-file__button\" download aria-describedby=\"wp-block-file--media-793dd206-167a-41e9-97e6-4660cbe37e93\">Preuzmi<\/a><\/div>\n\n\n\n<p><\/p>\n<!-- AddThis Advanced Settings generic via filter on the_content --><!-- AddThis Share Buttons generic via filter on the_content -->","protected":false},"excerpt":{"rendered":"<p>Drage \u010dlanice Udruge 106. brigade, pozvane ste na obilje\u017eavanje Dana braniteljica Domovinskog rata koje \u0107e se odviti dana 3.6.2023. godine u Vukovaru. Ukoliko ima zainteresiranih, molimo Vas da nam javite budu\u0107i da \u017eele osigurati majice za taj dan i potrebna im je veli\u010dina koju nosite. Okupljanje je u Memorijalnom centru u Vukovaru izme\u0111u 8-9.30 h &hellip; <a href=\"https:\/\/udruga-106br.hr\/index.php\/dan-braniteljica-domovinskog-rata-3-6-2023-vukovar\/\" class=\"more-link\">Nastavi \u010ditati <span class=\"screen-reader-text\">Dan braniteljica Domovinskog rata 3.6.2023., Vukovar<\/span><\/a><!-- AddThis Advanced Settings generic via filter on get_the_excerpt --><!-- AddThis Share Buttons generic via filter on get_the_excerpt --><\/p>\n","protected":false},"author":1,"featured_media":0,"comment_status":"closed","ping_status":"closed","sticky":false,"template":"","format":"standard","meta":{"footnotes":""},"categories":[32],"tags":[],"class_list":["post-2105","post","type-post","status-publish","format-standard","hentry","category-iz-zivota-udruge"],"_links":{"self":[{"href":"https:\/\/udruga-106br.hr\/index.php\/wp-json\/wp\/v2\/posts\/2105","targetHints":{"allow":["GET"]}}],"collection":[{"href":"https:\/\/udruga-106br.hr\/index.php\/wp-json\/wp\/v2\/posts"}],"about":[{"href":"https:\/\/udruga-106br.hr\/index.php\/wp-json\/wp\/v2\/types\/post"}],"author":[{"embeddable":true,"href":"https:\/\/udruga-106br.hr\/index.php\/wp-json\/wp\/v2\/users\/1"}],"replies":[{"embeddable":true,"href":"https:\/\/udruga-106br.hr\/index.php\/wp-json\/wp\/v2\/comments?post=2105"}],"version-history":[{"count":1,"href":"https:\/\/udruga-106br.hr\/index.php\/wp-json\/wp\/v2\/posts\/2105\/revisions"}],"predecessor-version":[{"id":2107,"href":"https:\/\/udruga-106br.hr\/index.php\/wp-json\/wp\/v2\/posts\/2105\/revisions\/2107"}],"wp:attachment":[{"href":"https:\/\/udruga-106br.hr\/index.php\/wp-json\/wp\/v2\/media?parent=2105"}],"wp:term":[{"taxonomy":"category","embeddable":true,"href":"https:\/\/udruga-106br.hr\/index.php\/wp-json\/wp\/v2\/categories?post=2105"},{"taxonomy":"post_tag","embeddable":true,"href":"https:\/\/udruga-106br.hr\/index.php\/wp-json\/wp\/v2\/tags?post=2105"}],"curies":[{"name":"wp","href":"https:\/\/api.w.org\/{rel}","templated":true}]}}