{"id":2119,"date":"2023-05-24T19:33:22","date_gmt":"2023-05-24T17:33:22","guid":{"rendered":"https:\/\/udruga-106br.hr\/?p=2119"},"modified":"2025-10-17T21:53:38","modified_gmt":"2025-10-17T19:53:38","slug":"200-obljetnica-rodenja-dr-ante-starcevica","status":"publish","type":"post","link":"https:\/\/udruga-106br.hr\/index.php\/200-obljetnica-rodenja-dr-ante-starcevica\/","title":{"rendered":"200. obljetnica ro\u0111enja dr. Ante Star\u010devi\u0107a"},"content":{"rendered":"\n<p>Danas, 24.5.2023. godine, predstavnici Udruge 106. brigade ZNG RH sudjelovali su na tribini povodom 200. obljetnice ro\u0111enja dr. Ante Star\u010devi\u0107a na koju smo pozvani od strane \u017eupana Ivana Anu\u0161i\u0107a, Osje\u010dko-baranjske \u017eupanije i Instituta dru\u0161tvenih znanosti Ivo Pilar.<\/p>\n\n\n\n<p>Dr. Ante Star\u010devi\u0107, poznat kao Otac domovine, bio je jedan od najzna\u010dajnijih politi\u010dara i intelektualaca u povijesti hrvatskog naroda i hrvatske dr\u017eave. Duboko je promi\u0161ljao o budu\u0107nosti Hrvatske, vodstvu naroda te za\u0161titi hrvatskih interesa i budu\u0107e hrvatske dr\u017eave.<\/p>\n\n\n\n<p>Jedan od njegovih najpoznatijih citata, &#8220;Bog i Hrvati&#8221;, postao je moto njegovog politi\u010dkog djelovanja. Star\u010devi\u0107eva vizija temeljila se na va\u017enosti o\u010duvanja nacionalnog identiteta i suverenosti Hrvatske.<\/p>\n\n\n\n<p>Star\u010devi\u0107eva politi\u010dka filozofija pro\u017eeta je sna\u017enim patriotizmom, borbeno\u0161\u0107u za prava hrvatskog naroda i za\u0161titom nacionalnih interesa. <\/p>\n\n\n\n<p>Star\u010devi\u0107ev doprinos hrvatskom dru\u0161tvu i politici bio je zna\u010dajan i obuhva\u0107ao je \u0161iroko podru\u010dje. Njegova knji\u017eevna djela, publicisti\u010dki radovi i politi\u010dka djelovanja ostavili su dubok trag u povijesti hrvatskog naroda.<\/p>\n\n\n\n<p>S velikom obljetnicom ro\u0111enja Dr. Ante Star\u010devi\u0107a, imamo priliku prisjetiti se njegove nevjerojatne vizije i ideala. Njegove rije\u010di ostaju vje\u010dne, a njegovo naslije\u0111e nastavlja inspirirati generacije hrvatskih gra\u0111ana u promi\u0161ljanju o budu\u0107nosti svoje domovine.<\/p>\n\n\n\n<figure class=\"wp-block-gallery has-nested-images columns-default is-cropped wp-block-gallery-1 is-layout-flex wp-block-gallery-is-layout-flex\">\n<figure class=\"wp-block-image size-large\"><img loading=\"lazy\" decoding=\"async\" width=\"1024\" height=\"768\" data-id=\"2121\" src=\"https:\/\/udruga-106br.hr\/wp-content\/uploads\/2023\/05\/IMG-4f2a276f9cabff2b208f92edaadb852a-V-1024x768.jpg\" alt=\"\" class=\"wp-image-2121\" srcset=\"https:\/\/udruga-106br.hr\/wp-content\/uploads\/2023\/05\/IMG-4f2a276f9cabff2b208f92edaadb852a-V-1024x768.jpg 1024w, https:\/\/udruga-106br.hr\/wp-content\/uploads\/2023\/05\/IMG-4f2a276f9cabff2b208f92edaadb852a-V-300x225.jpg 300w, https:\/\/udruga-106br.hr\/wp-content\/uploads\/2023\/05\/IMG-4f2a276f9cabff2b208f92edaadb852a-V-768x576.jpg 768w, https:\/\/udruga-106br.hr\/wp-content\/uploads\/2023\/05\/IMG-4f2a276f9cabff2b208f92edaadb852a-V-1536x1152.jpg 1536w, https:\/\/udruga-106br.hr\/wp-content\/uploads\/2023\/05\/IMG-4f2a276f9cabff2b208f92edaadb852a-V.jpg 1600w\" sizes=\"auto, (max-width: 1024px) 100vw, 1024px\" \/><\/figure>\n\n\n\n<figure class=\"wp-block-image size-large\"><img loading=\"lazy\" decoding=\"async\" width=\"1024\" height=\"875\" data-id=\"2120\" src=\"https:\/\/udruga-106br.hr\/wp-content\/uploads\/2023\/05\/IMG-d84ca506275e6490a30b673c4bf205f6-V-1024x875.jpg\" alt=\"\" class=\"wp-image-2120\" srcset=\"https:\/\/udruga-106br.hr\/wp-content\/uploads\/2023\/05\/IMG-d84ca506275e6490a30b673c4bf205f6-V-1024x875.jpg 1024w, https:\/\/udruga-106br.hr\/wp-content\/uploads\/2023\/05\/IMG-d84ca506275e6490a30b673c4bf205f6-V-300x256.jpg 300w, https:\/\/udruga-106br.hr\/wp-content\/uploads\/2023\/05\/IMG-d84ca506275e6490a30b673c4bf205f6-V-768x656.jpg 768w, https:\/\/udruga-106br.hr\/wp-content\/uploads\/2023\/05\/IMG-d84ca506275e6490a30b673c4bf205f6-V-1536x1312.jpg 1536w, https:\/\/udruga-106br.hr\/wp-content\/uploads\/2023\/05\/IMG-d84ca506275e6490a30b673c4bf205f6-V.jpg 1600w\" sizes=\"auto, (max-width: 1024px) 100vw, 1024px\" \/><\/figure>\n\n\n\n<figure class=\"wp-block-image size-large\"><img loading=\"lazy\" decoding=\"async\" width=\"1024\" height=\"768\" data-id=\"2123\" src=\"https:\/\/udruga-106br.hr\/wp-content\/uploads\/2023\/05\/IMG-4a2d97862d003a8d54a4967709ccc48e-V-1024x768.jpg\" alt=\"\" class=\"wp-image-2123\" srcset=\"https:\/\/udruga-106br.hr\/wp-content\/uploads\/2023\/05\/IMG-4a2d97862d003a8d54a4967709ccc48e-V-1024x768.jpg 1024w, https:\/\/udruga-106br.hr\/wp-content\/uploads\/2023\/05\/IMG-4a2d97862d003a8d54a4967709ccc48e-V-300x225.jpg 300w, https:\/\/udruga-106br.hr\/wp-content\/uploads\/2023\/05\/IMG-4a2d97862d003a8d54a4967709ccc48e-V-768x576.jpg 768w, https:\/\/udruga-106br.hr\/wp-content\/uploads\/2023\/05\/IMG-4a2d97862d003a8d54a4967709ccc48e-V-1536x1152.jpg 1536w, https:\/\/udruga-106br.hr\/wp-content\/uploads\/2023\/05\/IMG-4a2d97862d003a8d54a4967709ccc48e-V.jpg 1600w\" sizes=\"auto, (max-width: 1024px) 100vw, 1024px\" \/><\/figure>\n\n\n\n<figure class=\"wp-block-image size-large\"><img loading=\"lazy\" decoding=\"async\" width=\"1024\" height=\"768\" data-id=\"2125\" src=\"https:\/\/udruga-106br.hr\/wp-content\/uploads\/2023\/05\/IMG-58d8191c85dc073c4329c646b65f2bf2-V-1024x768.jpg\" alt=\"\" class=\"wp-image-2125\" srcset=\"https:\/\/udruga-106br.hr\/wp-content\/uploads\/2023\/05\/IMG-58d8191c85dc073c4329c646b65f2bf2-V-1024x768.jpg 1024w, https:\/\/udruga-106br.hr\/wp-content\/uploads\/2023\/05\/IMG-58d8191c85dc073c4329c646b65f2bf2-V-300x225.jpg 300w, https:\/\/udruga-106br.hr\/wp-content\/uploads\/2023\/05\/IMG-58d8191c85dc073c4329c646b65f2bf2-V-768x576.jpg 768w, https:\/\/udruga-106br.hr\/wp-content\/uploads\/2023\/05\/IMG-58d8191c85dc073c4329c646b65f2bf2-V-1536x1152.jpg 1536w, https:\/\/udruga-106br.hr\/wp-content\/uploads\/2023\/05\/IMG-58d8191c85dc073c4329c646b65f2bf2-V.jpg 1600w\" sizes=\"auto, (max-width: 1024px) 100vw, 1024px\" \/><\/figure>\n\n\n\n<figure class=\"wp-block-image size-large\"><img loading=\"lazy\" decoding=\"async\" width=\"1024\" height=\"768\" data-id=\"2122\" src=\"https:\/\/udruga-106br.hr\/wp-content\/uploads\/2023\/05\/IMG-3d9d8f1c6260891b1b1954e51b4e5f84-V-1024x768.jpg\" alt=\"\" class=\"wp-image-2122\" srcset=\"https:\/\/udruga-106br.hr\/wp-content\/uploads\/2023\/05\/IMG-3d9d8f1c6260891b1b1954e51b4e5f84-V-1024x768.jpg 1024w, https:\/\/udruga-106br.hr\/wp-content\/uploads\/2023\/05\/IMG-3d9d8f1c6260891b1b1954e51b4e5f84-V-300x225.jpg 300w, https:\/\/udruga-106br.hr\/wp-content\/uploads\/2023\/05\/IMG-3d9d8f1c6260891b1b1954e51b4e5f84-V-768x576.jpg 768w, https:\/\/udruga-106br.hr\/wp-content\/uploads\/2023\/05\/IMG-3d9d8f1c6260891b1b1954e51b4e5f84-V-1536x1152.jpg 1536w, https:\/\/udruga-106br.hr\/wp-content\/uploads\/2023\/05\/IMG-3d9d8f1c6260891b1b1954e51b4e5f84-V.jpg 1600w\" sizes=\"auto, (max-width: 1024px) 100vw, 1024px\" \/><\/figure>\n\n\n\n<figure class=\"wp-block-image size-large\"><img loading=\"lazy\" decoding=\"async\" width=\"1024\" height=\"768\" data-id=\"2124\" src=\"https:\/\/udruga-106br.hr\/wp-content\/uploads\/2023\/05\/IMG-a69ac250d9280f8da2ae5917dd1b4208-V-1024x768.jpg\" alt=\"\" class=\"wp-image-2124\" srcset=\"https:\/\/udruga-106br.hr\/wp-content\/uploads\/2023\/05\/IMG-a69ac250d9280f8da2ae5917dd1b4208-V-1024x768.jpg 1024w, https:\/\/udruga-106br.hr\/wp-content\/uploads\/2023\/05\/IMG-a69ac250d9280f8da2ae5917dd1b4208-V-300x225.jpg 300w, https:\/\/udruga-106br.hr\/wp-content\/uploads\/2023\/05\/IMG-a69ac250d9280f8da2ae5917dd1b4208-V-768x576.jpg 768w, https:\/\/udruga-106br.hr\/wp-content\/uploads\/2023\/05\/IMG-a69ac250d9280f8da2ae5917dd1b4208-V-1536x1152.jpg 1536w, https:\/\/udruga-106br.hr\/wp-content\/uploads\/2023\/05\/IMG-a69ac250d9280f8da2ae5917dd1b4208-V.jpg 1600w\" sizes=\"auto, (max-width: 1024px) 100vw, 1024px\" \/><\/figure>\n<\/figure>\n<!-- AddThis Advanced Settings generic via filter on the_content --><!-- AddThis Share Buttons generic via filter on the_content -->","protected":false},"excerpt":{"rendered":"<p>Danas, 24.5.2023. godine, predstavnici Udruge 106. brigade ZNG RH sudjelovali su na tribini povodom 200. obljetnice ro\u0111enja dr. Ante Star\u010devi\u0107a na koju smo pozvani od strane \u017eupana Ivana Anu\u0161i\u0107a, Osje\u010dko-baranjske \u017eupanije i Instituta dru\u0161tvenih znanosti Ivo Pilar. Dr. Ante Star\u010devi\u0107, poznat kao Otac domovine, bio je jedan od najzna\u010dajnijih politi\u010dara i intelektualaca u povijesti hrvatskog &hellip; <a href=\"https:\/\/udruga-106br.hr\/index.php\/200-obljetnica-rodenja-dr-ante-starcevica\/\" class=\"more-link\">Nastavi \u010ditati <span class=\"screen-reader-text\">200. obljetnica ro\u0111enja dr. Ante Star\u010devi\u0107a<\/span><\/a><!-- AddThis Advanced Settings generic via filter on get_the_excerpt --><!-- AddThis Share Buttons generic via filter on get_the_excerpt --><\/p>\n","protected":false},"author":1,"featured_media":0,"comment_status":"closed","ping_status":"closed","sticky":false,"template":"","format":"standard","meta":{"footnotes":""},"categories":[32],"tags":[],"class_list":["post-2119","post","type-post","status-publish","format-standard","hentry","category-iz-zivota-udruge"],"_links":{"self":[{"href":"https:\/\/udruga-106br.hr\/index.php\/wp-json\/wp\/v2\/posts\/2119","targetHints":{"allow":["GET"]}}],"collection":[{"href":"https:\/\/udruga-106br.hr\/index.php\/wp-json\/wp\/v2\/posts"}],"about":[{"href":"https:\/\/udruga-106br.hr\/index.php\/wp-json\/wp\/v2\/types\/post"}],"author":[{"embeddable":true,"href":"https:\/\/udruga-106br.hr\/index.php\/wp-json\/wp\/v2\/users\/1"}],"replies":[{"embeddable":true,"href":"https:\/\/udruga-106br.hr\/index.php\/wp-json\/wp\/v2\/comments?post=2119"}],"version-history":[{"count":2,"href":"https:\/\/udruga-106br.hr\/index.php\/wp-json\/wp\/v2\/posts\/2119\/revisions"}],"predecessor-version":[{"id":2130,"href":"https:\/\/udruga-106br.hr\/index.php\/wp-json\/wp\/v2\/posts\/2119\/revisions\/2130"}],"wp:attachment":[{"href":"https:\/\/udruga-106br.hr\/index.php\/wp-json\/wp\/v2\/media?parent=2119"}],"wp:term":[{"taxonomy":"category","embeddable":true,"href":"https:\/\/udruga-106br.hr\/index.php\/wp-json\/wp\/v2\/categories?post=2119"},{"taxonomy":"post_tag","embeddable":true,"href":"https:\/\/udruga-106br.hr\/index.php\/wp-json\/wp\/v2\/tags?post=2119"}],"curies":[{"name":"wp","href":"https:\/\/api.w.org\/{rel}","templated":true}]}}