{"id":2127,"date":"2023-05-26T11:02:15","date_gmt":"2023-05-26T09:02:15","guid":{"rendered":"https:\/\/udruga-106br.hr\/?p=2127"},"modified":"2025-10-17T21:53:38","modified_gmt":"2025-10-17T19:53:38","slug":"predstavljanje-knjige-laslovo-152-autora-ladislava-kocisa-18h-dom-kulture-u-laslovu","status":"publish","type":"post","link":"https:\/\/udruga-106br.hr\/index.php\/predstavljanje-knjige-laslovo-152-autora-ladislava-kocisa-18h-dom-kulture-u-laslovu\/","title":{"rendered":"Predstavljanje knjige &#8220;Laslovo, 152&#8221; autora Ladislava Ko\u010di\u0161a &#8211; 18h, Dom kulture u Laslovu"},"content":{"rendered":"\n<p>Sa zadovoljstvom vas pozivamo na predstavljanje knjige &#8220;Laslovo, 152&#8221; autora Ladislava Ko\u010di\u0161a, zapovjednika obrane Laslova tijekom Domovinskog rata 1991. godine. Ova posebna prigoda odr\u017eat \u0107e se danas, 26. svibnja, s po\u010detkom u 18 sati, u Domu kulture u Laslovu.<\/p>\n\n\n\n<p>Knjiga je objavljena u nakladni\u0161tvu DZMH-a, uz financijsku podr\u0161ku Savjeta za nacionalne manjine Vlade Republike Hrvatske, Ministarstva hrvatskih branitelja te vlade Ma\u0111arske.<\/p>\n\n\n\n<p>Ukoliko ste zainteresirani, slobodno do\u0111ite na ovaj zna\u010dajni doga\u0111aj, gdje \u0107emo imati priliku upoznati autora, \u010duti o njegovom osobnom iskustvu i dublje se uroniti u pri\u010de koje su oblikovale povijest Laslova.<\/p>\n\n\n\n<figure class=\"wp-block-image size-large\"><img loading=\"lazy\" decoding=\"async\" width=\"1024\" height=\"724\" src=\"https:\/\/udruga-106br.hr\/wp-content\/uploads\/2023\/05\/IMG-8707cfb38fe3a945b8a322859cade596-V-1024x724.jpg\" alt=\"\" class=\"wp-image-2128\" srcset=\"https:\/\/udruga-106br.hr\/wp-content\/uploads\/2023\/05\/IMG-8707cfb38fe3a945b8a322859cade596-V-1024x724.jpg 1024w, https:\/\/udruga-106br.hr\/wp-content\/uploads\/2023\/05\/IMG-8707cfb38fe3a945b8a322859cade596-V-300x212.jpg 300w, https:\/\/udruga-106br.hr\/wp-content\/uploads\/2023\/05\/IMG-8707cfb38fe3a945b8a322859cade596-V-768x543.jpg 768w, https:\/\/udruga-106br.hr\/wp-content\/uploads\/2023\/05\/IMG-8707cfb38fe3a945b8a322859cade596-V-1536x1086.jpg 1536w, https:\/\/udruga-106br.hr\/wp-content\/uploads\/2023\/05\/IMG-8707cfb38fe3a945b8a322859cade596-V.jpg 1600w\" sizes=\"auto, (max-width: 1024px) 100vw, 1024px\" \/><\/figure>\n<!-- AddThis Advanced Settings generic via filter on the_content --><!-- AddThis Share Buttons generic via filter on the_content -->","protected":false},"excerpt":{"rendered":"<p>Sa zadovoljstvom vas pozivamo na predstavljanje knjige &#8220;Laslovo, 152&#8221; autora Ladislava Ko\u010di\u0161a, zapovjednika obrane Laslova tijekom Domovinskog rata 1991. godine. Ova posebna prigoda odr\u017eat \u0107e se danas, 26. svibnja, s po\u010detkom u 18 sati, u Domu kulture u Laslovu. Knjiga je objavljena u nakladni\u0161tvu DZMH-a, uz financijsku podr\u0161ku Savjeta za nacionalne manjine Vlade Republike Hrvatske, &hellip; <a href=\"https:\/\/udruga-106br.hr\/index.php\/predstavljanje-knjige-laslovo-152-autora-ladislava-kocisa-18h-dom-kulture-u-laslovu\/\" class=\"more-link\">Nastavi \u010ditati <span class=\"screen-reader-text\">Predstavljanje knjige &#8220;Laslovo, 152&#8221; autora Ladislava Ko\u010di\u0161a &#8211; 18h, Dom kulture u Laslovu<\/span><\/a><!-- AddThis Advanced Settings generic via filter on get_the_excerpt --><!-- AddThis Share Buttons generic via filter on get_the_excerpt --><\/p>\n","protected":false},"author":1,"featured_media":0,"comment_status":"closed","ping_status":"closed","sticky":false,"template":"","format":"standard","meta":{"footnotes":""},"categories":[32],"tags":[],"class_list":["post-2127","post","type-post","status-publish","format-standard","hentry","category-iz-zivota-udruge"],"_links":{"self":[{"href":"https:\/\/udruga-106br.hr\/index.php\/wp-json\/wp\/v2\/posts\/2127","targetHints":{"allow":["GET"]}}],"collection":[{"href":"https:\/\/udruga-106br.hr\/index.php\/wp-json\/wp\/v2\/posts"}],"about":[{"href":"https:\/\/udruga-106br.hr\/index.php\/wp-json\/wp\/v2\/types\/post"}],"author":[{"embeddable":true,"href":"https:\/\/udruga-106br.hr\/index.php\/wp-json\/wp\/v2\/users\/1"}],"replies":[{"embeddable":true,"href":"https:\/\/udruga-106br.hr\/index.php\/wp-json\/wp\/v2\/comments?post=2127"}],"version-history":[{"count":1,"href":"https:\/\/udruga-106br.hr\/index.php\/wp-json\/wp\/v2\/posts\/2127\/revisions"}],"predecessor-version":[{"id":2129,"href":"https:\/\/udruga-106br.hr\/index.php\/wp-json\/wp\/v2\/posts\/2127\/revisions\/2129"}],"wp:attachment":[{"href":"https:\/\/udruga-106br.hr\/index.php\/wp-json\/wp\/v2\/media?parent=2127"}],"wp:term":[{"taxonomy":"category","embeddable":true,"href":"https:\/\/udruga-106br.hr\/index.php\/wp-json\/wp\/v2\/categories?post=2127"},{"taxonomy":"post_tag","embeddable":true,"href":"https:\/\/udruga-106br.hr\/index.php\/wp-json\/wp\/v2\/tags?post=2127"}],"curies":[{"name":"wp","href":"https:\/\/api.w.org\/{rel}","templated":true}]}}