{"id":2140,"date":"2023-05-29T11:24:17","date_gmt":"2023-05-29T09:24:17","guid":{"rendered":"https:\/\/udruga-106br.hr\/?p=2140"},"modified":"2025-10-17T21:53:38","modified_gmt":"2025-10-17T19:53:38","slug":"antunovacki-dani-10-6-2023-godine","status":"publish","type":"post","link":"https:\/\/udruga-106br.hr\/index.php\/antunovacki-dani-10-6-2023-godine\/","title":{"rendered":"Antunova\u010dki dani &#8211; 10. 6. 2023. godine"},"content":{"rendered":"\n<p>S veseljem vas pozivamo na jedinstvenu manifestaciju u na\u0161oj regiji &#8211; Antunova\u010dke dane, koji \u0107e se odr\u017eati 10. lipnja 2023. godine. <\/p>\n\n\n\n<p>Ova jedinstvena manifestacija okuplja ljude iz cijelog podunavlja Hrvatske te njeguje tradiciju i zajedni\u0161tvo pustara.<br>Me\u0111u organizatorima ove manifestacije je i udruga Korijeni pustare, koja igra iznimno va\u017enu ulogu u o\u010duvanju tradicije \u017eivota na pustarama hrvatskog podunavlja. Udruzi Korijeni pustare je smisao okupiti ljude koji dijele zajedni\u010dke korijene i \u017eivotnu povezanost s pustarama. Sve generacije, od onih ro\u0111enih na pustari pa do njihovih unuka, praunuka i ljudi dobre volje pozivamo na okupljanje kako bismo nastavili odr\u017eavati povezanost s tradicijom.<\/p>\n\n\n\n<p class=\"has-text-align-left\"><br>Antunova\u010dki dani \u0107e vam pru\u017eiti priliku da u\u017eivate u brojnim zanimljivim aktivnostima i doga\u0111ajima. Tijekom manifestacije bit \u0107e organizirana \u010dobanijada (kotizacija za \u010dobanijadu je 40 Eura, a kontakt broj za vi\u0161e informacija je 0977663977 ili 0918890860).<br>Uz navedeno, bit \u0107e odr\u017ean i prigodan program za djecu &#8211; pustara\u0161ke dje\u010dje igre, a imat \u0107ete priliku i u\u017eivati u koncertu popularne grupe Magazin te u pripremljenom cjelove\u010dernjem programu.<\/p>\n\n\n<div class=\"wp-block-image\">\n<figure class=\"aligncenter size-full\"><img loading=\"lazy\" decoding=\"async\" width=\"400\" height=\"400\" src=\"https:\/\/udruga-106br.hr\/wp-content\/uploads\/2023\/05\/opcina-Antunovac.jpg\" alt=\"\" class=\"wp-image-2141\" srcset=\"https:\/\/udruga-106br.hr\/wp-content\/uploads\/2023\/05\/opcina-Antunovac.jpg 400w, https:\/\/udruga-106br.hr\/wp-content\/uploads\/2023\/05\/opcina-Antunovac-300x300.jpg 300w, https:\/\/udruga-106br.hr\/wp-content\/uploads\/2023\/05\/opcina-Antunovac-150x150.jpg 150w\" sizes=\"auto, (max-width: 400px) 100vw, 400px\" \/><\/figure><\/div>\n\n\n<p><br>Pozivamo vas da do\u0111ete na Antunova\u010dke dane kako biste u\u017eivali u ovom posebnom trenutku povezanosti s tradicijom i zajedni\u0161tvom pustara.<\/p>\n\n\n\n<p><br><\/p>\n<!-- AddThis Advanced Settings generic via filter on the_content --><!-- AddThis Share Buttons generic via filter on the_content -->","protected":false},"excerpt":{"rendered":"<p>S veseljem vas pozivamo na jedinstvenu manifestaciju u na\u0161oj regiji &#8211; Antunova\u010dke dane, koji \u0107e se odr\u017eati 10. lipnja 2023. godine. Ova jedinstvena manifestacija okuplja ljude iz cijelog podunavlja Hrvatske te njeguje tradiciju i zajedni\u0161tvo pustara.Me\u0111u organizatorima ove manifestacije je i udruga Korijeni pustare, koja igra iznimno va\u017enu ulogu u o\u010duvanju tradicije \u017eivota na pustarama &hellip; <a href=\"https:\/\/udruga-106br.hr\/index.php\/antunovacki-dani-10-6-2023-godine\/\" class=\"more-link\">Nastavi \u010ditati <span class=\"screen-reader-text\">Antunova\u010dki dani &#8211; 10. 6. 2023. godine<\/span><\/a><!-- AddThis Advanced Settings generic via filter on get_the_excerpt --><!-- AddThis Share Buttons generic via filter on get_the_excerpt --><\/p>\n","protected":false},"author":1,"featured_media":0,"comment_status":"closed","ping_status":"closed","sticky":false,"template":"","format":"standard","meta":{"footnotes":""},"categories":[32],"tags":[],"class_list":["post-2140","post","type-post","status-publish","format-standard","hentry","category-iz-zivota-udruge"],"_links":{"self":[{"href":"https:\/\/udruga-106br.hr\/index.php\/wp-json\/wp\/v2\/posts\/2140","targetHints":{"allow":["GET"]}}],"collection":[{"href":"https:\/\/udruga-106br.hr\/index.php\/wp-json\/wp\/v2\/posts"}],"about":[{"href":"https:\/\/udruga-106br.hr\/index.php\/wp-json\/wp\/v2\/types\/post"}],"author":[{"embeddable":true,"href":"https:\/\/udruga-106br.hr\/index.php\/wp-json\/wp\/v2\/users\/1"}],"replies":[{"embeddable":true,"href":"https:\/\/udruga-106br.hr\/index.php\/wp-json\/wp\/v2\/comments?post=2140"}],"version-history":[{"count":1,"href":"https:\/\/udruga-106br.hr\/index.php\/wp-json\/wp\/v2\/posts\/2140\/revisions"}],"predecessor-version":[{"id":2142,"href":"https:\/\/udruga-106br.hr\/index.php\/wp-json\/wp\/v2\/posts\/2140\/revisions\/2142"}],"wp:attachment":[{"href":"https:\/\/udruga-106br.hr\/index.php\/wp-json\/wp\/v2\/media?parent=2140"}],"wp:term":[{"taxonomy":"category","embeddable":true,"href":"https:\/\/udruga-106br.hr\/index.php\/wp-json\/wp\/v2\/categories?post=2140"},{"taxonomy":"post_tag","embeddable":true,"href":"https:\/\/udruga-106br.hr\/index.php\/wp-json\/wp\/v2\/tags?post=2140"}],"curies":[{"name":"wp","href":"https:\/\/api.w.org\/{rel}","templated":true}]}}