{"id":2143,"date":"2023-05-29T11:59:45","date_gmt":"2023-05-29T09:59:45","guid":{"rendered":"https:\/\/udruga-106br.hr\/?p=2143"},"modified":"2025-10-17T21:53:38","modified_gmt":"2025-10-17T19:53:38","slug":"polaganjem-vijenaca-i-paljenjem-svijeca-obiljezen-dan-drzavnosti","status":"publish","type":"post","link":"https:\/\/udruga-106br.hr\/index.php\/polaganjem-vijenaca-i-paljenjem-svijeca-obiljezen-dan-drzavnosti\/","title":{"rendered":"Polaganjem vijenaca i paljenjem svije\u0107a obilje\u017een Dan dr\u017eavnosti"},"content":{"rendered":"\n<p>Uo\u010di Dana dr\u017eavnosti, sa velikim ponosom i pijetetom smo sudjelovali u sve\u010danom doga\u0111aju koji je okupio izaslanstva Grada Osijeka, Osje\u010dko-baranjske \u017eupanije, Ministarstva hrvatskih branitelja, Ministarstva unutarnjih poslova, Odbora za branitelje grada Osijeka, KUBIS OB\u017d-a te braniteljske i civilne udruge. Tijekom tog doga\u0111aja, zajedno smo polo\u017eili vijence i zapalili svije\u0107e ispred Spomen obilje\u017eja hrvatskim braniteljima i stradalnicima Domovinskog rata, kao i spomenika dr. Franje Tu\u0111mana.<\/p>\n\n\n\n<figure class=\"wp-block-image size-large\"><img loading=\"lazy\" decoding=\"async\" width=\"1024\" height=\"768\" src=\"https:\/\/udruga-106br.hr\/wp-content\/uploads\/2023\/05\/20230529_090805-1024x768.jpg\" alt=\"\" class=\"wp-image-2145\" srcset=\"https:\/\/udruga-106br.hr\/wp-content\/uploads\/2023\/05\/20230529_090805-1024x768.jpg 1024w, https:\/\/udruga-106br.hr\/wp-content\/uploads\/2023\/05\/20230529_090805-300x225.jpg 300w, https:\/\/udruga-106br.hr\/wp-content\/uploads\/2023\/05\/20230529_090805-768x576.jpg 768w, https:\/\/udruga-106br.hr\/wp-content\/uploads\/2023\/05\/20230529_090805-1536x1152.jpg 1536w, https:\/\/udruga-106br.hr\/wp-content\/uploads\/2023\/05\/20230529_090805-2048x1536.jpg 2048w\" sizes=\"auto, (max-width: 1024px) 100vw, 1024px\" \/><\/figure>\n\n\n\n<figure class=\"wp-block-image size-large\"><img loading=\"lazy\" decoding=\"async\" width=\"1024\" height=\"768\" src=\"https:\/\/udruga-106br.hr\/wp-content\/uploads\/2023\/05\/20230529_090230-1024x768.jpg\" alt=\"\" class=\"wp-image-2146\" srcset=\"https:\/\/udruga-106br.hr\/wp-content\/uploads\/2023\/05\/20230529_090230-1024x768.jpg 1024w, https:\/\/udruga-106br.hr\/wp-content\/uploads\/2023\/05\/20230529_090230-300x225.jpg 300w, https:\/\/udruga-106br.hr\/wp-content\/uploads\/2023\/05\/20230529_090230-768x576.jpg 768w, https:\/\/udruga-106br.hr\/wp-content\/uploads\/2023\/05\/20230529_090230-1536x1152.jpg 1536w, https:\/\/udruga-106br.hr\/wp-content\/uploads\/2023\/05\/20230529_090230-2048x1536.jpg 2048w\" sizes=\"auto, (max-width: 1024px) 100vw, 1024px\" \/><\/figure>\n\n\n\n<p><br>Svjesni va\u017enosti ovog dana, s iznimnim pijetetom i po\u0161tovanjem odajemo po\u010dast svim hrabrim mu\u0161karcima i \u017eenama koji su \u017ertvovali svoje \u017eivote za na\u0161u domovinu. Njihova hrabrost, predanost i \u017ertva neizbrisivo su ukorijenjeni u temelje moderne hrvatske dr\u017eave, podsje\u0107aju\u0107i nas na vrijednosti koje su oblikovale na\u0161u nacionalnu povijest.<br>Uz prisustvo predstavnika razli\u010ditih institucija i organizacija, ova sve\u010danost postala je simbol jedinstva i po\u0161tovanja prema na\u0161im braniteljima.<br>Danas, kao i svaki dan, trebamo duboko osjetiti zahvalnost prema onima koji su dali svoje \u017eivote za na\u0161u slobodu. Njihova hrabrost i \u017ertva ne smiju biti zaboravljene. U njihovu \u010dast, obvezujemo se da \u0107emo graditi bolje dru\u0161tvo, utemeljeno na vrijednostima solidarnosti, pravednosti i zajedni\u0161tva.<\/p>\n\n\n\n<p><\/p>\n\n\n\n<figure class=\"wp-block-image size-large\"><img loading=\"lazy\" decoding=\"async\" width=\"1024\" height=\"576\" src=\"https:\/\/udruga-106br.hr\/wp-content\/uploads\/2023\/05\/IMG-b7278320dd69bb9fd84446e1ed9a978f-V-1-1024x576.jpg\" alt=\"\" class=\"wp-image-2147\" srcset=\"https:\/\/udruga-106br.hr\/wp-content\/uploads\/2023\/05\/IMG-b7278320dd69bb9fd84446e1ed9a978f-V-1-1024x576.jpg 1024w, https:\/\/udruga-106br.hr\/wp-content\/uploads\/2023\/05\/IMG-b7278320dd69bb9fd84446e1ed9a978f-V-1-300x169.jpg 300w, https:\/\/udruga-106br.hr\/wp-content\/uploads\/2023\/05\/IMG-b7278320dd69bb9fd84446e1ed9a978f-V-1-768x432.jpg 768w, https:\/\/udruga-106br.hr\/wp-content\/uploads\/2023\/05\/IMG-b7278320dd69bb9fd84446e1ed9a978f-V-1-1536x864.jpg 1536w, https:\/\/udruga-106br.hr\/wp-content\/uploads\/2023\/05\/IMG-b7278320dd69bb9fd84446e1ed9a978f-V-1.jpg 1600w\" sizes=\"auto, (max-width: 1024px) 100vw, 1024px\" \/><\/figure>\n\n\n\n<figure class=\"wp-block-image size-large\"><img loading=\"lazy\" decoding=\"async\" width=\"1024\" height=\"768\" src=\"https:\/\/udruga-106br.hr\/wp-content\/uploads\/2023\/05\/20230529_091800-1024x768.jpg\" alt=\"\" class=\"wp-image-2148\" srcset=\"https:\/\/udruga-106br.hr\/wp-content\/uploads\/2023\/05\/20230529_091800-1024x768.jpg 1024w, https:\/\/udruga-106br.hr\/wp-content\/uploads\/2023\/05\/20230529_091800-300x225.jpg 300w, https:\/\/udruga-106br.hr\/wp-content\/uploads\/2023\/05\/20230529_091800-768x576.jpg 768w, https:\/\/udruga-106br.hr\/wp-content\/uploads\/2023\/05\/20230529_091800-1536x1152.jpg 1536w, https:\/\/udruga-106br.hr\/wp-content\/uploads\/2023\/05\/20230529_091800-2048x1536.jpg 2048w\" sizes=\"auto, (max-width: 1024px) 100vw, 1024px\" \/><\/figure>\n\n\n\n<figure class=\"wp-block-image size-large\"><img loading=\"lazy\" decoding=\"async\" width=\"768\" height=\"1024\" src=\"https:\/\/udruga-106br.hr\/wp-content\/uploads\/2023\/05\/20230529_091930-768x1024.jpg\" alt=\"\" class=\"wp-image-2149\" srcset=\"https:\/\/udruga-106br.hr\/wp-content\/uploads\/2023\/05\/20230529_091930-768x1024.jpg 768w, https:\/\/udruga-106br.hr\/wp-content\/uploads\/2023\/05\/20230529_091930-225x300.jpg 225w, https:\/\/udruga-106br.hr\/wp-content\/uploads\/2023\/05\/20230529_091930-1152x1536.jpg 1152w, https:\/\/udruga-106br.hr\/wp-content\/uploads\/2023\/05\/20230529_091930-1536x2048.jpg 1536w, https:\/\/udruga-106br.hr\/wp-content\/uploads\/2023\/05\/20230529_091930-scaled.jpg 1920w\" sizes=\"auto, (max-width: 768px) 100vw, 768px\" \/><\/figure>\n<!-- AddThis Advanced Settings generic via filter on the_content --><!-- AddThis Share Buttons generic via filter on the_content -->","protected":false},"excerpt":{"rendered":"<p>Uo\u010di Dana dr\u017eavnosti, sa velikim ponosom i pijetetom smo sudjelovali u sve\u010danom doga\u0111aju koji je okupio izaslanstva Grada Osijeka, Osje\u010dko-baranjske \u017eupanije, Ministarstva hrvatskih branitelja, Ministarstva unutarnjih poslova, Odbora za branitelje grada Osijeka, KUBIS OB\u017d-a te braniteljske i civilne udruge. Tijekom tog doga\u0111aja, zajedno smo polo\u017eili vijence i zapalili svije\u0107e ispred Spomen obilje\u017eja hrvatskim braniteljima i &hellip; <a href=\"https:\/\/udruga-106br.hr\/index.php\/polaganjem-vijenaca-i-paljenjem-svijeca-obiljezen-dan-drzavnosti\/\" class=\"more-link\">Nastavi \u010ditati <span class=\"screen-reader-text\">Polaganjem vijenaca i paljenjem svije\u0107a obilje\u017een Dan dr\u017eavnosti<\/span><\/a><!-- AddThis Advanced Settings generic via filter on get_the_excerpt --><!-- AddThis Share Buttons generic via filter on get_the_excerpt --><\/p>\n","protected":false},"author":1,"featured_media":0,"comment_status":"closed","ping_status":"closed","sticky":false,"template":"","format":"standard","meta":{"footnotes":""},"categories":[32],"tags":[],"class_list":["post-2143","post","type-post","status-publish","format-standard","hentry","category-iz-zivota-udruge"],"_links":{"self":[{"href":"https:\/\/udruga-106br.hr\/index.php\/wp-json\/wp\/v2\/posts\/2143","targetHints":{"allow":["GET"]}}],"collection":[{"href":"https:\/\/udruga-106br.hr\/index.php\/wp-json\/wp\/v2\/posts"}],"about":[{"href":"https:\/\/udruga-106br.hr\/index.php\/wp-json\/wp\/v2\/types\/post"}],"author":[{"embeddable":true,"href":"https:\/\/udruga-106br.hr\/index.php\/wp-json\/wp\/v2\/users\/1"}],"replies":[{"embeddable":true,"href":"https:\/\/udruga-106br.hr\/index.php\/wp-json\/wp\/v2\/comments?post=2143"}],"version-history":[{"count":1,"href":"https:\/\/udruga-106br.hr\/index.php\/wp-json\/wp\/v2\/posts\/2143\/revisions"}],"predecessor-version":[{"id":2150,"href":"https:\/\/udruga-106br.hr\/index.php\/wp-json\/wp\/v2\/posts\/2143\/revisions\/2150"}],"wp:attachment":[{"href":"https:\/\/udruga-106br.hr\/index.php\/wp-json\/wp\/v2\/media?parent=2143"}],"wp:term":[{"taxonomy":"category","embeddable":true,"href":"https:\/\/udruga-106br.hr\/index.php\/wp-json\/wp\/v2\/categories?post=2143"},{"taxonomy":"post_tag","embeddable":true,"href":"https:\/\/udruga-106br.hr\/index.php\/wp-json\/wp\/v2\/tags?post=2143"}],"curies":[{"name":"wp","href":"https:\/\/api.w.org\/{rel}","templated":true}]}}