{"id":2151,"date":"2023-05-29T22:57:49","date_gmt":"2023-05-29T20:57:49","guid":{"rendered":"https:\/\/udruga-106br.hr\/?p=2151"},"modified":"2025-10-17T21:53:38","modified_gmt":"2025-10-17T19:53:38","slug":"zavrsetak-braniteljske-lige-2","status":"publish","type":"post","link":"https:\/\/udruga-106br.hr\/index.php\/zavrsetak-braniteljske-lige-2\/","title":{"rendered":"Zavr\u0161etak Braniteljske lige"},"content":{"rendered":"\n<p>Sa velikim zadovoljstvom objavljujemo da je Braniteljska liga uspje\u0161no zavr\u0161ena. Radi se o sportskom doga\u0111aju koji je okupio braniteljsku populaciju i istaknuo va\u017enost sportskih aktivnosti za branitelje. Sve\u010danu podjelu pehara i medalja izvr\u0161io je poznati sporta\u0161 Grada Osijeka i direktor Sportskih objekata &#8211; Robert Seligman, a sve\u010danosti su prisustvovali i predsjednik Odbora za branitelje Domovinskog rata i braniteljske udruge &#8211; Jurica Tolj, te predstavnice Ministarstva hrvatskih branitelja predvo\u0111ene Sanjom Ivkovi\u0107.<\/p>\n\n\n\n<figure class=\"wp-block-image size-large\"><img loading=\"lazy\" decoding=\"async\" width=\"1024\" height=\"576\" src=\"https:\/\/udruga-106br.hr\/wp-content\/uploads\/2023\/05\/IMG-05313c157b4440a49432879acab3f563-V-1024x576.jpg\" alt=\"\" class=\"wp-image-2153\" srcset=\"https:\/\/udruga-106br.hr\/wp-content\/uploads\/2023\/05\/IMG-05313c157b4440a49432879acab3f563-V-1024x576.jpg 1024w, https:\/\/udruga-106br.hr\/wp-content\/uploads\/2023\/05\/IMG-05313c157b4440a49432879acab3f563-V-300x169.jpg 300w, https:\/\/udruga-106br.hr\/wp-content\/uploads\/2023\/05\/IMG-05313c157b4440a49432879acab3f563-V-768x432.jpg 768w, https:\/\/udruga-106br.hr\/wp-content\/uploads\/2023\/05\/IMG-05313c157b4440a49432879acab3f563-V-1536x864.jpg 1536w, https:\/\/udruga-106br.hr\/wp-content\/uploads\/2023\/05\/IMG-05313c157b4440a49432879acab3f563-V.jpg 1600w\" sizes=\"auto, (max-width: 1024px) 100vw, 1024px\" \/><\/figure>\n\n\n\n<p>Braniteljska liga je iznimno uspje\u0161an projekt koji je okuplja branitelje pru\u017eaju\u0107i im priliku da se natje\u010du u razli\u010ditim sportskim disciplinama.<\/p>\n\n\n\n<p>Ova sve\u010danost je podsjetnik na snagu sportskih aktivnosti i njihovu pozitivnu ulogu u \u017eivotima branitelja. Braniteljska liga je inspirativan primjer kako sportske aktivnosti mogu transformirati \u017eivote branitelja i pru\u017eiti im podr\u0161ku i me\u0111usobnu socijalizaciju. Nastavit \u0107emo podr\u017eavati takve inicijative i promovirati sportske aktivnosti me\u0111u braniteljskom populacijom.<\/p>\n\n\n\n<figure class=\"wp-block-image size-large\"><img loading=\"lazy\" decoding=\"async\" width=\"1024\" height=\"576\" src=\"https:\/\/udruga-106br.hr\/wp-content\/uploads\/2023\/05\/IMG-53ffc44f4665194730d54f69af2cdd0a-V-1024x576.jpg\" alt=\"\" class=\"wp-image-2154\" srcset=\"https:\/\/udruga-106br.hr\/wp-content\/uploads\/2023\/05\/IMG-53ffc44f4665194730d54f69af2cdd0a-V-1024x576.jpg 1024w, https:\/\/udruga-106br.hr\/wp-content\/uploads\/2023\/05\/IMG-53ffc44f4665194730d54f69af2cdd0a-V-300x169.jpg 300w, https:\/\/udruga-106br.hr\/wp-content\/uploads\/2023\/05\/IMG-53ffc44f4665194730d54f69af2cdd0a-V-768x432.jpg 768w, https:\/\/udruga-106br.hr\/wp-content\/uploads\/2023\/05\/IMG-53ffc44f4665194730d54f69af2cdd0a-V-1536x864.jpg 1536w, https:\/\/udruga-106br.hr\/wp-content\/uploads\/2023\/05\/IMG-53ffc44f4665194730d54f69af2cdd0a-V.jpg 1600w\" sizes=\"auto, (max-width: 1024px) 100vw, 1024px\" \/><\/figure>\n\n\n\n<p>Ukoliko \u017eelite saznati vi\u0161e o Braniteljskoj ligi i aktivnostima braniteljske udruge, posjetite na\u0161u web stranicu https:\/\/udruga-106br.hr\/ i pratite nas na dru\u0161tvenim mre\u017eama kako biste ostali informirani o budu\u0107im doga\u0111anjima i inicijativama.<\/p>\n\n\n\n<p>Hvala svima koji su sudjelovali u Braniteljskoj ligi i \u010destitke svim natjecateljima na njihovim izvanrednim postignu\u0107ima!<\/p>\n<!-- AddThis Advanced Settings generic via filter on the_content --><!-- AddThis Share Buttons generic via filter on the_content -->","protected":false},"excerpt":{"rendered":"<p>Sa velikim zadovoljstvom objavljujemo da je Braniteljska liga uspje\u0161no zavr\u0161ena. Radi se o sportskom doga\u0111aju koji je okupio braniteljsku populaciju i istaknuo va\u017enost sportskih aktivnosti za branitelje. Sve\u010danu podjelu pehara i medalja izvr\u0161io je poznati sporta\u0161 Grada Osijeka i direktor Sportskih objekata &#8211; Robert Seligman, a sve\u010danosti su prisustvovali i predsjednik Odbora za branitelje Domovinskog &hellip; <a href=\"https:\/\/udruga-106br.hr\/index.php\/zavrsetak-braniteljske-lige-2\/\" class=\"more-link\">Nastavi \u010ditati <span class=\"screen-reader-text\">Zavr\u0161etak Braniteljske lige<\/span><\/a><!-- AddThis Advanced Settings generic via filter on get_the_excerpt --><!-- AddThis Share Buttons generic via filter on get_the_excerpt --><\/p>\n","protected":false},"author":1,"featured_media":0,"comment_status":"closed","ping_status":"closed","sticky":false,"template":"","format":"standard","meta":{"footnotes":""},"categories":[32],"tags":[],"class_list":["post-2151","post","type-post","status-publish","format-standard","hentry","category-iz-zivota-udruge"],"_links":{"self":[{"href":"https:\/\/udruga-106br.hr\/index.php\/wp-json\/wp\/v2\/posts\/2151","targetHints":{"allow":["GET"]}}],"collection":[{"href":"https:\/\/udruga-106br.hr\/index.php\/wp-json\/wp\/v2\/posts"}],"about":[{"href":"https:\/\/udruga-106br.hr\/index.php\/wp-json\/wp\/v2\/types\/post"}],"author":[{"embeddable":true,"href":"https:\/\/udruga-106br.hr\/index.php\/wp-json\/wp\/v2\/users\/1"}],"replies":[{"embeddable":true,"href":"https:\/\/udruga-106br.hr\/index.php\/wp-json\/wp\/v2\/comments?post=2151"}],"version-history":[{"count":1,"href":"https:\/\/udruga-106br.hr\/index.php\/wp-json\/wp\/v2\/posts\/2151\/revisions"}],"predecessor-version":[{"id":2155,"href":"https:\/\/udruga-106br.hr\/index.php\/wp-json\/wp\/v2\/posts\/2151\/revisions\/2155"}],"wp:attachment":[{"href":"https:\/\/udruga-106br.hr\/index.php\/wp-json\/wp\/v2\/media?parent=2151"}],"wp:term":[{"taxonomy":"category","embeddable":true,"href":"https:\/\/udruga-106br.hr\/index.php\/wp-json\/wp\/v2\/categories?post=2151"},{"taxonomy":"post_tag","embeddable":true,"href":"https:\/\/udruga-106br.hr\/index.php\/wp-json\/wp\/v2\/tags?post=2151"}],"curies":[{"name":"wp","href":"https:\/\/api.w.org\/{rel}","templated":true}]}}