{"id":2159,"date":"2023-05-30T21:27:51","date_gmt":"2023-05-30T19:27:51","guid":{"rendered":"https:\/\/udruga-106br.hr\/?p=2159"},"modified":"2025-10-17T21:53:38","modified_gmt":"2025-10-17T19:53:38","slug":"obiljezen-dan-drzavnosti-i-dan-branitelja-josipovca","status":"publish","type":"post","link":"https:\/\/udruga-106br.hr\/index.php\/obiljezen-dan-drzavnosti-i-dan-branitelja-josipovca\/","title":{"rendered":"OBILJE\u017dEN DAN DR\u017dAVNOSTI I DAN BRANITELJA JOSIPOVCA"},"content":{"rendered":"\n<p>U utorak, 30. svibnja 2023. godine Dan dr\u017eavnosti Republike Hrvatske obilje\u017een je polaganjem vijenaca i paljenjem svije\u0107a na spomen obilje\u017eju poginulim braniteljima iz Josipovca.<\/p>\n\n\n\n<figure class=\"wp-block-image size-large\"><img loading=\"lazy\" decoding=\"async\" width=\"1024\" height=\"576\" src=\"https:\/\/udruga-106br.hr\/wp-content\/uploads\/2023\/05\/IMG-ffe4fa0d6b37de7c8c4c39da498b6d91-V-1024x576.jpg\" alt=\"\" class=\"wp-image-2162\" srcset=\"https:\/\/udruga-106br.hr\/wp-content\/uploads\/2023\/05\/IMG-ffe4fa0d6b37de7c8c4c39da498b6d91-V-1024x576.jpg 1024w, https:\/\/udruga-106br.hr\/wp-content\/uploads\/2023\/05\/IMG-ffe4fa0d6b37de7c8c4c39da498b6d91-V-300x169.jpg 300w, https:\/\/udruga-106br.hr\/wp-content\/uploads\/2023\/05\/IMG-ffe4fa0d6b37de7c8c4c39da498b6d91-V-768x432.jpg 768w, https:\/\/udruga-106br.hr\/wp-content\/uploads\/2023\/05\/IMG-ffe4fa0d6b37de7c8c4c39da498b6d91-V-1536x864.jpg 1536w, https:\/\/udruga-106br.hr\/wp-content\/uploads\/2023\/05\/IMG-ffe4fa0d6b37de7c8c4c39da498b6d91-V.jpg 1600w\" sizes=\"auto, (max-width: 1024px) 100vw, 1024px\" \/><\/figure>\n\n\n\n<p>U ime Grada Osijeka vijenac je polo\u017eio Jurica Tolj, predsjednik Odbora za branitelje i Boris Abi\u010di\u0107, pomo\u0107nik pro\u010delnika za hrvatske branitelje Osje\u010dko-baranjske \u017eupanije.\u00a0Obilje\u017eavanje je u organizaciji Vije\u0107a Mjesnog odbora Josipovac, odnosno Odbora za branitelje koji je osnovan 2017. godine a \u010dine ga dragovoljci Domovinskog rata, Ivan Majhen, predsjednik i \u010dlanovi Slavko Merka\u0161, Stjepan Job i Miroslav Julari\u0107 pa se tako na njihov prijedlog uz Dan dr\u017eavnosti obilje\u017eava i Dan branitelja Josipovca koji su ove godine podr\u017eale i \u017dupa sv. Josipa, \u017dupa sv. Luke, Udruga 106. brigade ZNG RH a program su uveli\u010dali \u017eupni zborovi te KUD \u201cJosipovac\u201c i Zavi\u010dajni klub \u201eZagorec\u201c uz nazo\u010dnost brojnih okupljenih mje\u0161tana. <\/p>\n\n\n\n<figure class=\"wp-block-image size-large\"><img loading=\"lazy\" decoding=\"async\" width=\"1024\" height=\"740\" src=\"https:\/\/udruga-106br.hr\/wp-content\/uploads\/2023\/05\/20230530_231103-1024x740.jpg\" alt=\"\" class=\"wp-image-2166\" srcset=\"https:\/\/udruga-106br.hr\/wp-content\/uploads\/2023\/05\/20230530_231103-1024x740.jpg 1024w, https:\/\/udruga-106br.hr\/wp-content\/uploads\/2023\/05\/20230530_231103-300x217.jpg 300w, https:\/\/udruga-106br.hr\/wp-content\/uploads\/2023\/05\/20230530_231103-768x555.jpg 768w, https:\/\/udruga-106br.hr\/wp-content\/uploads\/2023\/05\/20230530_231103-1536x1110.jpg 1536w, https:\/\/udruga-106br.hr\/wp-content\/uploads\/2023\/05\/20230530_231103.jpg 1600w\" sizes=\"auto, (max-width: 1024px) 100vw, 1024px\" \/><\/figure>\n\n\n\n<figure class=\"wp-block-image size-large\"><img loading=\"lazy\" decoding=\"async\" width=\"1024\" height=\"576\" src=\"https:\/\/udruga-106br.hr\/wp-content\/uploads\/2023\/05\/IMG-65e780aa81cd001b49e56c1428a14efa-V-1024x576.jpg\" alt=\"\" class=\"wp-image-2160\" srcset=\"https:\/\/udruga-106br.hr\/wp-content\/uploads\/2023\/05\/IMG-65e780aa81cd001b49e56c1428a14efa-V-1024x576.jpg 1024w, https:\/\/udruga-106br.hr\/wp-content\/uploads\/2023\/05\/IMG-65e780aa81cd001b49e56c1428a14efa-V-300x169.jpg 300w, https:\/\/udruga-106br.hr\/wp-content\/uploads\/2023\/05\/IMG-65e780aa81cd001b49e56c1428a14efa-V-768x432.jpg 768w, https:\/\/udruga-106br.hr\/wp-content\/uploads\/2023\/05\/IMG-65e780aa81cd001b49e56c1428a14efa-V-1536x864.jpg 1536w, https:\/\/udruga-106br.hr\/wp-content\/uploads\/2023\/05\/IMG-65e780aa81cd001b49e56c1428a14efa-V.jpg 1600w\" sizes=\"auto, (max-width: 1024px) 100vw, 1024px\" \/><\/figure>\n\n\n\n<p>Uslijedilo je hodo\u010da\u0161\u0107e ulicama Josipovca do kri\u017ea krajputa\u0161a koji se nalazi uz Obilaznicu 106. brigade gdje je odr\u017eana sveta misa,\u00a0 zavjetni je to kri\u017e vojnika Josipov\u010danina koji se jedini pre\u017eivjeli iz svoje postrojbe vratio ku\u0107i u Prvom svjetskom ratu, u tada\u0161nji Josephdorf, a 1940. godine mje\u0161tani u \u010dast i sje\u0107anje podi\u017eu kri\u017e.Tijekom Domovinskog rata u uspostavi i obrani dr\u017eavnog suvereniteta i teritorijalnog integriteta Republike Hrvatske u postrojbama Narodne za\u0161tite, policije, ZNG-a i HV-a sudjelovali su brojni mje\u0161tani, ukupno njih oko 700.<\/p>\n\n\n\n<figure class=\"wp-block-image size-large\"><img loading=\"lazy\" decoding=\"async\" width=\"1024\" height=\"576\" src=\"https:\/\/udruga-106br.hr\/wp-content\/uploads\/2023\/05\/IMG-d30ecfac72cd51424daf57741ef5dabd-V-1024x576.jpg\" alt=\"\" class=\"wp-image-2161\" srcset=\"https:\/\/udruga-106br.hr\/wp-content\/uploads\/2023\/05\/IMG-d30ecfac72cd51424daf57741ef5dabd-V-1024x576.jpg 1024w, https:\/\/udruga-106br.hr\/wp-content\/uploads\/2023\/05\/IMG-d30ecfac72cd51424daf57741ef5dabd-V-300x169.jpg 300w, https:\/\/udruga-106br.hr\/wp-content\/uploads\/2023\/05\/IMG-d30ecfac72cd51424daf57741ef5dabd-V-768x432.jpg 768w, https:\/\/udruga-106br.hr\/wp-content\/uploads\/2023\/05\/IMG-d30ecfac72cd51424daf57741ef5dabd-V-1536x864.jpg 1536w, https:\/\/udruga-106br.hr\/wp-content\/uploads\/2023\/05\/IMG-d30ecfac72cd51424daf57741ef5dabd-V.jpg 1600w\" sizes=\"auto, (max-width: 1024px) 100vw, 1024px\" \/><\/figure>\n\n\n\n<p> Dan uo\u010di obilje\u017eavanja u sredi\u0161njem josipova\u010dkom parku na prijedlog Mjesnog odbora Josipovac postavljen je 16-metarski jarbol sa zastavom Republike Hrvatske.<\/p>\n\n\n\n<figure class=\"wp-block-image size-large\"><img loading=\"lazy\" decoding=\"async\" width=\"576\" height=\"1024\" src=\"https:\/\/udruga-106br.hr\/wp-content\/uploads\/2023\/05\/20230530_231212-576x1024.jpg\" alt=\"\" class=\"wp-image-2165\" srcset=\"https:\/\/udruga-106br.hr\/wp-content\/uploads\/2023\/05\/20230530_231212-576x1024.jpg 576w, https:\/\/udruga-106br.hr\/wp-content\/uploads\/2023\/05\/20230530_231212-169x300.jpg 169w, https:\/\/udruga-106br.hr\/wp-content\/uploads\/2023\/05\/20230530_231212-768x1364.jpg 768w, https:\/\/udruga-106br.hr\/wp-content\/uploads\/2023\/05\/20230530_231212-865x1536.jpg 865w, https:\/\/udruga-106br.hr\/wp-content\/uploads\/2023\/05\/20230530_231212.jpg 900w\" sizes=\"auto, (max-width: 576px) 100vw, 576px\" \/><\/figure>\n\n\n\n<p>Organizatori pozivaju mje\u0161tane da i ubudu\u0107e zajedno podijele trenutak putovanja i duhovnog ispunjenja te stvaraju sna\u017eno zajedni\u0161tvo koje nadilazi vrijeme i prostor a organizacija hodo\u010da\u0161\u0107a predstavlja va\u017ean doga\u0111aj za lokalnu zajednicu.<\/p>\n\n\n\n<figure class=\"wp-block-image size-large\"><img loading=\"lazy\" decoding=\"async\" width=\"1024\" height=\"576\" src=\"https:\/\/udruga-106br.hr\/wp-content\/uploads\/2023\/05\/20230530_231032-1024x576.jpg\" alt=\"\" class=\"wp-image-2167\" srcset=\"https:\/\/udruga-106br.hr\/wp-content\/uploads\/2023\/05\/20230530_231032-1024x576.jpg 1024w, https:\/\/udruga-106br.hr\/wp-content\/uploads\/2023\/05\/20230530_231032-300x169.jpg 300w, https:\/\/udruga-106br.hr\/wp-content\/uploads\/2023\/05\/20230530_231032-768x432.jpg 768w, https:\/\/udruga-106br.hr\/wp-content\/uploads\/2023\/05\/20230530_231032-1536x864.jpg 1536w, https:\/\/udruga-106br.hr\/wp-content\/uploads\/2023\/05\/20230530_231032.jpg 1600w\" sizes=\"auto, (max-width: 1024px) 100vw, 1024px\" \/><\/figure>\n<!-- AddThis Advanced Settings generic via filter on the_content --><!-- AddThis Share Buttons generic via filter on the_content -->","protected":false},"excerpt":{"rendered":"<p>U utorak, 30. svibnja 2023. godine Dan dr\u017eavnosti Republike Hrvatske obilje\u017een je polaganjem vijenaca i paljenjem svije\u0107a na spomen obilje\u017eju poginulim braniteljima iz Josipovca. U ime Grada Osijeka vijenac je polo\u017eio Jurica Tolj, predsjednik Odbora za branitelje i Boris Abi\u010di\u0107, pomo\u0107nik pro\u010delnika za hrvatske branitelje Osje\u010dko-baranjske \u017eupanije.\u00a0Obilje\u017eavanje je u organizaciji Vije\u0107a Mjesnog odbora Josipovac, odnosno &hellip; <a href=\"https:\/\/udruga-106br.hr\/index.php\/obiljezen-dan-drzavnosti-i-dan-branitelja-josipovca\/\" class=\"more-link\">Nastavi \u010ditati <span class=\"screen-reader-text\">OBILJE\u017dEN DAN DR\u017dAVNOSTI I DAN BRANITELJA JOSIPOVCA<\/span><\/a><!-- AddThis Advanced Settings generic via filter on get_the_excerpt --><!-- AddThis Share Buttons generic via filter on get_the_excerpt --><\/p>\n","protected":false},"author":1,"featured_media":0,"comment_status":"closed","ping_status":"closed","sticky":false,"template":"","format":"standard","meta":{"footnotes":""},"categories":[32],"tags":[],"class_list":["post-2159","post","type-post","status-publish","format-standard","hentry","category-iz-zivota-udruge"],"_links":{"self":[{"href":"https:\/\/udruga-106br.hr\/index.php\/wp-json\/wp\/v2\/posts\/2159","targetHints":{"allow":["GET"]}}],"collection":[{"href":"https:\/\/udruga-106br.hr\/index.php\/wp-json\/wp\/v2\/posts"}],"about":[{"href":"https:\/\/udruga-106br.hr\/index.php\/wp-json\/wp\/v2\/types\/post"}],"author":[{"embeddable":true,"href":"https:\/\/udruga-106br.hr\/index.php\/wp-json\/wp\/v2\/users\/1"}],"replies":[{"embeddable":true,"href":"https:\/\/udruga-106br.hr\/index.php\/wp-json\/wp\/v2\/comments?post=2159"}],"version-history":[{"count":2,"href":"https:\/\/udruga-106br.hr\/index.php\/wp-json\/wp\/v2\/posts\/2159\/revisions"}],"predecessor-version":[{"id":2168,"href":"https:\/\/udruga-106br.hr\/index.php\/wp-json\/wp\/v2\/posts\/2159\/revisions\/2168"}],"wp:attachment":[{"href":"https:\/\/udruga-106br.hr\/index.php\/wp-json\/wp\/v2\/media?parent=2159"}],"wp:term":[{"taxonomy":"category","embeddable":true,"href":"https:\/\/udruga-106br.hr\/index.php\/wp-json\/wp\/v2\/categories?post=2159"},{"taxonomy":"post_tag","embeddable":true,"href":"https:\/\/udruga-106br.hr\/index.php\/wp-json\/wp\/v2\/tags?post=2159"}],"curies":[{"name":"wp","href":"https:\/\/api.w.org\/{rel}","templated":true}]}}