{"id":2169,"date":"2023-05-31T00:02:45","date_gmt":"2023-05-30T22:02:45","guid":{"rendered":"https:\/\/udruga-106br.hr\/?p=2169"},"modified":"2025-10-17T21:53:38","modified_gmt":"2025-10-17T19:53:38","slug":"polaganje-vijenaca-i-paljenje-svijeca-poginulim-braniteljima-i-gradanima-juga-2-kod-spomen-obiljezja-herojsko-srce","status":"publish","type":"post","link":"https:\/\/udruga-106br.hr\/index.php\/polaganje-vijenaca-i-paljenje-svijeca-poginulim-braniteljima-i-gradanima-juga-2-kod-spomen-obiljezja-herojsko-srce\/","title":{"rendered":"Polaganje vijenaca i paljenje svije\u0107a  poginulim braniteljima i gra\u0111anima Juga 2 kod spomen-obilje\u017eja Herojsko srce"},"content":{"rendered":"\n<p>S ponosom i pijetetom \u017eelimo podijeliti da su \u010dlanovi Udruge 106. brigade ZNG RH na dana\u0161nji dan, 30. svibnja 2023. godine, sudjelovali u sve\u010danom \u010dinu polaganja vijenaca i paljenju svije\u0107a kod spomen-obilje\u017eja Herojsko srce na Jugu II, kako bismo odali po\u010dast svim poginulim braniteljima i gra\u0111anima Juga 2 koji su hrabro branili na\u0161u domovinu u Domovinskom ratu.<\/p>\n\n\n\n<figure class=\"wp-block-image size-large\"><img loading=\"lazy\" decoding=\"async\" width=\"1024\" height=\"683\" src=\"https:\/\/udruga-106br.hr\/wp-content\/uploads\/2023\/05\/IMG-1376f63975d270c01c08af6e299fb6d3-V-1024x683.jpg\" alt=\"\" class=\"wp-image-2170\" srcset=\"https:\/\/udruga-106br.hr\/wp-content\/uploads\/2023\/05\/IMG-1376f63975d270c01c08af6e299fb6d3-V-1024x683.jpg 1024w, https:\/\/udruga-106br.hr\/wp-content\/uploads\/2023\/05\/IMG-1376f63975d270c01c08af6e299fb6d3-V-300x200.jpg 300w, https:\/\/udruga-106br.hr\/wp-content\/uploads\/2023\/05\/IMG-1376f63975d270c01c08af6e299fb6d3-V-768x512.jpg 768w, https:\/\/udruga-106br.hr\/wp-content\/uploads\/2023\/05\/IMG-1376f63975d270c01c08af6e299fb6d3-V-1536x1024.jpg 1536w, https:\/\/udruga-106br.hr\/wp-content\/uploads\/2023\/05\/IMG-1376f63975d270c01c08af6e299fb6d3-V.jpg 1600w\" sizes=\"auto, (max-width: 1024px) 100vw, 1024px\" \/><\/figure>\n\n\n\n<p><br>Ovaj emotivni trenutak okupio je \u010dlanove Udruge, zajedno s obiteljima poginulih branitelja, te predstavnicima lokalnih vlasti i drugih udruga.<\/p>\n\n\n\n<figure class=\"wp-block-image size-large\"><img loading=\"lazy\" decoding=\"async\" width=\"1024\" height=\"768\" src=\"https:\/\/udruga-106br.hr\/wp-content\/uploads\/2023\/05\/20230530_235910-1024x768.jpg\" alt=\"\" class=\"wp-image-2171\" srcset=\"https:\/\/udruga-106br.hr\/wp-content\/uploads\/2023\/05\/20230530_235910-1024x768.jpg 1024w, https:\/\/udruga-106br.hr\/wp-content\/uploads\/2023\/05\/20230530_235910-300x225.jpg 300w, https:\/\/udruga-106br.hr\/wp-content\/uploads\/2023\/05\/20230530_235910-768x576.jpg 768w, https:\/\/udruga-106br.hr\/wp-content\/uploads\/2023\/05\/20230530_235910-1536x1152.jpg 1536w, https:\/\/udruga-106br.hr\/wp-content\/uploads\/2023\/05\/20230530_235910.jpg 1600w\" sizes=\"auto, (max-width: 1024px) 100vw, 1024px\" \/><\/figure>\n\n\n\n<p><br>Uz duboko po\u0161tovanje prema \u017ertvama koje su podnijeli na\u0161i hrabri branitelji i civili, pridru\u017eili smo se obilje\u017eavanju na ovaj va\u017ean datum kako bismo se prisjetili njihove hrabrosti i \u017ertve. Polaganje vijenaca simbolizira na\u0161u zahvalnost i po\u0161tovanje prema svima koji su dali svoje \u017eivote za slobodu i neovisnost na\u0161e domovine.<br>Neka nam ovo sve\u010dano polaganje vijenaca i paljenje svije\u0107a bude podsjetnik na na\u0161u obvezu da \u010duvamo i \u0161titimo vrijednosti za koje smo se hrabro borili.<\/p>\n<!-- AddThis Advanced Settings generic via filter on the_content --><!-- AddThis Share Buttons generic via filter on the_content -->","protected":false},"excerpt":{"rendered":"<p>S ponosom i pijetetom \u017eelimo podijeliti da su \u010dlanovi Udruge 106. brigade ZNG RH na dana\u0161nji dan, 30. svibnja 2023. godine, sudjelovali u sve\u010danom \u010dinu polaganja vijenaca i paljenju svije\u0107a kod spomen-obilje\u017eja Herojsko srce na Jugu II, kako bismo odali po\u010dast svim poginulim braniteljima i gra\u0111anima Juga 2 koji su hrabro branili na\u0161u domovinu u &hellip; <a href=\"https:\/\/udruga-106br.hr\/index.php\/polaganje-vijenaca-i-paljenje-svijeca-poginulim-braniteljima-i-gradanima-juga-2-kod-spomen-obiljezja-herojsko-srce\/\" class=\"more-link\">Nastavi \u010ditati <span class=\"screen-reader-text\">Polaganje vijenaca i paljenje svije\u0107a  poginulim braniteljima i gra\u0111anima Juga 2 kod spomen-obilje\u017eja Herojsko srce<\/span><\/a><!-- AddThis Advanced Settings generic via filter on get_the_excerpt --><!-- AddThis Share Buttons generic via filter on get_the_excerpt --><\/p>\n","protected":false},"author":1,"featured_media":0,"comment_status":"closed","ping_status":"closed","sticky":false,"template":"","format":"standard","meta":{"footnotes":""},"categories":[32],"tags":[],"class_list":["post-2169","post","type-post","status-publish","format-standard","hentry","category-iz-zivota-udruge"],"_links":{"self":[{"href":"https:\/\/udruga-106br.hr\/index.php\/wp-json\/wp\/v2\/posts\/2169","targetHints":{"allow":["GET"]}}],"collection":[{"href":"https:\/\/udruga-106br.hr\/index.php\/wp-json\/wp\/v2\/posts"}],"about":[{"href":"https:\/\/udruga-106br.hr\/index.php\/wp-json\/wp\/v2\/types\/post"}],"author":[{"embeddable":true,"href":"https:\/\/udruga-106br.hr\/index.php\/wp-json\/wp\/v2\/users\/1"}],"replies":[{"embeddable":true,"href":"https:\/\/udruga-106br.hr\/index.php\/wp-json\/wp\/v2\/comments?post=2169"}],"version-history":[{"count":3,"href":"https:\/\/udruga-106br.hr\/index.php\/wp-json\/wp\/v2\/posts\/2169\/revisions"}],"predecessor-version":[{"id":3443,"href":"https:\/\/udruga-106br.hr\/index.php\/wp-json\/wp\/v2\/posts\/2169\/revisions\/3443"}],"wp:attachment":[{"href":"https:\/\/udruga-106br.hr\/index.php\/wp-json\/wp\/v2\/media?parent=2169"}],"wp:term":[{"taxonomy":"category","embeddable":true,"href":"https:\/\/udruga-106br.hr\/index.php\/wp-json\/wp\/v2\/categories?post=2169"},{"taxonomy":"post_tag","embeddable":true,"href":"https:\/\/udruga-106br.hr\/index.php\/wp-json\/wp\/v2\/tags?post=2169"}],"curies":[{"name":"wp","href":"https:\/\/api.w.org\/{rel}","templated":true}]}}