{"id":2175,"date":"2023-06-01T16:08:26","date_gmt":"2023-06-01T14:08:26","guid":{"rendered":"https:\/\/udruga-106br.hr\/?p=2175"},"modified":"2025-10-17T21:53:25","modified_gmt":"2025-10-17T19:53:25","slug":"dan-otvorenih-vrata-udruge-106-brigade-zng-rh-petak-2-6-2023","status":"publish","type":"post","link":"https:\/\/udruga-106br.hr\/index.php\/dan-otvorenih-vrata-udruge-106-brigade-zng-rh-petak-2-6-2023\/","title":{"rendered":"Dan otvorenih vrata Udruge 106. brigade ZNG RH &#8211; PETAK, 2.6.2023."},"content":{"rendered":"\n<p>U okviru Dana otvorenih vrata udruga koji Ured za udruge Vlade Republike Hrvatske ve\u0107 tradicionalno organizira radi pribli\u017eavanja rada istih gra\u0111anima, podsje\u0107amo Vas da sutra, u petak 2. lipnja 2023. godine, od 8:30 h do 11:30 h te od 16:30 h do 18:30 h, Udruga 106. brigade ZNG RH organizira Dan otvorenih vrata, pru\u017eaju\u0107i vam priliku da nas posjetite. Do\u0111ite i posjetite Spomen sobu na adresi Kralja Petra Sva\u010di\u0107a 36 te da se me\u0111usobno podru\u017eimo. Mo\u017eete ostaviti i Va\u0161 dojam koji \u0107ete zabilje\u017eiti u Knjizi utisaka koja se nalazi u Spomen sobi.<\/p>\n\n\n\n<p>Pozivamo Vas da nam se pridru\u017eite na Danu otvorenih vrata Udruge kako biste saznali vi\u0161e o na\u0161em radu, programima koje provodimo, djelokrugu rada te dosada\u0161njim postignu\u0107ima i aktivnostima Udruge, a za branitelje omogu\u0107ujemo i informiranje o pravima branitelja, \u0161to mo\u017ee biti izuzetno korisno za branitelje i njihove obitelji.<\/p>\n\n\n\n<p>Svaki posjetitelj \u0107e dobiti bed\u017e Udruge 106. brigade ZNG RH kao trajni podsjetnik na ovaj doga\u0111aj, a bit \u0107e nam iznimno zadovoljstvo zajedni\u010dki provesti vrijeme.<\/p>\n\n\n\n<p>S nestrpljenjem i zadovoljstvom o\u010dekujemo Va\u0161 dolazak!<\/p>\n\n\n\n<figure class=\"wp-block-image size-large\"><img loading=\"lazy\" decoding=\"async\" width=\"768\" height=\"1024\" src=\"https:\/\/udruga-106br.hr\/wp-content\/uploads\/2023\/06\/20230427_092032-768x1024.jpg\" alt=\"\" class=\"wp-image-2176\" srcset=\"https:\/\/udruga-106br.hr\/wp-content\/uploads\/2023\/06\/20230427_092032-768x1024.jpg 768w, https:\/\/udruga-106br.hr\/wp-content\/uploads\/2023\/06\/20230427_092032-225x300.jpg 225w, https:\/\/udruga-106br.hr\/wp-content\/uploads\/2023\/06\/20230427_092032-1152x1536.jpg 1152w, https:\/\/udruga-106br.hr\/wp-content\/uploads\/2023\/06\/20230427_092032-1536x2048.jpg 1536w, https:\/\/udruga-106br.hr\/wp-content\/uploads\/2023\/06\/20230427_092032-scaled.jpg 1920w\" sizes=\"auto, (max-width: 768px) 100vw, 768px\" \/><\/figure>\n\n\n\n<figure class=\"wp-block-gallery has-nested-images columns-default is-cropped wp-block-gallery-1 is-layout-flex wp-block-gallery-is-layout-flex\">\n<figure class=\"wp-block-image size-large\"><img loading=\"lazy\" decoding=\"async\" width=\"1024\" height=\"768\" data-id=\"2179\" src=\"https:\/\/udruga-106br.hr\/wp-content\/uploads\/2023\/06\/20230429_093504-1024x768.jpg\" alt=\"\" class=\"wp-image-2179\" srcset=\"https:\/\/udruga-106br.hr\/wp-content\/uploads\/2023\/06\/20230429_093504-1024x768.jpg 1024w, https:\/\/udruga-106br.hr\/wp-content\/uploads\/2023\/06\/20230429_093504-300x225.jpg 300w, https:\/\/udruga-106br.hr\/wp-content\/uploads\/2023\/06\/20230429_093504-768x576.jpg 768w, https:\/\/udruga-106br.hr\/wp-content\/uploads\/2023\/06\/20230429_093504-1536x1152.jpg 1536w, https:\/\/udruga-106br.hr\/wp-content\/uploads\/2023\/06\/20230429_093504-2048x1536.jpg 2048w\" sizes=\"auto, (max-width: 1024px) 100vw, 1024px\" \/><\/figure>\n\n\n\n<figure class=\"wp-block-image size-large\"><img loading=\"lazy\" decoding=\"async\" width=\"1024\" height=\"768\" data-id=\"2178\" src=\"https:\/\/udruga-106br.hr\/wp-content\/uploads\/2023\/06\/20230429_093456-1024x768.jpg\" alt=\"\" class=\"wp-image-2178\" srcset=\"https:\/\/udruga-106br.hr\/wp-content\/uploads\/2023\/06\/20230429_093456-1024x768.jpg 1024w, https:\/\/udruga-106br.hr\/wp-content\/uploads\/2023\/06\/20230429_093456-300x225.jpg 300w, https:\/\/udruga-106br.hr\/wp-content\/uploads\/2023\/06\/20230429_093456-768x576.jpg 768w, https:\/\/udruga-106br.hr\/wp-content\/uploads\/2023\/06\/20230429_093456-1536x1152.jpg 1536w, https:\/\/udruga-106br.hr\/wp-content\/uploads\/2023\/06\/20230429_093456-2048x1536.jpg 2048w\" sizes=\"auto, (max-width: 1024px) 100vw, 1024px\" \/><\/figure>\n<\/figure>\n<!-- AddThis Advanced Settings generic via filter on the_content --><!-- AddThis Share Buttons generic via filter on the_content -->","protected":false},"excerpt":{"rendered":"<p>U okviru Dana otvorenih vrata udruga koji Ured za udruge Vlade Republike Hrvatske ve\u0107 tradicionalno organizira radi pribli\u017eavanja rada istih gra\u0111anima, podsje\u0107amo Vas da sutra, u petak 2. lipnja 2023. godine, od 8:30 h do 11:30 h te od 16:30 h do 18:30 h, Udruga 106. brigade ZNG RH organizira Dan otvorenih vrata, pru\u017eaju\u0107i vam &hellip; <a href=\"https:\/\/udruga-106br.hr\/index.php\/dan-otvorenih-vrata-udruge-106-brigade-zng-rh-petak-2-6-2023\/\" class=\"more-link\">Nastavi \u010ditati <span class=\"screen-reader-text\">Dan otvorenih vrata Udruge 106. brigade ZNG RH &#8211; PETAK, 2.6.2023.<\/span><\/a><!-- AddThis Advanced Settings generic via filter on get_the_excerpt --><!-- AddThis Share Buttons generic via filter on get_the_excerpt --><\/p>\n","protected":false},"author":1,"featured_media":0,"comment_status":"closed","ping_status":"closed","sticky":false,"template":"","format":"standard","meta":{"footnotes":""},"categories":[32],"tags":[],"class_list":["post-2175","post","type-post","status-publish","format-standard","hentry","category-iz-zivota-udruge"],"_links":{"self":[{"href":"https:\/\/udruga-106br.hr\/index.php\/wp-json\/wp\/v2\/posts\/2175","targetHints":{"allow":["GET"]}}],"collection":[{"href":"https:\/\/udruga-106br.hr\/index.php\/wp-json\/wp\/v2\/posts"}],"about":[{"href":"https:\/\/udruga-106br.hr\/index.php\/wp-json\/wp\/v2\/types\/post"}],"author":[{"embeddable":true,"href":"https:\/\/udruga-106br.hr\/index.php\/wp-json\/wp\/v2\/users\/1"}],"replies":[{"embeddable":true,"href":"https:\/\/udruga-106br.hr\/index.php\/wp-json\/wp\/v2\/comments?post=2175"}],"version-history":[{"count":1,"href":"https:\/\/udruga-106br.hr\/index.php\/wp-json\/wp\/v2\/posts\/2175\/revisions"}],"predecessor-version":[{"id":2180,"href":"https:\/\/udruga-106br.hr\/index.php\/wp-json\/wp\/v2\/posts\/2175\/revisions\/2180"}],"wp:attachment":[{"href":"https:\/\/udruga-106br.hr\/index.php\/wp-json\/wp\/v2\/media?parent=2175"}],"wp:term":[{"taxonomy":"category","embeddable":true,"href":"https:\/\/udruga-106br.hr\/index.php\/wp-json\/wp\/v2\/categories?post=2175"},{"taxonomy":"post_tag","embeddable":true,"href":"https:\/\/udruga-106br.hr\/index.php\/wp-json\/wp\/v2\/tags?post=2175"}],"curies":[{"name":"wp","href":"https:\/\/api.w.org\/{rel}","templated":true}]}}