{"id":2193,"date":"2023-06-07T21:49:10","date_gmt":"2023-06-07T19:49:10","guid":{"rendered":"https:\/\/udruga-106br.hr\/?p=2193"},"modified":"2025-10-17T21:53:25","modified_gmt":"2025-10-17T19:53:25","slug":"daljnje-uredenje-kapelice-posvecene-kraljici-mira-na-krunskoj-utvrdi","status":"publish","type":"post","link":"https:\/\/udruga-106br.hr\/index.php\/daljnje-uredenje-kapelice-posvecene-kraljici-mira-na-krunskoj-utvrdi\/","title":{"rendered":"Daljnje ure\u0111enje kapelice posve\u0107ene Kraljici mira na Krunskoj utvrdi"},"content":{"rendered":"\n<p>Na lijevoj obali Drave, sve vi\u0161e dolazi do izra\u017eaja ure\u0111ena kapelica posve\u0107ena Kraljici mira na Krunskoj utvrdi.<\/p>\n\n\n\n<p>Dosada\u0161nje osvje\u017eenje njenog izgleda \u0107e biti oboga\u0107eno novim staklima i ure\u0111enjem unutra\u0161njosti, \u010dime \u0107e privu\u0107i jo\u0161 ve\u0107i broj posjetitelja.<\/p>\n\n\n\n<figure class=\"wp-block-image size-full\"><img loading=\"lazy\" decoding=\"async\" width=\"768\" height=\"1024\" src=\"https:\/\/udruga-106br.hr\/wp-content\/uploads\/2023\/06\/IMG-1665fac0e5ae531fd6a62bc33cca60af-V.jpg\" alt=\"\" class=\"wp-image-2194\" srcset=\"https:\/\/udruga-106br.hr\/wp-content\/uploads\/2023\/06\/IMG-1665fac0e5ae531fd6a62bc33cca60af-V.jpg 768w, https:\/\/udruga-106br.hr\/wp-content\/uploads\/2023\/06\/IMG-1665fac0e5ae531fd6a62bc33cca60af-V-225x300.jpg 225w\" sizes=\"auto, (max-width: 768px) 100vw, 768px\" \/><\/figure>\n\n\n\n<figure class=\"wp-block-image size-full\"><img loading=\"lazy\" decoding=\"async\" width=\"768\" height=\"1024\" src=\"https:\/\/udruga-106br.hr\/wp-content\/uploads\/2023\/06\/IMG-869bff0995e08f29c6bd319fba1c2708-V.jpg\" alt=\"\" class=\"wp-image-2195\" srcset=\"https:\/\/udruga-106br.hr\/wp-content\/uploads\/2023\/06\/IMG-869bff0995e08f29c6bd319fba1c2708-V.jpg 768w, https:\/\/udruga-106br.hr\/wp-content\/uploads\/2023\/06\/IMG-869bff0995e08f29c6bd319fba1c2708-V-225x300.jpg 225w\" sizes=\"auto, (max-width: 768px) 100vw, 768px\" \/><\/figure>\n<!-- AddThis Advanced Settings generic via filter on the_content --><!-- AddThis Share Buttons generic via filter on the_content -->","protected":false},"excerpt":{"rendered":"<p>Na lijevoj obali Drave, sve vi\u0161e dolazi do izra\u017eaja ure\u0111ena kapelica posve\u0107ena Kraljici mira na Krunskoj utvrdi. Dosada\u0161nje osvje\u017eenje njenog izgleda \u0107e biti oboga\u0107eno novim staklima i ure\u0111enjem unutra\u0161njosti, \u010dime \u0107e privu\u0107i jo\u0161 ve\u0107i broj posjetitelja.<!-- AddThis Advanced Settings generic via filter on get_the_excerpt --><!-- AddThis Share Buttons generic via filter on get_the_excerpt --><\/p>\n","protected":false},"author":1,"featured_media":0,"comment_status":"closed","ping_status":"closed","sticky":false,"template":"","format":"standard","meta":{"footnotes":""},"categories":[32],"tags":[],"class_list":["post-2193","post","type-post","status-publish","format-standard","hentry","category-iz-zivota-udruge"],"_links":{"self":[{"href":"https:\/\/udruga-106br.hr\/index.php\/wp-json\/wp\/v2\/posts\/2193","targetHints":{"allow":["GET"]}}],"collection":[{"href":"https:\/\/udruga-106br.hr\/index.php\/wp-json\/wp\/v2\/posts"}],"about":[{"href":"https:\/\/udruga-106br.hr\/index.php\/wp-json\/wp\/v2\/types\/post"}],"author":[{"embeddable":true,"href":"https:\/\/udruga-106br.hr\/index.php\/wp-json\/wp\/v2\/users\/1"}],"replies":[{"embeddable":true,"href":"https:\/\/udruga-106br.hr\/index.php\/wp-json\/wp\/v2\/comments?post=2193"}],"version-history":[{"count":1,"href":"https:\/\/udruga-106br.hr\/index.php\/wp-json\/wp\/v2\/posts\/2193\/revisions"}],"predecessor-version":[{"id":2196,"href":"https:\/\/udruga-106br.hr\/index.php\/wp-json\/wp\/v2\/posts\/2193\/revisions\/2196"}],"wp:attachment":[{"href":"https:\/\/udruga-106br.hr\/index.php\/wp-json\/wp\/v2\/media?parent=2193"}],"wp:term":[{"taxonomy":"category","embeddable":true,"href":"https:\/\/udruga-106br.hr\/index.php\/wp-json\/wp\/v2\/categories?post=2193"},{"taxonomy":"post_tag","embeddable":true,"href":"https:\/\/udruga-106br.hr\/index.php\/wp-json\/wp\/v2\/tags?post=2193"}],"curies":[{"name":"wp","href":"https:\/\/api.w.org\/{rel}","templated":true}]}}