{"id":2227,"date":"2023-06-25T10:07:33","date_gmt":"2023-06-25T08:07:33","guid":{"rendered":"https:\/\/udruga-106br.hr\/?p=2227"},"modified":"2025-10-17T21:53:25","modified_gmt":"2025-10-17T19:53:25","slug":"6-fisijada-nogometnog-kluba-radnik","status":"publish","type":"post","link":"https:\/\/udruga-106br.hr\/index.php\/6-fisijada-nogometnog-kluba-radnik\/","title":{"rendered":"6. fi\u0161ijada Nogometnog kluba Radnik"},"content":{"rendered":"\n<p>Dana 24.6.2023. godine odr\u017eala se 6. fi\u0161ijada Nogometnog kluba Radnik u Josipovcu kojoj su prisustvovali i \u010dlanovi udruge 106. brigade ZNG RH.<\/p>\n\n\n\n<p>Uz ovakvo okupljanje svi su se mogli opustiti i u\u017eivati u me\u0111usobnom dru\u017eenju, a i stvarati posebne uspomene i ja\u010dati prijateljstva.<\/p>\n\n\n\n<figure class=\"wp-block-gallery has-nested-images columns-default is-cropped wp-block-gallery-1 is-layout-flex wp-block-gallery-is-layout-flex\">\n<figure class=\"wp-block-image size-large\"><img loading=\"lazy\" decoding=\"async\" width=\"1024\" height=\"576\" data-id=\"2229\" src=\"https:\/\/udruga-106br.hr\/wp-content\/uploads\/2023\/06\/IMG-97209a08c5110d0b26607f1af314a2a5-V-1024x576.jpg\" alt=\"\" class=\"wp-image-2229\" srcset=\"https:\/\/udruga-106br.hr\/wp-content\/uploads\/2023\/06\/IMG-97209a08c5110d0b26607f1af314a2a5-V-1024x576.jpg 1024w, https:\/\/udruga-106br.hr\/wp-content\/uploads\/2023\/06\/IMG-97209a08c5110d0b26607f1af314a2a5-V-300x169.jpg 300w, https:\/\/udruga-106br.hr\/wp-content\/uploads\/2023\/06\/IMG-97209a08c5110d0b26607f1af314a2a5-V-768x432.jpg 768w, https:\/\/udruga-106br.hr\/wp-content\/uploads\/2023\/06\/IMG-97209a08c5110d0b26607f1af314a2a5-V-1536x864.jpg 1536w, https:\/\/udruga-106br.hr\/wp-content\/uploads\/2023\/06\/IMG-97209a08c5110d0b26607f1af314a2a5-V.jpg 1600w\" sizes=\"auto, (max-width: 1024px) 100vw, 1024px\" \/><\/figure>\n\n\n\n<figure class=\"wp-block-image size-large\"><img loading=\"lazy\" decoding=\"async\" width=\"1024\" height=\"576\" data-id=\"2228\" src=\"https:\/\/udruga-106br.hr\/wp-content\/uploads\/2023\/06\/IMG-33006a5a8fa24b5abb241efa451a482c-V-1024x576.jpg\" alt=\"\" class=\"wp-image-2228\" srcset=\"https:\/\/udruga-106br.hr\/wp-content\/uploads\/2023\/06\/IMG-33006a5a8fa24b5abb241efa451a482c-V-1024x576.jpg 1024w, https:\/\/udruga-106br.hr\/wp-content\/uploads\/2023\/06\/IMG-33006a5a8fa24b5abb241efa451a482c-V-300x169.jpg 300w, https:\/\/udruga-106br.hr\/wp-content\/uploads\/2023\/06\/IMG-33006a5a8fa24b5abb241efa451a482c-V-768x432.jpg 768w, https:\/\/udruga-106br.hr\/wp-content\/uploads\/2023\/06\/IMG-33006a5a8fa24b5abb241efa451a482c-V-1536x864.jpg 1536w, https:\/\/udruga-106br.hr\/wp-content\/uploads\/2023\/06\/IMG-33006a5a8fa24b5abb241efa451a482c-V.jpg 1600w\" sizes=\"auto, (max-width: 1024px) 100vw, 1024px\" \/><\/figure>\n\n\n\n<figure class=\"wp-block-image size-large\"><img loading=\"lazy\" decoding=\"async\" width=\"1024\" height=\"576\" data-id=\"2231\" src=\"https:\/\/udruga-106br.hr\/wp-content\/uploads\/2023\/06\/IMG-daafc443c317793cef2371937fd1b8cc-V-1024x576.jpg\" alt=\"\" class=\"wp-image-2231\" srcset=\"https:\/\/udruga-106br.hr\/wp-content\/uploads\/2023\/06\/IMG-daafc443c317793cef2371937fd1b8cc-V-1024x576.jpg 1024w, https:\/\/udruga-106br.hr\/wp-content\/uploads\/2023\/06\/IMG-daafc443c317793cef2371937fd1b8cc-V-300x169.jpg 300w, https:\/\/udruga-106br.hr\/wp-content\/uploads\/2023\/06\/IMG-daafc443c317793cef2371937fd1b8cc-V-768x432.jpg 768w, https:\/\/udruga-106br.hr\/wp-content\/uploads\/2023\/06\/IMG-daafc443c317793cef2371937fd1b8cc-V-1536x864.jpg 1536w, https:\/\/udruga-106br.hr\/wp-content\/uploads\/2023\/06\/IMG-daafc443c317793cef2371937fd1b8cc-V.jpg 1600w\" sizes=\"auto, (max-width: 1024px) 100vw, 1024px\" \/><\/figure>\n<\/figure>\n\n\n\n<p><\/p>\n<!-- AddThis Advanced Settings generic via filter on the_content --><!-- AddThis Share Buttons generic via filter on the_content -->","protected":false},"excerpt":{"rendered":"<p>Dana 24.6.2023. godine odr\u017eala se 6. fi\u0161ijada Nogometnog kluba Radnik u Josipovcu kojoj su prisustvovali i \u010dlanovi udruge 106. brigade ZNG RH. Uz ovakvo okupljanje svi su se mogli opustiti i u\u017eivati u me\u0111usobnom dru\u017eenju, a i stvarati posebne uspomene i ja\u010dati prijateljstva.<!-- AddThis Advanced Settings generic via filter on get_the_excerpt --><!-- AddThis Share Buttons generic via filter on get_the_excerpt --><\/p>\n","protected":false},"author":1,"featured_media":0,"comment_status":"closed","ping_status":"closed","sticky":false,"template":"","format":"standard","meta":{"footnotes":""},"categories":[32],"tags":[],"class_list":["post-2227","post","type-post","status-publish","format-standard","hentry","category-iz-zivota-udruge"],"_links":{"self":[{"href":"https:\/\/udruga-106br.hr\/index.php\/wp-json\/wp\/v2\/posts\/2227","targetHints":{"allow":["GET"]}}],"collection":[{"href":"https:\/\/udruga-106br.hr\/index.php\/wp-json\/wp\/v2\/posts"}],"about":[{"href":"https:\/\/udruga-106br.hr\/index.php\/wp-json\/wp\/v2\/types\/post"}],"author":[{"embeddable":true,"href":"https:\/\/udruga-106br.hr\/index.php\/wp-json\/wp\/v2\/users\/1"}],"replies":[{"embeddable":true,"href":"https:\/\/udruga-106br.hr\/index.php\/wp-json\/wp\/v2\/comments?post=2227"}],"version-history":[{"count":4,"href":"https:\/\/udruga-106br.hr\/index.php\/wp-json\/wp\/v2\/posts\/2227\/revisions"}],"predecessor-version":[{"id":3438,"href":"https:\/\/udruga-106br.hr\/index.php\/wp-json\/wp\/v2\/posts\/2227\/revisions\/3438"}],"wp:attachment":[{"href":"https:\/\/udruga-106br.hr\/index.php\/wp-json\/wp\/v2\/media?parent=2227"}],"wp:term":[{"taxonomy":"category","embeddable":true,"href":"https:\/\/udruga-106br.hr\/index.php\/wp-json\/wp\/v2\/categories?post=2227"},{"taxonomy":"post_tag","embeddable":true,"href":"https:\/\/udruga-106br.hr\/index.php\/wp-json\/wp\/v2\/tags?post=2227"}],"curies":[{"name":"wp","href":"https:\/\/api.w.org\/{rel}","templated":true}]}}