{"id":2235,"date":"2023-06-25T10:31:24","date_gmt":"2023-06-25T08:31:24","guid":{"rendered":"https:\/\/udruga-106br.hr\/?p=2235"},"modified":"2025-10-17T21:53:25","modified_gmt":"2025-10-17T19:53:25","slug":"svecano-obiljezavanje-32-obljetnice-osnutka-108-brigade-zng-rh-u-bukovlju","status":"publish","type":"post","link":"https:\/\/udruga-106br.hr\/index.php\/svecano-obiljezavanje-32-obljetnice-osnutka-108-brigade-zng-rh-u-bukovlju\/","title":{"rendered":"Sve\u010dano obilje\u017eavanje 32. obljetnice osnutka 108. brigade ZNG RH u Bukovlju"},"content":{"rendered":"\n<p>24.6.2023. godine odr\u017eano je sve\u010dano obilje\u017eavanje 32. obljetnice osnutka 108. brigade ZNG RH u Bukovlju, pokraj Slavonskog Broda.<\/p>\n\n\n\n<figure class=\"wp-block-gallery has-nested-images columns-default is-cropped wp-block-gallery-1 is-layout-flex wp-block-gallery-is-layout-flex\">\n<figure class=\"wp-block-image size-large\"><img loading=\"lazy\" decoding=\"async\" width=\"1024\" height=\"576\" data-id=\"2236\" src=\"https:\/\/udruga-106br.hr\/wp-content\/uploads\/2023\/06\/IMG-39030a997747f7d646f9ee18ce4f8a74-V-1024x576.jpg\" alt=\"\" class=\"wp-image-2236\" srcset=\"https:\/\/udruga-106br.hr\/wp-content\/uploads\/2023\/06\/IMG-39030a997747f7d646f9ee18ce4f8a74-V-1024x576.jpg 1024w, https:\/\/udruga-106br.hr\/wp-content\/uploads\/2023\/06\/IMG-39030a997747f7d646f9ee18ce4f8a74-V-300x169.jpg 300w, https:\/\/udruga-106br.hr\/wp-content\/uploads\/2023\/06\/IMG-39030a997747f7d646f9ee18ce4f8a74-V-768x432.jpg 768w, https:\/\/udruga-106br.hr\/wp-content\/uploads\/2023\/06\/IMG-39030a997747f7d646f9ee18ce4f8a74-V-1536x864.jpg 1536w, https:\/\/udruga-106br.hr\/wp-content\/uploads\/2023\/06\/IMG-39030a997747f7d646f9ee18ce4f8a74-V.jpg 1600w\" sizes=\"auto, (max-width: 1024px) 100vw, 1024px\" \/><\/figure>\n<\/figure>\n\n\n\n<p>Pored doma\u0107ina bili su i izaslanici Predsjednika RH, Ministra hrvatskih branitelja i Ministra obrane te delegacije Udruge 122. brigade iz \u0110akova te izaslanstvo Udruge 106. brigade ZNG RH.<\/p>\n\n\n\n<figure class=\"wp-block-gallery has-nested-images columns-default is-cropped wp-block-gallery-2 is-layout-flex wp-block-gallery-is-layout-flex\">\n<figure class=\"wp-block-image size-large\"><img loading=\"lazy\" decoding=\"async\" width=\"1024\" height=\"576\" data-id=\"2239\" src=\"https:\/\/udruga-106br.hr\/wp-content\/uploads\/2023\/06\/IMG-be2ccfb7acf3ea513bc33f54d834859d-V-1-1024x576.jpg\" alt=\"\" class=\"wp-image-2239\" srcset=\"https:\/\/udruga-106br.hr\/wp-content\/uploads\/2023\/06\/IMG-be2ccfb7acf3ea513bc33f54d834859d-V-1-1024x576.jpg 1024w, https:\/\/udruga-106br.hr\/wp-content\/uploads\/2023\/06\/IMG-be2ccfb7acf3ea513bc33f54d834859d-V-1-300x169.jpg 300w, https:\/\/udruga-106br.hr\/wp-content\/uploads\/2023\/06\/IMG-be2ccfb7acf3ea513bc33f54d834859d-V-1-768x432.jpg 768w, https:\/\/udruga-106br.hr\/wp-content\/uploads\/2023\/06\/IMG-be2ccfb7acf3ea513bc33f54d834859d-V-1-1536x864.jpg 1536w, https:\/\/udruga-106br.hr\/wp-content\/uploads\/2023\/06\/IMG-be2ccfb7acf3ea513bc33f54d834859d-V-1.jpg 1600w\" sizes=\"auto, (max-width: 1024px) 100vw, 1024px\" \/><\/figure>\n\n\n\n<figure class=\"wp-block-image size-large\"><img loading=\"lazy\" decoding=\"async\" width=\"1024\" height=\"461\" data-id=\"2240\" src=\"https:\/\/udruga-106br.hr\/wp-content\/uploads\/2023\/06\/IMG-c1fcda4cf98a0a9c29f66ebb0fac3a8d-V-1024x461.jpg\" alt=\"\" class=\"wp-image-2240\" srcset=\"https:\/\/udruga-106br.hr\/wp-content\/uploads\/2023\/06\/IMG-c1fcda4cf98a0a9c29f66ebb0fac3a8d-V-1024x461.jpg 1024w, https:\/\/udruga-106br.hr\/wp-content\/uploads\/2023\/06\/IMG-c1fcda4cf98a0a9c29f66ebb0fac3a8d-V-300x135.jpg 300w, https:\/\/udruga-106br.hr\/wp-content\/uploads\/2023\/06\/IMG-c1fcda4cf98a0a9c29f66ebb0fac3a8d-V-768x346.jpg 768w, https:\/\/udruga-106br.hr\/wp-content\/uploads\/2023\/06\/IMG-c1fcda4cf98a0a9c29f66ebb0fac3a8d-V-1536x692.jpg 1536w, https:\/\/udruga-106br.hr\/wp-content\/uploads\/2023\/06\/IMG-c1fcda4cf98a0a9c29f66ebb0fac3a8d-V.jpg 1600w\" sizes=\"auto, (max-width: 1024px) 100vw, 1024px\" \/><\/figure>\n\n\n\n<figure class=\"wp-block-image size-large\"><img loading=\"lazy\" decoding=\"async\" width=\"1024\" height=\"461\" data-id=\"2238\" src=\"https:\/\/udruga-106br.hr\/wp-content\/uploads\/2023\/06\/IMG-22851978b0f73973f303baf49437bc1c-V-1024x461.jpg\" alt=\"\" class=\"wp-image-2238\" srcset=\"https:\/\/udruga-106br.hr\/wp-content\/uploads\/2023\/06\/IMG-22851978b0f73973f303baf49437bc1c-V-1024x461.jpg 1024w, https:\/\/udruga-106br.hr\/wp-content\/uploads\/2023\/06\/IMG-22851978b0f73973f303baf49437bc1c-V-300x135.jpg 300w, https:\/\/udruga-106br.hr\/wp-content\/uploads\/2023\/06\/IMG-22851978b0f73973f303baf49437bc1c-V-768x346.jpg 768w, https:\/\/udruga-106br.hr\/wp-content\/uploads\/2023\/06\/IMG-22851978b0f73973f303baf49437bc1c-V-1536x692.jpg 1536w, https:\/\/udruga-106br.hr\/wp-content\/uploads\/2023\/06\/IMG-22851978b0f73973f303baf49437bc1c-V.jpg 1600w\" sizes=\"auto, (max-width: 1024px) 100vw, 1024px\" \/><\/figure>\n\n\n\n<figure class=\"wp-block-image size-large\"><img loading=\"lazy\" decoding=\"async\" width=\"1024\" height=\"461\" data-id=\"2241\" src=\"https:\/\/udruga-106br.hr\/wp-content\/uploads\/2023\/06\/IMG-b8124a1de8a24859cc7f0f835c78b813-V-1024x461.jpg\" alt=\"\" class=\"wp-image-2241\" srcset=\"https:\/\/udruga-106br.hr\/wp-content\/uploads\/2023\/06\/IMG-b8124a1de8a24859cc7f0f835c78b813-V-1024x461.jpg 1024w, https:\/\/udruga-106br.hr\/wp-content\/uploads\/2023\/06\/IMG-b8124a1de8a24859cc7f0f835c78b813-V-300x135.jpg 300w, https:\/\/udruga-106br.hr\/wp-content\/uploads\/2023\/06\/IMG-b8124a1de8a24859cc7f0f835c78b813-V-768x346.jpg 768w, https:\/\/udruga-106br.hr\/wp-content\/uploads\/2023\/06\/IMG-b8124a1de8a24859cc7f0f835c78b813-V-1536x692.jpg 1536w, https:\/\/udruga-106br.hr\/wp-content\/uploads\/2023\/06\/IMG-b8124a1de8a24859cc7f0f835c78b813-V.jpg 1600w\" sizes=\"auto, (max-width: 1024px) 100vw, 1024px\" \/><\/figure>\n<\/figure>\n<!-- AddThis Advanced Settings generic via filter on the_content --><!-- AddThis Share Buttons generic via filter on the_content -->","protected":false},"excerpt":{"rendered":"<p>24.6.2023. godine odr\u017eano je sve\u010dano obilje\u017eavanje 32. obljetnice osnutka 108. brigade ZNG RH u Bukovlju, pokraj Slavonskog Broda. Pored doma\u0107ina bili su i izaslanici Predsjednika RH, Ministra hrvatskih branitelja i Ministra obrane te delegacije Udruge 122. brigade iz \u0110akova te izaslanstvo Udruge 106. brigade ZNG RH.<!-- AddThis Advanced Settings generic via filter on get_the_excerpt --><!-- AddThis Share Buttons generic via filter on get_the_excerpt --><\/p>\n","protected":false},"author":1,"featured_media":0,"comment_status":"closed","ping_status":"closed","sticky":false,"template":"","format":"standard","meta":{"footnotes":""},"categories":[32],"tags":[],"class_list":["post-2235","post","type-post","status-publish","format-standard","hentry","category-iz-zivota-udruge"],"_links":{"self":[{"href":"https:\/\/udruga-106br.hr\/index.php\/wp-json\/wp\/v2\/posts\/2235","targetHints":{"allow":["GET"]}}],"collection":[{"href":"https:\/\/udruga-106br.hr\/index.php\/wp-json\/wp\/v2\/posts"}],"about":[{"href":"https:\/\/udruga-106br.hr\/index.php\/wp-json\/wp\/v2\/types\/post"}],"author":[{"embeddable":true,"href":"https:\/\/udruga-106br.hr\/index.php\/wp-json\/wp\/v2\/users\/1"}],"replies":[{"embeddable":true,"href":"https:\/\/udruga-106br.hr\/index.php\/wp-json\/wp\/v2\/comments?post=2235"}],"version-history":[{"count":2,"href":"https:\/\/udruga-106br.hr\/index.php\/wp-json\/wp\/v2\/posts\/2235\/revisions"}],"predecessor-version":[{"id":3437,"href":"https:\/\/udruga-106br.hr\/index.php\/wp-json\/wp\/v2\/posts\/2235\/revisions\/3437"}],"wp:attachment":[{"href":"https:\/\/udruga-106br.hr\/index.php\/wp-json\/wp\/v2\/media?parent=2235"}],"wp:term":[{"taxonomy":"category","embeddable":true,"href":"https:\/\/udruga-106br.hr\/index.php\/wp-json\/wp\/v2\/categories?post=2235"},{"taxonomy":"post_tag","embeddable":true,"href":"https:\/\/udruga-106br.hr\/index.php\/wp-json\/wp\/v2\/tags?post=2235"}],"curies":[{"name":"wp","href":"https:\/\/api.w.org\/{rel}","templated":true}]}}