{"id":2243,"date":"2023-06-26T04:53:11","date_gmt":"2023-06-26T02:53:11","guid":{"rendered":"https:\/\/udruga-106br.hr\/?p=2243"},"modified":"2025-10-17T21:53:25","modified_gmt":"2025-10-17T19:53:25","slug":"sv-misa-za-poginule-i-umrle-hrvatske-branitelje-i-civile-u-zupnoj-crkvi-sv-petra-i-pavla-u-osijeku-25-6-2023","status":"publish","type":"post","link":"https:\/\/udruga-106br.hr\/index.php\/sv-misa-za-poginule-i-umrle-hrvatske-branitelje-i-civile-u-zupnoj-crkvi-sv-petra-i-pavla-u-osijeku-25-6-2023\/","title":{"rendered":"Sv. misa za poginule i umrle hrvatske branitelje i civile u \u017eupnoj crkvi sv. Petra i Pavla u Osijeku, 25.6.2023."},"content":{"rendered":"\n<p>Dana 25.6.2023. godine odr\u017eana je Sv. misa za poginule i umrle hrvatske branitelje i civile u \u017eupnoj crkvi sv. Petra i Pavla u Osijeku.<\/p>\n\n\n\n<figure class=\"wp-block-gallery has-nested-images columns-default is-cropped wp-block-gallery-1 is-layout-flex wp-block-gallery-is-layout-flex\">\n<figure class=\"wp-block-image size-large\"><img loading=\"lazy\" decoding=\"async\" width=\"1024\" height=\"768\" data-id=\"2245\" src=\"https:\/\/udruga-106br.hr\/wp-content\/uploads\/2023\/06\/20230625_184515-1024x768.jpg\" alt=\"\" class=\"wp-image-2245\" srcset=\"https:\/\/udruga-106br.hr\/wp-content\/uploads\/2023\/06\/20230625_184515-1024x768.jpg 1024w, https:\/\/udruga-106br.hr\/wp-content\/uploads\/2023\/06\/20230625_184515-300x225.jpg 300w, https:\/\/udruga-106br.hr\/wp-content\/uploads\/2023\/06\/20230625_184515-768x576.jpg 768w, https:\/\/udruga-106br.hr\/wp-content\/uploads\/2023\/06\/20230625_184515-1536x1152.jpg 1536w, https:\/\/udruga-106br.hr\/wp-content\/uploads\/2023\/06\/20230625_184515-2048x1536.jpg 2048w\" sizes=\"auto, (max-width: 1024px) 100vw, 1024px\" \/><\/figure>\n\n\n\n<figure class=\"wp-block-image size-large\"><img loading=\"lazy\" decoding=\"async\" width=\"1024\" height=\"853\" data-id=\"2244\" src=\"https:\/\/udruga-106br.hr\/wp-content\/uploads\/2023\/06\/20230625_190256-1024x853.jpg\" alt=\"\" class=\"wp-image-2244\" srcset=\"https:\/\/udruga-106br.hr\/wp-content\/uploads\/2023\/06\/20230625_190256-1024x853.jpg 1024w, https:\/\/udruga-106br.hr\/wp-content\/uploads\/2023\/06\/20230625_190256-300x250.jpg 300w, https:\/\/udruga-106br.hr\/wp-content\/uploads\/2023\/06\/20230625_190256-768x640.jpg 768w, https:\/\/udruga-106br.hr\/wp-content\/uploads\/2023\/06\/20230625_190256-1536x1280.jpg 1536w, https:\/\/udruga-106br.hr\/wp-content\/uploads\/2023\/06\/20230625_190256-2048x1707.jpg 2048w\" sizes=\"auto, (max-width: 1024px) 100vw, 1024px\" \/><\/figure>\n<\/figure>\n\n\n\n<p>Ovim prisje\u0107anjem na poginule i umrle hrvatske branitelje i civile je zapo\u010delo obilje\u017eavanje Dana osje\u010dkih branitelja, Dan 106. brigade ZNG RH i hrvatskog dragovoljca OB\u017d. <\/p>\n\n\n\n<figure class=\"wp-block-image size-large\"><img loading=\"lazy\" decoding=\"async\" width=\"1024\" height=\"768\" src=\"https:\/\/udruga-106br.hr\/wp-content\/uploads\/2023\/06\/20230625_191846-1024x768.jpg\" alt=\"\" class=\"wp-image-2247\" srcset=\"https:\/\/udruga-106br.hr\/wp-content\/uploads\/2023\/06\/20230625_191846-1024x768.jpg 1024w, https:\/\/udruga-106br.hr\/wp-content\/uploads\/2023\/06\/20230625_191846-300x225.jpg 300w, https:\/\/udruga-106br.hr\/wp-content\/uploads\/2023\/06\/20230625_191846-768x576.jpg 768w, https:\/\/udruga-106br.hr\/wp-content\/uploads\/2023\/06\/20230625_191846-1536x1152.jpg 1536w, https:\/\/udruga-106br.hr\/wp-content\/uploads\/2023\/06\/20230625_191846-2048x1536.jpg 2048w\" sizes=\"auto, (max-width: 1024px) 100vw, 1024px\" \/><\/figure>\n\n\n\n<p>Isto se nastavlja danom 28.6.2023. godine okupljanjem na sredi\u0161njem trgu (Trg Ante Star\u010devi\u0107a u Osijeku) u 18:30h.<\/p>\n\n\n\n<p>U 19h zapo\u010dinje sve\u010dani mimohod prema Kapelici Kraljice mira.<br>19:45h polaganje vijenaca i molitva na Kapelici Kraljice mira za poginule i umrle hrvatske branitelje i civile.<br>21h Bakljada udruge Kohorta na Pje\u0161a\u010dkom mostu u Osijeku.<\/p>\n\n\n\n<p>Do\u0111ite i povedite svoje najmilije, obilje\u017eimo ovaj poseban dan sa \u0161tovanjem i pijetetom za sve poginule i umrle hrvatske branitelje i civile.<\/p>\n\n\n\n<figure class=\"wp-block-gallery has-nested-images columns-default is-cropped wp-block-gallery-2 is-layout-flex wp-block-gallery-is-layout-flex\">\n<figure class=\"wp-block-image size-large\"><img loading=\"lazy\" decoding=\"async\" width=\"1024\" height=\"731\" data-id=\"2246\" src=\"https:\/\/udruga-106br.hr\/wp-content\/uploads\/2023\/06\/IMG-35246c6104fdb074a1cdf770bab1305c-V.jpg\" alt=\"\" class=\"wp-image-2246\" srcset=\"https:\/\/udruga-106br.hr\/wp-content\/uploads\/2023\/06\/IMG-35246c6104fdb074a1cdf770bab1305c-V.jpg 1024w, https:\/\/udruga-106br.hr\/wp-content\/uploads\/2023\/06\/IMG-35246c6104fdb074a1cdf770bab1305c-V-300x214.jpg 300w, https:\/\/udruga-106br.hr\/wp-content\/uploads\/2023\/06\/IMG-35246c6104fdb074a1cdf770bab1305c-V-768x548.jpg 768w\" sizes=\"auto, (max-width: 1024px) 100vw, 1024px\" \/><\/figure>\n<\/figure>\n<!-- AddThis Advanced Settings generic via filter on the_content --><!-- AddThis Share Buttons generic via filter on the_content -->","protected":false},"excerpt":{"rendered":"<p>Dana 25.6.2023. godine odr\u017eana je Sv. misa za poginule i umrle hrvatske branitelje i civile u \u017eupnoj crkvi sv. Petra i Pavla u Osijeku. Ovim prisje\u0107anjem na poginule i umrle hrvatske branitelje i civile je zapo\u010delo obilje\u017eavanje Dana osje\u010dkih branitelja, Dan 106. brigade ZNG RH i hrvatskog dragovoljca OB\u017d. Isto se nastavlja danom 28.6.2023. godine &hellip; <a href=\"https:\/\/udruga-106br.hr\/index.php\/sv-misa-za-poginule-i-umrle-hrvatske-branitelje-i-civile-u-zupnoj-crkvi-sv-petra-i-pavla-u-osijeku-25-6-2023\/\" class=\"more-link\">Nastavi \u010ditati <span class=\"screen-reader-text\">Sv. misa za poginule i umrle hrvatske branitelje i civile u \u017eupnoj crkvi sv. Petra i Pavla u Osijeku, 25.6.2023.<\/span><\/a><!-- AddThis Advanced Settings generic via filter on get_the_excerpt --><!-- AddThis Share Buttons generic via filter on get_the_excerpt --><\/p>\n","protected":false},"author":1,"featured_media":0,"comment_status":"closed","ping_status":"closed","sticky":false,"template":"","format":"standard","meta":{"footnotes":""},"categories":[32],"tags":[],"class_list":["post-2243","post","type-post","status-publish","format-standard","hentry","category-iz-zivota-udruge"],"_links":{"self":[{"href":"https:\/\/udruga-106br.hr\/index.php\/wp-json\/wp\/v2\/posts\/2243","targetHints":{"allow":["GET"]}}],"collection":[{"href":"https:\/\/udruga-106br.hr\/index.php\/wp-json\/wp\/v2\/posts"}],"about":[{"href":"https:\/\/udruga-106br.hr\/index.php\/wp-json\/wp\/v2\/types\/post"}],"author":[{"embeddable":true,"href":"https:\/\/udruga-106br.hr\/index.php\/wp-json\/wp\/v2\/users\/1"}],"replies":[{"embeddable":true,"href":"https:\/\/udruga-106br.hr\/index.php\/wp-json\/wp\/v2\/comments?post=2243"}],"version-history":[{"count":1,"href":"https:\/\/udruga-106br.hr\/index.php\/wp-json\/wp\/v2\/posts\/2243\/revisions"}],"predecessor-version":[{"id":2248,"href":"https:\/\/udruga-106br.hr\/index.php\/wp-json\/wp\/v2\/posts\/2243\/revisions\/2248"}],"wp:attachment":[{"href":"https:\/\/udruga-106br.hr\/index.php\/wp-json\/wp\/v2\/media?parent=2243"}],"wp:term":[{"taxonomy":"category","embeddable":true,"href":"https:\/\/udruga-106br.hr\/index.php\/wp-json\/wp\/v2\/categories?post=2243"},{"taxonomy":"post_tag","embeddable":true,"href":"https:\/\/udruga-106br.hr\/index.php\/wp-json\/wp\/v2\/tags?post=2243"}],"curies":[{"name":"wp","href":"https:\/\/api.w.org\/{rel}","templated":true}]}}