{"id":2249,"date":"2023-06-29T08:47:44","date_gmt":"2023-06-29T06:47:44","guid":{"rendered":"https:\/\/udruga-106br.hr\/?p=2249"},"modified":"2025-10-17T21:53:25","modified_gmt":"2025-10-17T19:53:25","slug":"memorijalna-utrka-crveni-fico","status":"publish","type":"post","link":"https:\/\/udruga-106br.hr\/index.php\/memorijalna-utrka-crveni-fico\/","title":{"rendered":"Memorijalna utrka Crveni fi\u0107o"},"content":{"rendered":"\n<p>Dana 27.06.2023. (utorak), oko 20.00 sati odr\u017ean je do\u010dek sudionika Memorijalne utrke Crveni fi\u0107o na raskri\u017eju Vukovarske i Trpimirove ulice kod umjetni\u010dke instalacije Crveni fi\u0107o.<\/p>\n\n\n\n<p>Memorijalnom utrkom &#8216;Crveni fi\u0107o&#8217;, u utorak, 27. lipnja kod Spomen obilje\u017eja logora\u0161a u Nemetinu zapo\u010deo je sredi\u0161nji dio obilje\u017eavanja Dana osje\u010dkih branitelja, Dana osnutka 106. brigade ZNG RH i Dana hrvatskog dragovoljca OB\u017d-a.<br>Sudionici utrke su tr\u010dali dionicom dugom 9 kilometara.<\/p>\n\n\n\n<figure class=\"wp-block-image size-large\"><img loading=\"lazy\" decoding=\"async\" width=\"1024\" height=\"768\" src=\"https:\/\/udruga-106br.hr\/wp-content\/uploads\/2023\/06\/IMG-51745a9bd629f3df7d30f5ed26bcd019-V-1024x768.jpg\" alt=\"\" class=\"wp-image-2253\" srcset=\"https:\/\/udruga-106br.hr\/wp-content\/uploads\/2023\/06\/IMG-51745a9bd629f3df7d30f5ed26bcd019-V-1024x768.jpg 1024w, https:\/\/udruga-106br.hr\/wp-content\/uploads\/2023\/06\/IMG-51745a9bd629f3df7d30f5ed26bcd019-V-300x225.jpg 300w, https:\/\/udruga-106br.hr\/wp-content\/uploads\/2023\/06\/IMG-51745a9bd629f3df7d30f5ed26bcd019-V-768x576.jpg 768w, https:\/\/udruga-106br.hr\/wp-content\/uploads\/2023\/06\/IMG-51745a9bd629f3df7d30f5ed26bcd019-V-1536x1152.jpg 1536w, https:\/\/udruga-106br.hr\/wp-content\/uploads\/2023\/06\/IMG-51745a9bd629f3df7d30f5ed26bcd019-V.jpg 1600w\" sizes=\"auto, (max-width: 1024px) 100vw, 1024px\" \/><\/figure>\n\n\n\n<p><br>Crveni fi\u0107o jedan je od najve\u0107ih osje\u010dkih simbola otpora hrvatskog naroda srpskom agresoru u povijesti Domovinskog rata.<\/p>\n\n\n\n<figure class=\"wp-block-image size-large\"><img loading=\"lazy\" decoding=\"async\" width=\"1024\" height=\"768\" src=\"https:\/\/udruga-106br.hr\/wp-content\/uploads\/2023\/06\/IMG-27f85a880c87f0e2028869d95fdc4029-V-1024x768.jpg\" alt=\"\" class=\"wp-image-2254\" srcset=\"https:\/\/udruga-106br.hr\/wp-content\/uploads\/2023\/06\/IMG-27f85a880c87f0e2028869d95fdc4029-V-1024x768.jpg 1024w, https:\/\/udruga-106br.hr\/wp-content\/uploads\/2023\/06\/IMG-27f85a880c87f0e2028869d95fdc4029-V-300x225.jpg 300w, https:\/\/udruga-106br.hr\/wp-content\/uploads\/2023\/06\/IMG-27f85a880c87f0e2028869d95fdc4029-V-768x576.jpg 768w, https:\/\/udruga-106br.hr\/wp-content\/uploads\/2023\/06\/IMG-27f85a880c87f0e2028869d95fdc4029-V-1536x1152.jpg 1536w, https:\/\/udruga-106br.hr\/wp-content\/uploads\/2023\/06\/IMG-27f85a880c87f0e2028869d95fdc4029-V.jpg 1600w\" sizes=\"auto, (max-width: 1024px) 100vw, 1024px\" \/><\/figure>\n<!-- AddThis Advanced Settings generic via filter on the_content --><!-- AddThis Share Buttons generic via filter on the_content -->","protected":false},"excerpt":{"rendered":"<p>Dana 27.06.2023. (utorak), oko 20.00 sati odr\u017ean je do\u010dek sudionika Memorijalne utrke Crveni fi\u0107o na raskri\u017eju Vukovarske i Trpimirove ulice kod umjetni\u010dke instalacije Crveni fi\u0107o. Memorijalnom utrkom &#8216;Crveni fi\u0107o&#8217;, u utorak, 27. lipnja kod Spomen obilje\u017eja logora\u0161a u Nemetinu zapo\u010deo je sredi\u0161nji dio obilje\u017eavanja Dana osje\u010dkih branitelja, Dana osnutka 106. brigade ZNG RH i Dana &hellip; <a href=\"https:\/\/udruga-106br.hr\/index.php\/memorijalna-utrka-crveni-fico\/\" class=\"more-link\">Nastavi \u010ditati <span class=\"screen-reader-text\">Memorijalna utrka Crveni fi\u0107o<\/span><\/a><!-- AddThis Advanced Settings generic via filter on get_the_excerpt --><!-- AddThis Share Buttons generic via filter on get_the_excerpt --><\/p>\n","protected":false},"author":1,"featured_media":0,"comment_status":"closed","ping_status":"","sticky":false,"template":"","format":"standard","meta":{"footnotes":""},"categories":[32],"tags":[],"class_list":["post-2249","post","type-post","status-publish","format-standard","hentry","category-iz-zivota-udruge"],"_links":{"self":[{"href":"https:\/\/udruga-106br.hr\/index.php\/wp-json\/wp\/v2\/posts\/2249","targetHints":{"allow":["GET"]}}],"collection":[{"href":"https:\/\/udruga-106br.hr\/index.php\/wp-json\/wp\/v2\/posts"}],"about":[{"href":"https:\/\/udruga-106br.hr\/index.php\/wp-json\/wp\/v2\/types\/post"}],"author":[{"embeddable":true,"href":"https:\/\/udruga-106br.hr\/index.php\/wp-json\/wp\/v2\/users\/1"}],"replies":[{"embeddable":true,"href":"https:\/\/udruga-106br.hr\/index.php\/wp-json\/wp\/v2\/comments?post=2249"}],"version-history":[{"count":3,"href":"https:\/\/udruga-106br.hr\/index.php\/wp-json\/wp\/v2\/posts\/2249\/revisions"}],"predecessor-version":[{"id":2257,"href":"https:\/\/udruga-106br.hr\/index.php\/wp-json\/wp\/v2\/posts\/2249\/revisions\/2257"}],"wp:attachment":[{"href":"https:\/\/udruga-106br.hr\/index.php\/wp-json\/wp\/v2\/media?parent=2249"}],"wp:term":[{"taxonomy":"category","embeddable":true,"href":"https:\/\/udruga-106br.hr\/index.php\/wp-json\/wp\/v2\/categories?post=2249"},{"taxonomy":"post_tag","embeddable":true,"href":"https:\/\/udruga-106br.hr\/index.php\/wp-json\/wp\/v2\/tags?post=2249"}],"curies":[{"name":"wp","href":"https:\/\/api.w.org\/{rel}","templated":true}]}}