{"id":2266,"date":"2023-06-29T13:14:54","date_gmt":"2023-06-29T11:14:54","guid":{"rendered":"https:\/\/udruga-106br.hr\/?p=2266"},"modified":"2025-10-17T21:53:25","modified_gmt":"2025-10-17T19:53:25","slug":"velicanstveno-obiljezen-dan-osjeckih-branitelja-32-obljetnica-osnutka-106-brigade-zng-rh-i-dan-dragovoljca-obz-a","status":"publish","type":"post","link":"https:\/\/udruga-106br.hr\/index.php\/velicanstveno-obiljezen-dan-osjeckih-branitelja-32-obljetnica-osnutka-106-brigade-zng-rh-i-dan-dragovoljca-obz-a\/","title":{"rendered":"Veli\u010danstveno obilje\u017een Dan osje\u010dkih branitelja, 32. obljetnica osnutka 106. brigade\u00a0ZNG RH i Dan dragovoljca OB\u017d-a"},"content":{"rendered":"\n<p>Ju\u010der, dana 28.6.2023. godine veli\u010danstveno je obilje\u017een Dan osje\u010dkih branitelja, 32. obljetnica osnutka 106. brigade ZNG RH i Dan hrvatskog dragovoljca OB\u017d-a.<\/p>\n\n\n\n<figure class=\"wp-block-image size-large\"><img loading=\"lazy\" decoding=\"async\" width=\"1024\" height=\"768\" src=\"https:\/\/udruga-106br.hr\/wp-content\/uploads\/2023\/06\/20230628_185303-1024x768.jpg\" alt=\"\" class=\"wp-image-2267\" srcset=\"https:\/\/udruga-106br.hr\/wp-content\/uploads\/2023\/06\/20230628_185303-1024x768.jpg 1024w, https:\/\/udruga-106br.hr\/wp-content\/uploads\/2023\/06\/20230628_185303-300x225.jpg 300w, https:\/\/udruga-106br.hr\/wp-content\/uploads\/2023\/06\/20230628_185303-768x576.jpg 768w, https:\/\/udruga-106br.hr\/wp-content\/uploads\/2023\/06\/20230628_185303-1536x1152.jpg 1536w, https:\/\/udruga-106br.hr\/wp-content\/uploads\/2023\/06\/20230628_185303-2048x1536.jpg 2048w\" sizes=\"auto, (max-width: 1024px) 100vw, 1024px\" \/><\/figure>\n\n\n\n<p class=\"has-text-align-left\">Centralni doga\u0111aj bio je mimohod koji je okupio zastave svih ratnih postrojbi grada Osijeka i Osje\u010dko-baranjske \u017eupanije. Sve\u010dani mimohod je krenuo sa sredi\u0161njeg osje\u010dkog trga Ante Star\u010devi\u0107a, a zaustavio se kod Kapelice Majke Bo\u017eje Kraljice Mira. Na tom sve\u010danom mjestu, vijenci su polo\u017eeni i svije\u0107e upaljene kako bi se odala po\u010dast za 1730 osoba koje su izgubile svoje \u017eivote tijekom Domovinskog rata u Osijeku, uklju\u010duju\u0107i 1327 branitelja i 403 civila.<\/p>\n\n\n\n<figure class=\"wp-block-image size-large\"><img loading=\"lazy\" decoding=\"async\" width=\"1024\" height=\"768\" src=\"https:\/\/udruga-106br.hr\/wp-content\/uploads\/2023\/06\/20230628_184907-1024x768.jpg\" alt=\"\" class=\"wp-image-2268\" srcset=\"https:\/\/udruga-106br.hr\/wp-content\/uploads\/2023\/06\/20230628_184907-1024x768.jpg 1024w, https:\/\/udruga-106br.hr\/wp-content\/uploads\/2023\/06\/20230628_184907-300x225.jpg 300w, https:\/\/udruga-106br.hr\/wp-content\/uploads\/2023\/06\/20230628_184907-768x576.jpg 768w, https:\/\/udruga-106br.hr\/wp-content\/uploads\/2023\/06\/20230628_184907-1536x1152.jpg 1536w, https:\/\/udruga-106br.hr\/wp-content\/uploads\/2023\/06\/20230628_184907-2048x1536.jpg 2048w\" sizes=\"auto, (max-width: 1024px) 100vw, 1024px\" \/><\/figure>\n\n\n\n<figure class=\"wp-block-image size-large\"><img loading=\"lazy\" decoding=\"async\" width=\"1024\" height=\"768\" src=\"https:\/\/udruga-106br.hr\/wp-content\/uploads\/2023\/06\/20230628_185712-1024x768.jpg\" alt=\"\" class=\"wp-image-2269\" srcset=\"https:\/\/udruga-106br.hr\/wp-content\/uploads\/2023\/06\/20230628_185712-1024x768.jpg 1024w, https:\/\/udruga-106br.hr\/wp-content\/uploads\/2023\/06\/20230628_185712-300x225.jpg 300w, https:\/\/udruga-106br.hr\/wp-content\/uploads\/2023\/06\/20230628_185712-768x576.jpg 768w, https:\/\/udruga-106br.hr\/wp-content\/uploads\/2023\/06\/20230628_185712-1536x1152.jpg 1536w, https:\/\/udruga-106br.hr\/wp-content\/uploads\/2023\/06\/20230628_185712-2048x1536.jpg 2048w\" sizes=\"auto, (max-width: 1024px) 100vw, 1024px\" \/><\/figure>\n\n\n\n<p class=\"has-text-align-left\">Mimohodu su se pridru\u017eili ne samo osje\u010dki dragovoljci i branitelji, ve\u0107 i sve udruge koje su proiza\u0161le iz Domovinskog rata, pripadnici Hrvatske vojske i policije, vatrogasne postrojbe, u\u010denici osje\u010dkih srednjih \u0161kola te brojni drugi uzvanici i gra\u0111ani koji su odlu\u010dili pru\u017eiti podr\u0161ku i odati po\u010dast \u017ertvama Domovinskog rata, kao i duboku zahvalnost za njihovu hrabrost. Zna\u010dajno je za istaknuti da su se po prvi puta obilje\u017eavanju pridru\u017eili i pripadnici 122. \u0111akova\u010dke brigade i 106. ora\u0161ke brigade HVO-a \u010dime potvr\u0111ujemo svoj rad na \u0161irenju suradnje i prepoznavanju va\u017enosti zajedni\u010dke borbe za slobodu.<\/p>\n\n\n\n<figure class=\"wp-block-image size-large\"><img loading=\"lazy\" decoding=\"async\" width=\"1024\" height=\"768\" src=\"https:\/\/udruga-106br.hr\/wp-content\/uploads\/2023\/06\/20230628_192204-1024x768.jpg\" alt=\"\" class=\"wp-image-2270\" srcset=\"https:\/\/udruga-106br.hr\/wp-content\/uploads\/2023\/06\/20230628_192204-1024x768.jpg 1024w, https:\/\/udruga-106br.hr\/wp-content\/uploads\/2023\/06\/20230628_192204-300x225.jpg 300w, https:\/\/udruga-106br.hr\/wp-content\/uploads\/2023\/06\/20230628_192204-768x576.jpg 768w, https:\/\/udruga-106br.hr\/wp-content\/uploads\/2023\/06\/20230628_192204-1536x1152.jpg 1536w, https:\/\/udruga-106br.hr\/wp-content\/uploads\/2023\/06\/20230628_192204-2048x1536.jpg 2048w\" sizes=\"auto, (max-width: 1024px) 100vw, 1024px\" \/><\/figure>\n\n\n\n<p><\/p>\n\n\n\n<figure class=\"wp-block-image size-large\"><img loading=\"lazy\" decoding=\"async\" width=\"1024\" height=\"768\" src=\"https:\/\/udruga-106br.hr\/wp-content\/uploads\/2023\/06\/20230628_192554-1024x768.jpg\" alt=\"\" class=\"wp-image-2271\" srcset=\"https:\/\/udruga-106br.hr\/wp-content\/uploads\/2023\/06\/20230628_192554-1024x768.jpg 1024w, https:\/\/udruga-106br.hr\/wp-content\/uploads\/2023\/06\/20230628_192554-300x225.jpg 300w, https:\/\/udruga-106br.hr\/wp-content\/uploads\/2023\/06\/20230628_192554-768x576.jpg 768w, https:\/\/udruga-106br.hr\/wp-content\/uploads\/2023\/06\/20230628_192554-1536x1152.jpg 1536w, https:\/\/udruga-106br.hr\/wp-content\/uploads\/2023\/06\/20230628_192554-2048x1536.jpg 2048w\" sizes=\"auto, (max-width: 1024px) 100vw, 1024px\" \/><\/figure>\n\n\n\n<p><\/p>\n\n\n\n<figure class=\"wp-block-image size-large\"><img loading=\"lazy\" decoding=\"async\" width=\"1024\" height=\"768\" src=\"https:\/\/udruga-106br.hr\/wp-content\/uploads\/2023\/06\/20230628_195528-1024x768.jpg\" alt=\"\" class=\"wp-image-2276\" srcset=\"https:\/\/udruga-106br.hr\/wp-content\/uploads\/2023\/06\/20230628_195528-1024x768.jpg 1024w, https:\/\/udruga-106br.hr\/wp-content\/uploads\/2023\/06\/20230628_195528-300x225.jpg 300w, https:\/\/udruga-106br.hr\/wp-content\/uploads\/2023\/06\/20230628_195528-768x576.jpg 768w, https:\/\/udruga-106br.hr\/wp-content\/uploads\/2023\/06\/20230628_195528-1536x1152.jpg 1536w, https:\/\/udruga-106br.hr\/wp-content\/uploads\/2023\/06\/20230628_195528-2048x1536.jpg 2048w\" sizes=\"auto, (max-width: 1024px) 100vw, 1024px\" \/><\/figure>\n\n\n\n<p><\/p>\n\n\n\n<figure class=\"wp-block-image size-large\"><img loading=\"lazy\" decoding=\"async\" width=\"1024\" height=\"768\" src=\"https:\/\/udruga-106br.hr\/wp-content\/uploads\/2023\/06\/20230628_200042-1024x768.jpg\" alt=\"\" class=\"wp-image-2277\" srcset=\"https:\/\/udruga-106br.hr\/wp-content\/uploads\/2023\/06\/20230628_200042-1024x768.jpg 1024w, https:\/\/udruga-106br.hr\/wp-content\/uploads\/2023\/06\/20230628_200042-300x225.jpg 300w, https:\/\/udruga-106br.hr\/wp-content\/uploads\/2023\/06\/20230628_200042-768x576.jpg 768w, https:\/\/udruga-106br.hr\/wp-content\/uploads\/2023\/06\/20230628_200042-1536x1152.jpg 1536w, https:\/\/udruga-106br.hr\/wp-content\/uploads\/2023\/06\/20230628_200042-2048x1536.jpg 2048w\" sizes=\"auto, (max-width: 1024px) 100vw, 1024px\" \/><\/figure>\n\n\n\n<figure class=\"wp-block-image size-large\"><img loading=\"lazy\" decoding=\"async\" width=\"1024\" height=\"768\" src=\"https:\/\/udruga-106br.hr\/wp-content\/uploads\/2023\/06\/20230628_200745-1024x768.jpg\" alt=\"\" class=\"wp-image-2278\" srcset=\"https:\/\/udruga-106br.hr\/wp-content\/uploads\/2023\/06\/20230628_200745-1024x768.jpg 1024w, https:\/\/udruga-106br.hr\/wp-content\/uploads\/2023\/06\/20230628_200745-300x225.jpg 300w, https:\/\/udruga-106br.hr\/wp-content\/uploads\/2023\/06\/20230628_200745-768x576.jpg 768w, https:\/\/udruga-106br.hr\/wp-content\/uploads\/2023\/06\/20230628_200745-1536x1152.jpg 1536w, https:\/\/udruga-106br.hr\/wp-content\/uploads\/2023\/06\/20230628_200745-2048x1536.jpg 2048w\" sizes=\"auto, (max-width: 1024px) 100vw, 1024px\" \/><\/figure>\n\n\n\n<p><\/p>\n\n\n\n<figure class=\"wp-block-image size-large\"><img loading=\"lazy\" decoding=\"async\" width=\"1024\" height=\"768\" src=\"https:\/\/udruga-106br.hr\/wp-content\/uploads\/2023\/06\/20230628_200942-1-1024x768.jpg\" alt=\"\" class=\"wp-image-2279\" srcset=\"https:\/\/udruga-106br.hr\/wp-content\/uploads\/2023\/06\/20230628_200942-1-1024x768.jpg 1024w, https:\/\/udruga-106br.hr\/wp-content\/uploads\/2023\/06\/20230628_200942-1-300x225.jpg 300w, https:\/\/udruga-106br.hr\/wp-content\/uploads\/2023\/06\/20230628_200942-1-768x576.jpg 768w, https:\/\/udruga-106br.hr\/wp-content\/uploads\/2023\/06\/20230628_200942-1-1536x1152.jpg 1536w, https:\/\/udruga-106br.hr\/wp-content\/uploads\/2023\/06\/20230628_200942-1-2048x1536.jpg 2048w\" sizes=\"auto, (max-width: 1024px) 100vw, 1024px\" \/><\/figure>\n\n\n\n<figure class=\"wp-block-image size-large\"><img loading=\"lazy\" decoding=\"async\" width=\"1024\" height=\"768\" src=\"https:\/\/udruga-106br.hr\/wp-content\/uploads\/2023\/06\/20230628_201227-1024x768.jpg\" alt=\"\" class=\"wp-image-2280\" srcset=\"https:\/\/udruga-106br.hr\/wp-content\/uploads\/2023\/06\/20230628_201227-1024x768.jpg 1024w, https:\/\/udruga-106br.hr\/wp-content\/uploads\/2023\/06\/20230628_201227-300x225.jpg 300w, https:\/\/udruga-106br.hr\/wp-content\/uploads\/2023\/06\/20230628_201227-768x576.jpg 768w, https:\/\/udruga-106br.hr\/wp-content\/uploads\/2023\/06\/20230628_201227-1536x1152.jpg 1536w, https:\/\/udruga-106br.hr\/wp-content\/uploads\/2023\/06\/20230628_201227-2048x1536.jpg 2048w\" sizes=\"auto, (max-width: 1024px) 100vw, 1024px\" \/><\/figure>\n\n\n\n<p class=\"has-text-align-left\"><br>Ova sve\u010danost nije samo obilje\u017eavanje nama va\u017enog povijesnog trenutka, ve\u0107 je i izraz dubokog po\u0161tovanja prema hrabrosti i \u017ertvama koje su podnijeli branitelji i civili tijekom Domovinskog rata. Okupljanje razli\u010ditih postrojbi, udruga i institucija simbolizira jedinstvo i zajedni\u010dku posve\u0107enost o\u010duvanju sje\u0107anja na te doga\u0111aje.<\/p>\n\n\n\n<figure class=\"wp-block-image size-large\"><img loading=\"lazy\" decoding=\"async\" width=\"1024\" height=\"768\" src=\"https:\/\/udruga-106br.hr\/wp-content\/uploads\/2023\/06\/20230628_201904-1024x768.jpg\" alt=\"\" class=\"wp-image-2281\" srcset=\"https:\/\/udruga-106br.hr\/wp-content\/uploads\/2023\/06\/20230628_201904-1024x768.jpg 1024w, https:\/\/udruga-106br.hr\/wp-content\/uploads\/2023\/06\/20230628_201904-300x225.jpg 300w, https:\/\/udruga-106br.hr\/wp-content\/uploads\/2023\/06\/20230628_201904-768x576.jpg 768w, https:\/\/udruga-106br.hr\/wp-content\/uploads\/2023\/06\/20230628_201904-1536x1152.jpg 1536w, https:\/\/udruga-106br.hr\/wp-content\/uploads\/2023\/06\/20230628_201904-2048x1536.jpg 2048w\" sizes=\"auto, (max-width: 1024px) 100vw, 1024px\" \/><\/figure>\n\n\n\n<p class=\"has-text-align-left\">U skladu s obilje\u017eavanjem 32. obljetnice osnutka 106. Osje\u010dke brigade ZNG-a, u 21 sat pripadnici Kohorte u znak po\u0161tovanja prema ovoj va\u017enoj obljetnici, upalili su ukupno 32 baklje na Osje\u010dkom pje\u0161a\u010dkom mostu, \u010dime su stvorili sna\u017ean vizualni prikaz odavanja po\u010dasti.<\/p>\n\n\n\n<figure class=\"wp-block-image size-large\"><img loading=\"lazy\" decoding=\"async\" width=\"1024\" height=\"768\" src=\"https:\/\/udruga-106br.hr\/wp-content\/uploads\/2023\/06\/20230628_210120-1024x768.jpg\" alt=\"\" class=\"wp-image-2275\" srcset=\"https:\/\/udruga-106br.hr\/wp-content\/uploads\/2023\/06\/20230628_210120-1024x768.jpg 1024w, https:\/\/udruga-106br.hr\/wp-content\/uploads\/2023\/06\/20230628_210120-300x225.jpg 300w, https:\/\/udruga-106br.hr\/wp-content\/uploads\/2023\/06\/20230628_210120-768x576.jpg 768w, https:\/\/udruga-106br.hr\/wp-content\/uploads\/2023\/06\/20230628_210120-1536x1152.jpg 1536w, https:\/\/udruga-106br.hr\/wp-content\/uploads\/2023\/06\/20230628_210120-2048x1536.jpg 2048w\" sizes=\"auto, (max-width: 1024px) 100vw, 1024px\" \/><\/figure>\n\n\n\n<p class=\"has-text-align-left\">Ovakvo sve\u010dano obilje\u017eavanje sna\u017ean je podsjetnik na va\u017enost obrane slobode, zajedni\u0161tva i solidarnosti u te\u0161kim vremenima. <\/p>\n\n\n\n<figure class=\"wp-block-image size-large\"><img loading=\"lazy\" decoding=\"async\" width=\"1024\" height=\"768\" src=\"https:\/\/udruga-106br.hr\/wp-content\/uploads\/2023\/06\/20230628_202927-1024x768.jpg\" alt=\"\" class=\"wp-image-2272\" srcset=\"https:\/\/udruga-106br.hr\/wp-content\/uploads\/2023\/06\/20230628_202927-1024x768.jpg 1024w, https:\/\/udruga-106br.hr\/wp-content\/uploads\/2023\/06\/20230628_202927-300x225.jpg 300w, https:\/\/udruga-106br.hr\/wp-content\/uploads\/2023\/06\/20230628_202927-768x576.jpg 768w, https:\/\/udruga-106br.hr\/wp-content\/uploads\/2023\/06\/20230628_202927-1536x1152.jpg 1536w, https:\/\/udruga-106br.hr\/wp-content\/uploads\/2023\/06\/20230628_202927-2048x1536.jpg 2048w\" sizes=\"auto, (max-width: 1024px) 100vw, 1024px\" \/><\/figure>\n\n\n\n<p><\/p>\n\n\n\n<p class=\"has-text-align-center\"><strong>Hvala svima na sudjelovanju u obilje\u017eavanju ovog velikog dana za sve nas i \u0161to ova slika zajedni\u0161tva, ljubavi, podr\u0161ke i jedinstva odlazi u svijet kao inspiracija i primjer jedinstva koje trebamo njegovati u na\u0161em dru\u0161tvu.<\/strong><\/p>\n<!-- AddThis Advanced Settings generic via filter on the_content --><!-- AddThis Share Buttons generic via filter on the_content -->","protected":false},"excerpt":{"rendered":"<p>Ju\u010der, dana 28.6.2023. godine veli\u010danstveno je obilje\u017een Dan osje\u010dkih branitelja, 32. obljetnica osnutka 106. brigade ZNG RH i Dan hrvatskog dragovoljca OB\u017d-a. Centralni doga\u0111aj bio je mimohod koji je okupio zastave svih ratnih postrojbi grada Osijeka i Osje\u010dko-baranjske \u017eupanije. Sve\u010dani mimohod je krenuo sa sredi\u0161njeg osje\u010dkog trga Ante Star\u010devi\u0107a, a zaustavio se kod Kapelice Majke &hellip; <a href=\"https:\/\/udruga-106br.hr\/index.php\/velicanstveno-obiljezen-dan-osjeckih-branitelja-32-obljetnica-osnutka-106-brigade-zng-rh-i-dan-dragovoljca-obz-a\/\" class=\"more-link\">Nastavi \u010ditati <span class=\"screen-reader-text\">Veli\u010danstveno obilje\u017een Dan osje\u010dkih branitelja, 32. obljetnica osnutka 106. brigade\u00a0ZNG RH i Dan dragovoljca OB\u017d-a<\/span><\/a><!-- AddThis Advanced Settings generic via filter on get_the_excerpt --><!-- AddThis Share Buttons generic via filter on get_the_excerpt --><\/p>\n","protected":false},"author":1,"featured_media":0,"comment_status":"closed","ping_status":"closed","sticky":false,"template":"","format":"standard","meta":{"footnotes":""},"categories":[32],"tags":[],"class_list":["post-2266","post","type-post","status-publish","format-standard","hentry","category-iz-zivota-udruge"],"_links":{"self":[{"href":"https:\/\/udruga-106br.hr\/index.php\/wp-json\/wp\/v2\/posts\/2266","targetHints":{"allow":["GET"]}}],"collection":[{"href":"https:\/\/udruga-106br.hr\/index.php\/wp-json\/wp\/v2\/posts"}],"about":[{"href":"https:\/\/udruga-106br.hr\/index.php\/wp-json\/wp\/v2\/types\/post"}],"author":[{"embeddable":true,"href":"https:\/\/udruga-106br.hr\/index.php\/wp-json\/wp\/v2\/users\/1"}],"replies":[{"embeddable":true,"href":"https:\/\/udruga-106br.hr\/index.php\/wp-json\/wp\/v2\/comments?post=2266"}],"version-history":[{"count":2,"href":"https:\/\/udruga-106br.hr\/index.php\/wp-json\/wp\/v2\/posts\/2266\/revisions"}],"predecessor-version":[{"id":2283,"href":"https:\/\/udruga-106br.hr\/index.php\/wp-json\/wp\/v2\/posts\/2266\/revisions\/2283"}],"wp:attachment":[{"href":"https:\/\/udruga-106br.hr\/index.php\/wp-json\/wp\/v2\/media?parent=2266"}],"wp:term":[{"taxonomy":"category","embeddable":true,"href":"https:\/\/udruga-106br.hr\/index.php\/wp-json\/wp\/v2\/categories?post=2266"},{"taxonomy":"post_tag","embeddable":true,"href":"https:\/\/udruga-106br.hr\/index.php\/wp-json\/wp\/v2\/tags?post=2266"}],"curies":[{"name":"wp","href":"https:\/\/api.w.org\/{rel}","templated":true}]}}