{"id":2284,"date":"2023-07-05T11:55:30","date_gmt":"2023-07-05T09:55:30","guid":{"rendered":"https:\/\/udruga-106br.hr\/?p=2284"},"modified":"2025-10-17T21:53:25","modified_gmt":"2025-10-17T19:53:25","slug":"predsjednik-udruge-106-brigade-zng-rh-u-emisiji-veterani-mira","status":"publish","type":"post","link":"https:\/\/udruga-106br.hr\/index.php\/predsjednik-udruge-106-brigade-zng-rh-u-emisiji-veterani-mira\/","title":{"rendered":"Predsjednik Udruge 106. brigade ZNG RH u emisiji Veterani mira"},"content":{"rendered":"\n<p>1. srpnja 2023. godine, na Prvom programu HTV-a u emisiji Veterani mira od 12:25 h gostovao je na\u0161 predsjednik Udruge, Dubravko Panci\u0107.<\/p>\n\n\n\n<figure class=\"wp-block-image size-large\"><img loading=\"lazy\" decoding=\"async\" width=\"1024\" height=\"768\" src=\"https:\/\/udruga-106br.hr\/wp-content\/uploads\/2023\/07\/20230701_121614-1024x768.jpg\" alt=\"\" class=\"wp-image-2285\" srcset=\"https:\/\/udruga-106br.hr\/wp-content\/uploads\/2023\/07\/20230701_121614-1024x768.jpg 1024w, https:\/\/udruga-106br.hr\/wp-content\/uploads\/2023\/07\/20230701_121614-300x225.jpg 300w, https:\/\/udruga-106br.hr\/wp-content\/uploads\/2023\/07\/20230701_121614-768x576.jpg 768w, https:\/\/udruga-106br.hr\/wp-content\/uploads\/2023\/07\/20230701_121614-1536x1152.jpg 1536w, https:\/\/udruga-106br.hr\/wp-content\/uploads\/2023\/07\/20230701_121614-2048x1536.jpg 2048w\" sizes=\"auto, (max-width: 1024px) 100vw, 1024px\" \/><\/figure>\n\n\n\n<p>U emisiji se govorilo o obilje\u017eavanju dana hrvatskog dragovoljca Osje\u010dko-baranjske \u017eupanije, 32. obljetnici osnutka 106. brigade Zbora narodne garde (ZNG) RH te hrvatskog dragovoljca OB\u017d-a; o osnutku i povijesti 106. brigade ZNG RH; o radu udruge Udruge 106. brigade ZNG RH te projektima i aktivnostima koje se provode u sklopu iste.<\/p>\n\n\n\n<figure class=\"wp-block-image size-large\"><img loading=\"lazy\" decoding=\"async\" width=\"1024\" height=\"768\" src=\"https:\/\/udruga-106br.hr\/wp-content\/uploads\/2023\/07\/20230701_121552-1024x768.jpg\" alt=\"\" class=\"wp-image-2286\" srcset=\"https:\/\/udruga-106br.hr\/wp-content\/uploads\/2023\/07\/20230701_121552-1024x768.jpg 1024w, https:\/\/udruga-106br.hr\/wp-content\/uploads\/2023\/07\/20230701_121552-300x225.jpg 300w, https:\/\/udruga-106br.hr\/wp-content\/uploads\/2023\/07\/20230701_121552-768x576.jpg 768w, https:\/\/udruga-106br.hr\/wp-content\/uploads\/2023\/07\/20230701_121552-1536x1152.jpg 1536w, https:\/\/udruga-106br.hr\/wp-content\/uploads\/2023\/07\/20230701_121552-2048x1536.jpg 2048w\" sizes=\"auto, (max-width: 1024px) 100vw, 1024px\" \/><\/figure>\n\n\n\n<p>Zahvaljujemo se na pozivu u emisiju i pru\u017eenoj gostoljubivosti.<\/p>\n<!-- AddThis Advanced Settings generic via filter on the_content --><!-- AddThis Share Buttons generic via filter on the_content -->","protected":false},"excerpt":{"rendered":"<p>1. srpnja 2023. godine, na Prvom programu HTV-a u emisiji Veterani mira od 12:25 h gostovao je na\u0161 predsjednik Udruge, Dubravko Panci\u0107. U emisiji se govorilo o obilje\u017eavanju dana hrvatskog dragovoljca Osje\u010dko-baranjske \u017eupanije, 32. obljetnici osnutka 106. brigade Zbora narodne garde (ZNG) RH te hrvatskog dragovoljca OB\u017d-a; o osnutku i povijesti 106. brigade ZNG RH; &hellip; <a href=\"https:\/\/udruga-106br.hr\/index.php\/predsjednik-udruge-106-brigade-zng-rh-u-emisiji-veterani-mira\/\" class=\"more-link\">Nastavi \u010ditati <span class=\"screen-reader-text\">Predsjednik Udruge 106. brigade ZNG RH u emisiji Veterani mira<\/span><\/a><!-- AddThis Advanced Settings generic via filter on get_the_excerpt --><!-- AddThis Share Buttons generic via filter on get_the_excerpt --><\/p>\n","protected":false},"author":1,"featured_media":0,"comment_status":"closed","ping_status":"closed","sticky":false,"template":"","format":"standard","meta":{"footnotes":""},"categories":[32],"tags":[],"class_list":["post-2284","post","type-post","status-publish","format-standard","hentry","category-iz-zivota-udruge"],"_links":{"self":[{"href":"https:\/\/udruga-106br.hr\/index.php\/wp-json\/wp\/v2\/posts\/2284","targetHints":{"allow":["GET"]}}],"collection":[{"href":"https:\/\/udruga-106br.hr\/index.php\/wp-json\/wp\/v2\/posts"}],"about":[{"href":"https:\/\/udruga-106br.hr\/index.php\/wp-json\/wp\/v2\/types\/post"}],"author":[{"embeddable":true,"href":"https:\/\/udruga-106br.hr\/index.php\/wp-json\/wp\/v2\/users\/1"}],"replies":[{"embeddable":true,"href":"https:\/\/udruga-106br.hr\/index.php\/wp-json\/wp\/v2\/comments?post=2284"}],"version-history":[{"count":1,"href":"https:\/\/udruga-106br.hr\/index.php\/wp-json\/wp\/v2\/posts\/2284\/revisions"}],"predecessor-version":[{"id":2287,"href":"https:\/\/udruga-106br.hr\/index.php\/wp-json\/wp\/v2\/posts\/2284\/revisions\/2287"}],"wp:attachment":[{"href":"https:\/\/udruga-106br.hr\/index.php\/wp-json\/wp\/v2\/media?parent=2284"}],"wp:term":[{"taxonomy":"category","embeddable":true,"href":"https:\/\/udruga-106br.hr\/index.php\/wp-json\/wp\/v2\/categories?post=2284"},{"taxonomy":"post_tag","embeddable":true,"href":"https:\/\/udruga-106br.hr\/index.php\/wp-json\/wp\/v2\/tags?post=2284"}],"curies":[{"name":"wp","href":"https:\/\/api.w.org\/{rel}","templated":true}]}}