{"id":2292,"date":"2023-07-06T22:53:11","date_gmt":"2023-07-06T20:53:11","guid":{"rendered":"https:\/\/udruga-106br.hr\/?p=2292"},"modified":"2025-10-17T21:53:24","modified_gmt":"2025-10-17T19:53:24","slug":"obiljezavanje-dana-gradske-cetvrti-novi-grad","status":"publish","type":"post","link":"https:\/\/udruga-106br.hr\/index.php\/obiljezavanje-dana-gradske-cetvrti-novi-grad\/","title":{"rendered":"Obilje\u017eavanje Dana Gradske \u010detvrti Novi grad"},"content":{"rendered":"\n<p>Dana 5. srpnja 2023. godine u okviru obilje\u017eavanja Dana Gradske \u010detvrti Novi grad, organizirano je polaganje vijenaca i paljenje svije\u0107a u spomen na poginule branitelje i civile u Domovinskom ratu.<\/p>\n\n\n\n<figure class=\"wp-block-gallery has-nested-images columns-default is-cropped wp-block-gallery-1 is-layout-flex wp-block-gallery-is-layout-flex\">\n<figure class=\"wp-block-image size-large\"><img loading=\"lazy\" decoding=\"async\" width=\"768\" height=\"1024\" data-id=\"2296\" src=\"https:\/\/udruga-106br.hr\/wp-content\/uploads\/2023\/07\/IMG-31f3c1d6deaed5eb407d4dace4ffbaf7-V-768x1024.jpg\" alt=\"\" class=\"wp-image-2296\" srcset=\"https:\/\/udruga-106br.hr\/wp-content\/uploads\/2023\/07\/IMG-31f3c1d6deaed5eb407d4dace4ffbaf7-V-768x1024.jpg 768w, https:\/\/udruga-106br.hr\/wp-content\/uploads\/2023\/07\/IMG-31f3c1d6deaed5eb407d4dace4ffbaf7-V-225x300.jpg 225w, https:\/\/udruga-106br.hr\/wp-content\/uploads\/2023\/07\/IMG-31f3c1d6deaed5eb407d4dace4ffbaf7-V-1152x1536.jpg 1152w, https:\/\/udruga-106br.hr\/wp-content\/uploads\/2023\/07\/IMG-31f3c1d6deaed5eb407d4dace4ffbaf7-V.jpg 1200w\" sizes=\"auto, (max-width: 768px) 100vw, 768px\" \/><\/figure>\n\n\n\n<figure class=\"wp-block-image size-large\"><img loading=\"lazy\" decoding=\"async\" width=\"768\" height=\"1024\" data-id=\"2293\" src=\"https:\/\/udruga-106br.hr\/wp-content\/uploads\/2023\/07\/IMG-c82aa4addc9fd129a3f15d42f7b03bfd-V-768x1024.jpg\" alt=\"\" class=\"wp-image-2293\" srcset=\"https:\/\/udruga-106br.hr\/wp-content\/uploads\/2023\/07\/IMG-c82aa4addc9fd129a3f15d42f7b03bfd-V-768x1024.jpg 768w, https:\/\/udruga-106br.hr\/wp-content\/uploads\/2023\/07\/IMG-c82aa4addc9fd129a3f15d42f7b03bfd-V-225x300.jpg 225w, https:\/\/udruga-106br.hr\/wp-content\/uploads\/2023\/07\/IMG-c82aa4addc9fd129a3f15d42f7b03bfd-V-1152x1536.jpg 1152w, https:\/\/udruga-106br.hr\/wp-content\/uploads\/2023\/07\/IMG-c82aa4addc9fd129a3f15d42f7b03bfd-V.jpg 1200w\" sizes=\"auto, (max-width: 768px) 100vw, 768px\" \/><\/figure>\n\n\n\n<figure class=\"wp-block-image size-large\"><img loading=\"lazy\" decoding=\"async\" width=\"768\" height=\"1024\" data-id=\"2295\" src=\"https:\/\/udruga-106br.hr\/wp-content\/uploads\/2023\/07\/IMG-f468b9a08020e1e2b17627e93031c636-V-768x1024.jpg\" alt=\"\" class=\"wp-image-2295\" srcset=\"https:\/\/udruga-106br.hr\/wp-content\/uploads\/2023\/07\/IMG-f468b9a08020e1e2b17627e93031c636-V-768x1024.jpg 768w, https:\/\/udruga-106br.hr\/wp-content\/uploads\/2023\/07\/IMG-f468b9a08020e1e2b17627e93031c636-V-225x300.jpg 225w, https:\/\/udruga-106br.hr\/wp-content\/uploads\/2023\/07\/IMG-f468b9a08020e1e2b17627e93031c636-V-1152x1536.jpg 1152w, https:\/\/udruga-106br.hr\/wp-content\/uploads\/2023\/07\/IMG-f468b9a08020e1e2b17627e93031c636-V.jpg 1200w\" sizes=\"auto, (max-width: 768px) 100vw, 768px\" \/><\/figure>\n\n\n\n<figure class=\"wp-block-image size-large\"><img loading=\"lazy\" decoding=\"async\" width=\"1024\" height=\"768\" data-id=\"2294\" src=\"https:\/\/udruga-106br.hr\/wp-content\/uploads\/2023\/07\/IMG-e0a1e1cc888be53742f3008118544303-V-1024x768.jpg\" alt=\"\" class=\"wp-image-2294\" srcset=\"https:\/\/udruga-106br.hr\/wp-content\/uploads\/2023\/07\/IMG-e0a1e1cc888be53742f3008118544303-V-1024x768.jpg 1024w, https:\/\/udruga-106br.hr\/wp-content\/uploads\/2023\/07\/IMG-e0a1e1cc888be53742f3008118544303-V-300x225.jpg 300w, https:\/\/udruga-106br.hr\/wp-content\/uploads\/2023\/07\/IMG-e0a1e1cc888be53742f3008118544303-V-768x576.jpg 768w, https:\/\/udruga-106br.hr\/wp-content\/uploads\/2023\/07\/IMG-e0a1e1cc888be53742f3008118544303-V-1536x1152.jpg 1536w, https:\/\/udruga-106br.hr\/wp-content\/uploads\/2023\/07\/IMG-e0a1e1cc888be53742f3008118544303-V.jpg 1600w\" sizes=\"auto, (max-width: 1024px) 100vw, 1024px\" \/><\/figure>\n\n\n\n<figure class=\"wp-block-image size-large\"><img loading=\"lazy\" decoding=\"async\" width=\"768\" height=\"1024\" data-id=\"2297\" src=\"https:\/\/udruga-106br.hr\/wp-content\/uploads\/2023\/07\/IMG-7ef1f4ee735662053e924ab6f7dbae48-V-768x1024.jpg\" alt=\"\" class=\"wp-image-2297\" srcset=\"https:\/\/udruga-106br.hr\/wp-content\/uploads\/2023\/07\/IMG-7ef1f4ee735662053e924ab6f7dbae48-V-768x1024.jpg 768w, https:\/\/udruga-106br.hr\/wp-content\/uploads\/2023\/07\/IMG-7ef1f4ee735662053e924ab6f7dbae48-V-225x300.jpg 225w, https:\/\/udruga-106br.hr\/wp-content\/uploads\/2023\/07\/IMG-7ef1f4ee735662053e924ab6f7dbae48-V-1152x1536.jpg 1152w, https:\/\/udruga-106br.hr\/wp-content\/uploads\/2023\/07\/IMG-7ef1f4ee735662053e924ab6f7dbae48-V.jpg 1200w\" sizes=\"auto, (max-width: 768px) 100vw, 768px\" \/><\/figure>\n<\/figure>\n\n\n\n<p> Na Novogradskom groblju svije\u0107u je zapalila i Udruga 106. brigade ZNG RH koja aktivno sudjeluje u o\u010duvanju sje\u0107anja na sve  heroje Domovinskog rata, civile i branitelje te promicanju vrijednosti koje su branitelji utkali u stvaranje moderne Hrvatske.<\/p>\n\n\n\n<figure class=\"wp-block-image size-large\"><img loading=\"lazy\" decoding=\"async\" width=\"1024\" height=\"768\" src=\"https:\/\/udruga-106br.hr\/wp-content\/uploads\/2023\/07\/IMG-4a37eb7516e1d755dffbd45b5cb26e6a-V-1024x768.jpg\" alt=\"\" class=\"wp-image-2298\" srcset=\"https:\/\/udruga-106br.hr\/wp-content\/uploads\/2023\/07\/IMG-4a37eb7516e1d755dffbd45b5cb26e6a-V-1024x768.jpg 1024w, https:\/\/udruga-106br.hr\/wp-content\/uploads\/2023\/07\/IMG-4a37eb7516e1d755dffbd45b5cb26e6a-V-300x225.jpg 300w, https:\/\/udruga-106br.hr\/wp-content\/uploads\/2023\/07\/IMG-4a37eb7516e1d755dffbd45b5cb26e6a-V-768x576.jpg 768w, https:\/\/udruga-106br.hr\/wp-content\/uploads\/2023\/07\/IMG-4a37eb7516e1d755dffbd45b5cb26e6a-V-1536x1152.jpg 1536w, https:\/\/udruga-106br.hr\/wp-content\/uploads\/2023\/07\/IMG-4a37eb7516e1d755dffbd45b5cb26e6a-V.jpg 1600w\" sizes=\"auto, (max-width: 1024px) 100vw, 1024px\" \/><\/figure>\n\n\n\n<p><\/p>\n\n\n\n<p>Nakon polaganja vijenaca i paljenja svije\u0107a, uslijedila je Sv. misa povodom Dana G\u010c i crkvenog goda Sv. \u0106irila i Metoda u \u017dupi Sv. \u0106irila i Metoda.<\/p>\n\n\n\n<figure class=\"wp-block-image size-large\"><img loading=\"lazy\" decoding=\"async\" width=\"1024\" height=\"768\" src=\"https:\/\/udruga-106br.hr\/wp-content\/uploads\/2023\/07\/IMG-3648c05c3d260863f0812c5ffd6ae503-V-1024x768.jpg\" alt=\"\" class=\"wp-image-2299\" srcset=\"https:\/\/udruga-106br.hr\/wp-content\/uploads\/2023\/07\/IMG-3648c05c3d260863f0812c5ffd6ae503-V-1024x768.jpg 1024w, https:\/\/udruga-106br.hr\/wp-content\/uploads\/2023\/07\/IMG-3648c05c3d260863f0812c5ffd6ae503-V-300x225.jpg 300w, https:\/\/udruga-106br.hr\/wp-content\/uploads\/2023\/07\/IMG-3648c05c3d260863f0812c5ffd6ae503-V-768x576.jpg 768w, https:\/\/udruga-106br.hr\/wp-content\/uploads\/2023\/07\/IMG-3648c05c3d260863f0812c5ffd6ae503-V-1536x1152.jpg 1536w, https:\/\/udruga-106br.hr\/wp-content\/uploads\/2023\/07\/IMG-3648c05c3d260863f0812c5ffd6ae503-V.jpg 1600w\" sizes=\"auto, (max-width: 1024px) 100vw, 1024px\" \/><\/figure>\n<!-- AddThis Advanced Settings generic via filter on the_content --><!-- AddThis Share Buttons generic via filter on the_content -->","protected":false},"excerpt":{"rendered":"<p>Dana 5. srpnja 2023. godine u okviru obilje\u017eavanja Dana Gradske \u010detvrti Novi grad, organizirano je polaganje vijenaca i paljenje svije\u0107a u spomen na poginule branitelje i civile u Domovinskom ratu. Na Novogradskom groblju svije\u0107u je zapalila i Udruga 106. brigade ZNG RH koja aktivno sudjeluje u o\u010duvanju sje\u0107anja na sve heroje Domovinskog rata, civile i &hellip; <a href=\"https:\/\/udruga-106br.hr\/index.php\/obiljezavanje-dana-gradske-cetvrti-novi-grad\/\" class=\"more-link\">Nastavi \u010ditati <span class=\"screen-reader-text\">Obilje\u017eavanje Dana Gradske \u010detvrti Novi grad<\/span><\/a><!-- AddThis Advanced Settings generic via filter on get_the_excerpt --><!-- AddThis Share Buttons generic via filter on get_the_excerpt --><\/p>\n","protected":false},"author":1,"featured_media":0,"comment_status":"closed","ping_status":"closed","sticky":false,"template":"","format":"standard","meta":{"footnotes":""},"categories":[32],"tags":[],"class_list":["post-2292","post","type-post","status-publish","format-standard","hentry","category-iz-zivota-udruge"],"_links":{"self":[{"href":"https:\/\/udruga-106br.hr\/index.php\/wp-json\/wp\/v2\/posts\/2292","targetHints":{"allow":["GET"]}}],"collection":[{"href":"https:\/\/udruga-106br.hr\/index.php\/wp-json\/wp\/v2\/posts"}],"about":[{"href":"https:\/\/udruga-106br.hr\/index.php\/wp-json\/wp\/v2\/types\/post"}],"author":[{"embeddable":true,"href":"https:\/\/udruga-106br.hr\/index.php\/wp-json\/wp\/v2\/users\/1"}],"replies":[{"embeddable":true,"href":"https:\/\/udruga-106br.hr\/index.php\/wp-json\/wp\/v2\/comments?post=2292"}],"version-history":[{"count":1,"href":"https:\/\/udruga-106br.hr\/index.php\/wp-json\/wp\/v2\/posts\/2292\/revisions"}],"predecessor-version":[{"id":2300,"href":"https:\/\/udruga-106br.hr\/index.php\/wp-json\/wp\/v2\/posts\/2292\/revisions\/2300"}],"wp:attachment":[{"href":"https:\/\/udruga-106br.hr\/index.php\/wp-json\/wp\/v2\/media?parent=2292"}],"wp:term":[{"taxonomy":"category","embeddable":true,"href":"https:\/\/udruga-106br.hr\/index.php\/wp-json\/wp\/v2\/categories?post=2292"},{"taxonomy":"post_tag","embeddable":true,"href":"https:\/\/udruga-106br.hr\/index.php\/wp-json\/wp\/v2\/tags?post=2292"}],"curies":[{"name":"wp","href":"https:\/\/api.w.org\/{rel}","templated":true}]}}